{"id":14539,"date":"2021-09-27T10:18:32","date_gmt":"2021-09-27T08:18:32","guid":{"rendered":"https:\/\/mdkoswiecim.pl\/?p=14539"},"modified":"2021-09-27T14:17:34","modified_gmt":"2021-09-27T12:17:34","slug":"nieobecnosci-nauczycieli","status":"publish","type":"post","link":"https:\/\/mdkoswiecim.pl\/index.php\/2021\/09\/27\/nieobecnosci-nauczycieli\/","title":{"rendered":"NIEOBECNO\u015aCI NAUCZYCIELI!!!"},"content":{"rendered":"\n<p>Informujemy, \u017ce od 27 do 30 wrze\u015bnia 2021 r. zaj\u0119cia z pani\u0105 KAMIL\u0104 SIBIK i panem JANUSZEM MAJCHERKIEM zostaj\u0105 odwo\u0142ane.<\/p>\n\n\n\n<p>W poniedzia\u0142ek 27 wrze\u015bnia nie odb\u0119d\u0105 si\u0119 r\u00f3wnie\u017c zaj\u0119cia z pani\u0105 MA\u0141GORZAT\u0104 DOM\u017bA\u0141 oraz z pani\u0105 AGNIESZK\u0104 KOBIELUSZ.<\/p>\n","protected":false},"excerpt":{"rendered":"<p>Informujemy, \u017ce od 27 do 30 wrze\u015bnia 2021 r. zaj\u0119cia z pani\u0105 KAMIL\u0104 SIBIK i panem JANUSZEM MAJCHERKIEM zostaj\u0105 odwo\u0142ane. W poniedzia\u0142ek 27 wrze\u015bnia nie odb\u0119d\u0105 si\u0119 r\u00f3wnie\u017c zaj\u0119cia z pani\u0105 MA\u0141GORZAT\u0104 DOM\u017bA\u0141 oraz z pani\u0105 AGNIESZK\u0104 KOBIELUSZ.<\/p>\n","protected":false},"author":3,"featured_media":14540,"comment_status":"closed","ping_status":"open","sticky":false,"template":"","format":"standard","meta":{"footnotes":""},"categories":[108],"tags":[],"class_list":["post-14539","post","type-post","status-publish","format-standard","has-post-thumbnail","hentry","category-aktualnosci"],"yoast_head":"<!-- This site is optimized with the Yoast SEO plugin v16.1.1 - https:\/\/yoast.com\/wordpress\/plugins\/seo\/ -->\n<title>NIEOBECNO\u015aCI NAUCZYCIELI!!! - MDK<\/title>\n<link rel=\"canonical\" href=\"https:\/\/mdkoswiecim.pl\/index.php\/2021\/09\/27\/nieobecnosci-nauczycieli\/\" \/>\n<meta property=\"og:locale\" content=\"pl_PL\" \/>\n<meta property=\"og:type\" content=\"article\" \/>\n<meta property=\"og:title\" content=\"NIEOBECNO\u015aCI NAUCZYCIELI!!! - MDK\" \/>\n<meta property=\"og:description\" content=\"Informujemy, \u017ce od 27 do 30 wrze\u015bnia 2021 r. zaj\u0119cia z pani\u0105 KAMIL\u0104 SIBIK i panem JANUSZEM MAJCHERKIEM zostaj\u0105 odwo\u0142ane. W poniedzia\u0142ek 27 wrze\u015bnia nie odb\u0119d\u0105 si\u0119 r\u00f3wnie\u017c zaj\u0119cia z pani\u0105 MA\u0141GORZAT\u0104 DOM\u017bA\u0141 oraz z pani\u0105 AGNIESZK\u0104 KOBIELUSZ.\" \/>\n<meta property=\"og:url\" content=\"https:\/\/mdkoswiecim.pl\/index.php\/2021\/09\/27\/nieobecnosci-nauczycieli\/\" \/>\n<meta property=\"og:site_name\" content=\"MDK\" \/>\n<meta property=\"article:published_time\" content=\"2021-09-27T08:18:32+00:00\" \/>\n<meta property=\"article:modified_time\" content=\"2021-09-27T12:17:34+00:00\" \/>\n<meta property=\"og:image\" content=\"https:\/\/mdkoswiecim.pl\/wp-content\/uploads\/2021\/09\/important-2794684_1920.jpg\" \/>\n\t<meta property=\"og:image:width\" content=\"1920\" \/>\n\t<meta property=\"og:image:height\" content=\"904\" \/>\n<meta name=\"twitter:card\" content=\"summary_large_image\" \/>\n<meta name=\"twitter:label1\" content=\"Szacowany czas czytania\">\n\t<meta name=\"twitter:data1\" content=\"1 minuta\">\n<script type=\"application\/ld+json\" class=\"yoast-schema-graph\">{\"@context\":\"https:\/\/schema.org\",\"@graph\":[{\"@type\":\"WebSite\",\"@id\":\"https:\/\/mdkoswiecim.pl\/#website\",\"url\":\"https:\/\/mdkoswiecim.pl\/\",\"name\":\"MDK\",\"description\":\"M\\u0142odzie\\u017cowy Dom Kultury w O\\u015bwi\\u0119cimiu\",\"potentialAction\":[{\"@type\":\"SearchAction\",\"target\":\"https:\/\/mdkoswiecim.pl\/?s={search_term_string}\",\"query-input\":\"required name=search_term_string\"}],\"inLanguage\":\"pl-PL\"},{\"@type\":\"ImageObject\",\"@id\":\"https:\/\/mdkoswiecim.pl\/index.php\/2021\/09\/27\/nieobecnosci-nauczycieli\/#primaryimage\",\"inLanguage\":\"pl-PL\",\"url\":\"https:\/\/mdkoswiecim.pl\/wp-content\/uploads\/2021\/09\/important-2794684_1920.jpg\",\"contentUrl\":\"https:\/\/mdkoswiecim.pl\/wp-content\/uploads\/2021\/09\/important-2794684_1920.jpg\",\"width\":1920,\"height\":904},{\"@type\":\"WebPage\",\"@id\":\"https:\/\/mdkoswiecim.pl\/index.php\/2021\/09\/27\/nieobecnosci-nauczycieli\/#webpage\",\"url\":\"https:\/\/mdkoswiecim.pl\/index.php\/2021\/09\/27\/nieobecnosci-nauczycieli\/\",\"name\":\"NIEOBECNO\\u015aCI NAUCZYCIELI!!! - MDK\",\"isPartOf\":{\"@id\":\"https:\/\/mdkoswiecim.pl\/#website\"},\"primaryImageOfPage\":{\"@id\":\"https:\/\/mdkoswiecim.pl\/index.php\/2021\/09\/27\/nieobecnosci-nauczycieli\/#primaryimage\"},\"datePublished\":\"2021-09-27T08:18:32+00:00\",\"dateModified\":\"2021-09-27T12:17:34+00:00\",\"author\":{\"@id\":\"https:\/\/mdkoswiecim.pl\/#\/schema\/person\/d9c1081e4cfefcbccad7ec11fa250f7a\"},\"breadcrumb\":{\"@id\":\"https:\/\/mdkoswiecim.pl\/index.php\/2021\/09\/27\/nieobecnosci-nauczycieli\/#breadcrumb\"},\"inLanguage\":\"pl-PL\",\"potentialAction\":[{\"@type\":\"ReadAction\",\"target\":[\"https:\/\/mdkoswiecim.pl\/index.php\/2021\/09\/27\/nieobecnosci-nauczycieli\/\"]}]},{\"@type\":\"BreadcrumbList\",\"@id\":\"https:\/\/mdkoswiecim.pl\/index.php\/2021\/09\/27\/nieobecnosci-nauczycieli\/#breadcrumb\",\"itemListElement\":[{\"@type\":\"ListItem\",\"position\":1,\"item\":{\"@type\":\"WebPage\",\"@id\":\"https:\/\/mdkoswiecim.pl\/\",\"url\":\"https:\/\/mdkoswiecim.pl\/\",\"name\":\"Strona g\\u0142\\u00f3wna\"}},{\"@type\":\"ListItem\",\"position\":2,\"item\":{\"@type\":\"WebPage\",\"@id\":\"https:\/\/mdkoswiecim.pl\/index.php\/2021\/09\/27\/nieobecnosci-nauczycieli\/\",\"url\":\"https:\/\/mdkoswiecim.pl\/index.php\/2021\/09\/27\/nieobecnosci-nauczycieli\/\",\"name\":\"NIEOBECNO\\u015aCI NAUCZYCIELI!!!\"}}]},{\"@type\":\"Person\",\"@id\":\"https:\/\/mdkoswiecim.pl\/#\/schema\/person\/d9c1081e4cfefcbccad7ec11fa250f7a\",\"name\":\"alina.kwarciak\",\"image\":{\"@type\":\"ImageObject\",\"@id\":\"https:\/\/mdkoswiecim.pl\/#personlogo\",\"inLanguage\":\"pl-PL\",\"url\":\"https:\/\/secure.gravatar.com\/avatar\/cce8f640650bbd69c0efc0afd2dddb7945a94129b978796401e58cac1eb8b87b?s=96&d=mm&r=g\",\"contentUrl\":\"https:\/\/secure.gravatar.com\/avatar\/cce8f640650bbd69c0efc0afd2dddb7945a94129b978796401e58cac1eb8b87b?s=96&d=mm&r=g\",\"caption\":\"alina.kwarciak\"}}]}<\/script>\n<!-- \/ Yoast SEO plugin. -->","_links":{"self":[{"href":"https:\/\/mdkoswiecim.pl\/index.php\/wp-json\/wp\/v2\/posts\/14539","targetHints":{"allow":["GET"]}}],"collection":[{"href":"https:\/\/mdkoswiecim.pl\/index.php\/wp-json\/wp\/v2\/posts"}],"about":[{"href":"https:\/\/mdkoswiecim.pl\/index.php\/wp-json\/wp\/v2\/types\/post"}],"author":[{"embeddable":true,"href":"https:\/\/mdkoswiecim.pl\/index.php\/wp-json\/wp\/v2\/users\/3"}],"replies":[{"embeddable":true,"href":"https:\/\/mdkoswiecim.pl\/index.php\/wp-json\/wp\/v2\/comments?post=14539"}],"version-history":[{"count":3,"href":"https:\/\/mdkoswiecim.pl\/index.php\/wp-json\/wp\/v2\/posts\/14539\/revisions"}],"predecessor-version":[{"id":14548,"href":"https:\/\/mdkoswiecim.pl\/index.php\/wp-json\/wp\/v2\/posts\/14539\/revisions\/14548"}],"wp:featuredmedia":[{"embeddable":true,"href":"https:\/\/mdkoswiecim.pl\/index.php\/wp-json\/wp\/v2\/media\/14540"}],"wp:attachment":[{"href":"https:\/\/mdkoswiecim.pl\/index.php\/wp-json\/wp\/v2\/media?parent=14539"}],"wp:term":[{"taxonomy":"category","embeddable":true,"href":"https:\/\/mdkoswiecim.pl\/index.php\/wp-json\/wp\/v2\/categories?post=14539"},{"taxonomy":"post_tag","embeddable":true,"href":"https:\/\/mdkoswiecim.pl\/index.php\/wp-json\/wp\/v2\/tags?post=14539"}],"curies":[{"name":"wp","href":"https:\/\/api.w.org\/{rel}","templated":true}]}}