{"id":14526,"date":"2021-09-27T10:08:27","date_gmt":"2021-09-27T08:08:27","guid":{"rendered":"https:\/\/mdkoswiecim.pl\/?p=14526"},"modified":"2021-09-27T10:08:29","modified_gmt":"2021-09-27T08:08:29","slug":"eko-aktywni-wycieczka-w-gory-swietokrzyskie-powiatowego-zespolu-nr-4-w-oswiecimiu","status":"publish","type":"post","link":"https:\/\/mdkoswiecim.pl\/index.php\/2021\/09\/27\/eko-aktywni-wycieczka-w-gory-swietokrzyskie-powiatowego-zespolu-nr-4-w-oswiecimiu\/","title":{"rendered":"EKO-AKTYWNI &#8211; WYCIECZKA W G\u00d3RY \u015aWI\u0118TOKRZYSKIE POWIATOWEGO ZESPO\u0141U NR 4 W O\u015aWI\u0118CIMIU"},"content":{"rendered":"\n<p>OD CZEGO SI\u0118 ZACZ\u0118\u0141O?<\/p>\n\n\n\n<p>W dniu 14-15.09.2021r. odby\u0142a si\u0119 wycieczka do G\u00f3r \u015awi\u0119tokrzyskich w ramach projektu eko-aktywni, kt\u00f3ra zosta\u0142a dofinansowana przez Powiat O\u015bwi\u0119cimski. Zebrali\u015bmy si\u0119 o 7.45, a ca\u0142a procedura rozpocz\u0119cia wyjazdu przebieg\u0142a przebieg\u0142o szybko i sprawnie.<\/p>\n\n\n\n<p>Na miejscu\u2026.<br>W pierwszej kolejno\u015bci zwiedzili\u015bmy Jaskini\u0119 Raj. Cho\u0107 jaskinia jest niewielka, wyr\u00f3\u017cnia si\u0119 w\u015br\u00f3d jaski\u0144 bogat\u0105 i dobrze zachowan\u0105 szat\u0105 naciekow\u0105. G\u0142\u00f3wn\u0105 jej atrakcj\u0105 jest g\u0105szcz wyst\u0119puj\u0105cych tu bardzo licznie stalaktyt\u00f3w rurkowych zwanych \u201cmakaronami\u201d. <\/p>\n\n\n\n<p>Nazwa jaskini wzi\u0119\u0142a si\u0119 st\u0105d, \u017ce dawno temu, czterech uczni\u00f3w technikum w Krakowie postanowi\u0142o wybra\u0107 si\u0119 na wycieczk\u0119 i natrafili na pewn\u0105 jaskini\u0119. Weszli do niej i pierwsze co powiedzieli to &#8220;O raju&#8221;. St\u0105d te\u017c ta oto nazwa.<br>Jaskinia dzieli si\u0119 na sal\u0119 i korytarze, kt\u00f3re s\u0105 wype\u0142nione r\u00f3\u017cnymi stalaktytami, ska\u0142ami, maj\u0105cymi wiele r\u00f3\u017cnych kszta\u0142t\u00f3w.<br>Warto doda\u0107, \u017ce nie mog\u0142y\u015bmy fotografowa\u0107 jaskini od \u015brodka ze wzgl\u0119du na mikroklimat. <\/p>\n\n\n\n<p>Oczywi\u015bcie temperatura w jaskini nie nale\u017cy do za wysokich i w jaskini jest zaledwie 8\u00b0C. Po ca\u0142ej jaskini oprowadzali nas przewodnicy. Przed wej\u015bciem zobaczyli\u015bmy replik\u0119 jednej ze \u015bcian Jaskini Raj, a tak\u017ce ko\u015bci prehistorycznych zwierz\u0105t w tym nied\u017awiedzia, mamuta i wielu innych. Dla ruchu turystycznego jaskinia zosta\u0142a otwarta w 1972 roku. Ze wzgl\u0119du na bogat\u0105 szat\u0119 naciekow\u0105, walory naukowe oraz dydaktyczne obj\u0119ta zosta\u0142a ochron\u0105 jako rezerwat przyrody.<br><\/p>\n\n\n\n<p>CENTRUM NEANDERTALCZYKA<br>Tego samego dnia klasy turystyczne, podczas eko-turystycznej wycieczki wybra\u0142y si\u0119 do niezwykle interesuj\u0105cego miejsca, jakim jest Centrum Neandertalczyka. Pierwsze centrum neandertalczyka powsta\u0142o w 2013 roku w Ch\u0119cinach tu\u017c przy Jaskini Raj, dzi\u0119ki wsp\u00f3\u0142pracy ze Stowarzyszeniem Naukowym Archeolog\u00f3w Polskich Przy Pa\u0144stwowym Muzeum Archeologicznym w Warszawie. Z zewn\u0105trz budynek wydawa\u0142 si\u0119 niepozorny, by\u0142 niewielki i przypomnia\u0142 igloo\u2026 W \u015brodku znajduj\u0105 si\u0119 4 sale tematyczne, w kt\u00f3rych \u015bledzili\u015bmy ewolucj\u0119 cz\u0142owieka a\u017c od ma\u0142py cz\u0142ekokszta\u0142tnej do tera\u017aniejszej postaci. Widzieli\u015bmy,jak \u017cy\u0142 neandertalczyk, co jad\u0142 i co robi\u0142 w wolnym czasie. Dzi\u0119ki niezwykle realistycznej wystawie mogli\u015bmy dok\u0142adnie przyjrze\u0107 si\u0119 wygl\u0105dowi \u00f3wczesnych ludzi. \u017bycie w epoce lodowcowej nie by\u0142o \u0142atwe, ale neandertalczycy byli dobrze przystosowani do panuj\u0105cego zimnego klimatu i niebezpiecze\u0144stw. Drewno by\u0142o dla nich niezwykle cennym materia\u0142em, wi\u0119c do rozpalania ogniska s\u0142u\u017cy\u0142y im mi\u0119dzy innymi ko\u015bci zwierz\u0105t. Czym\u015b, co wywo\u0142a\u0142o w nas wiele emocji, by\u0142 ukazuj\u0105cy si\u0119 naszym oczom przeogromny mamut, nie mogli\u015bmy obej\u015b\u0107 si\u0119 bez zdj\u0119cia!<br>Mamut by\u0142 naturalnych rozmiar\u00f3w, liczy\u0142 sobie 3,5 metra wysoko\u015bci i ponad 6 metr\u00f3w d\u0142ugo\u015bci. Ukazany jest w scenie, w kt\u00f3rej dw\u00f3ch neandertalczyk\u00f3w pr\u00f3buje go pokona\u0107 i powali\u0107. R\u00f3wnie niezwyk\u0142\u0105 atrakcj\u0105 by\u0142a dla nas \u015bciana do robienia zdj\u0119\u0107, na kt\u00f3rych ma\u0142pa mia\u0142a nasz\u0105 twarz! Ca\u0142e centrum zaprojektowane jest w nowoczesny i przyjazny m\u0142odzie\u017cy<br>spos\u00f3b. Jest to rewelacyjny pomys\u0142 na przygod\u0119 dla szk\u00f3\u0142 oraz ca\u0142ej rodziny.<\/p>\n\n\n\n<p>Europejskie Centrum Edukacji Geologicznej<br>ECEG &#8211; jest to nowoczesny o\u015brodek naukowo-badawczy i centrum konferencyjne Uniwersytetu Warszawskiego. Malowniczo wpisany w krajobraz wn\u0119trza nieczynnego kamienio\u0142omu Korzecko w Ch\u0119cinach, w wojew\u00f3dztwie \u015bwi\u0119tokrzyskim &#8211; uznawanym za niepowtarzalny, wr\u0119cz wymarzony \u201epoligon\u201d badawczy dla geolog\u00f3w z kraju i ze<br>\u015bwiata.<\/p>\n\n\n\n<p>Po udanym spacerze po Kamienio\u0142omie rozpocz\u0119li\u015bmy nauk\u0119 o ska\u0142ach i minera\u0142ach z Ppnem Przemkiem, kt\u00f3ry dostarczy\u0142 nam nowej wiedzy w tym zakresie oraz nauczyli\u015bmy si\u0119 rozr\u00f3\u017cnia\u0107 r\u00f3\u017cnego rodzaju ska\u0142y czy minera\u0142y.<\/p>\n\n\n\n<p>Mieli\u015bmy okazj\u0119 r\u00f3wnie\u017c pomi\u0119dzy naszymi r\u00f3wie\u015bnikami rywalizowa\u0107, kt\u00f3ra grupa lepiej zna si\u0119 w takich tematach. Dowiedzieli\u015bmy si\u0119 mi\u0119dzy innymi o skali mohsa &#8211; czy wiedzieli\u015bcie \u017ce diament jest najtwardszym minera\u0142em oraz charakteryzuje si\u0119 tym, i\u017c jest odporny na zarysowania? Natomiast talk jest pierwszym minera\u0142em w kolejno\u015bci s\u0142abej odporno\u015bci ku zarysowaniom. My ju\u017c to wiemy! Ponadto, ciekaw\u0105 informacj\u0105 jest r\u00f3wnie\u017c to, \u017ce ska\u0142y dzielimy na 3 grupy : magmowe, osadowe i metamorficzne. <\/p>\n\n\n\n<p>Pan Przemek pokaza\u0142 nam r\u00f3wnie\u017c, jaka reakcja zachodzi pomi\u0119dzy kalcytem a kwasem solnym. Powoduje ona rozpuszczenie kryszta\u0142\u00f3w oraz ska\u0142 zbudowanych z tego materia\u0142u.<\/p>\n\n\n\n<p>Dzi\u0119ki dobremu nauczycielowi oraz integracji grupy do\u015bwiadczyli\u015bmy niezapomnianej przygody, kt\u00f3r\u0105 z mi\u0142a ch\u0119ci\u0105 by\u015bmy powt\u00f3rzyli<\/p>\n\n\n\n<p>Drugiego dnia po \u015bniadaniu w hotelu zacz\u0119li\u015bmy pakowa\u0107 nasze rzeczy i zbiera\u0107 si\u0119 w drog\u0119 powrotn\u0105 do naszej szko\u0142y, przy kt\u00f3rej mieli\u015bmy zako\u0144czy\u0107 nasz\u0105 wycieczk\u0119. Zanim to si\u0119 sta\u0142o zd\u0105\u017cyli\u015bmy zwiedzi\u0107 ciekawe atrakcje. Pierwsz\u0105 z nich by\u0142a katedra, w kt\u00f3rej mogli\u015bmy zobaczy\u0107 zdobienia i aran\u017cacj\u0119 wn\u0119trza \u015bwi\u0105tyni w stylu roma\u0144skim. Zaraz potem udali\u015bmy si\u0119 na g\u00f3r\u0119 \u0141ysic\u0119, licz\u0105c\u0105 sobie 612 n.m.p. i nale\u017c\u0105c\u0105 do ,,Korony g\u00f3r polskich&#8221;. Podziwiali\u015bmy pi\u0119kne lasy i drzewa iglaste otaczaj\u0105ce g\u00f3r\u0119 ze wszystkich stron. U\u015bwiadomili\u015bmy sobie, \u017ce wsp\u00f3lna walka z zanieczyszczeniem otaczaj\u0105cej nas przyrody i zmianami klimatycznymi to zadania, z kt\u00f3rymi musimy si\u0119 zmierzy\u0107 i powiedzie\u0107 definitywnie STOP degradacji \u015brodowiska naturalnego, aby\u015bmy nie zostali ostatnim pokoleniem na tej cudownej planecie mog\u0105cym zadziwia\u0107 i fascynowa\u0107 si\u0119 tworem, kt\u00f3rego dokona\u0142a najlepsza w swoim fachu architektka, kt\u00f3r\u0105 jest natura, lecz \u017ceby przysz\u0142e pokolenia mog\u0142y do\u015bwiadcza\u0107 tego co my. Po zrobieniu kilku wsp\u00f3lnych zdj\u0119\u0107 na szczycie zeszli\u015bmy do kapliczki polskiego pisarza Stefana \u017beromskiego obok kt\u00f3rej sta\u0142 r\u00f3wnie\u017c jego pomnik, nast\u0119pnie wr\u00f3cili\u015bmy do autokaru \u017ceby odpocz\u0105\u0107 przed nast\u0119pnymi atrakcjami.<\/p>\n\n\n\n<p>W dniu 15.09.2021 udali\u015bmy si\u0119 te\u017c do Muzeum Wsi Kieleckiej w Tokarni. By\u0142 to skansen, kt\u00f3ry mia\u0142 za zadanie odwzorowa\u0107 uk\u0142ad osadniczy wiosek dawnych Kielc i jego region\u00f3w. Muzeum by\u0142o podzielone na r\u00f3\u017cne sektory, na kt\u00f3rych zwiedzali\u015bmy m.in. domy, pomieszczenia gospodarcze oraz zagrod\u0119. Po parku swobodnie przemieszcza\u0142y si\u0119 zwierz\u0119ta, takie jak owce czy kozy. Uda\u0142o nam si\u0119 r\u00f3wnie\u017c zobaczy\u0107 kuce w stajni oraz pas\u0105ce si\u0119 krowy. Naszym g\u0142\u00f3wnym zadaniem na miejscu by\u0142a gra terenowa, kt\u00f3ra polega\u0142a na rozwi\u0105zywaniu rebus\u00f3w. Podczas rozwi\u0105zywania zagadek mogli\u015bmy podziwia\u0107 faun\u0119 i flor\u0119 parku.<\/p>\n\n\n\n<p>Dzi\u0119kujemy powiatowi o\u015bwi\u0119cimskiemu za dofinansowane takiego wyjazdu. Ka\u017cde miejsce, kt\u00f3re zwiedzili\u015bmy pokaza\u0142o nam jak wa\u017cn\u0105 role w naszym \u017cyciu odgrywa ekologia.<\/p>\n\n\n\n<p>Sprawozdanie przygotowa\u0142y: Weronika, Iza, Julka, Emilka orazKarolina uczennice klasy 3 o profilu turystycznym po gimnazjum, Julia Chucher, Kamila Dziwak, Kornelia Forma, Natalia Sikora, Kinga \u017bmuda, Nikola Dudziak, Paula Kryta, Gabriela Szostek, Julia Siwek, Kamil Kuku\u0142ka, \u0141ukasz Nowak, Mariana Lukaniuk<\/p>\n\n\n\n<figure class=\"wp-block-gallery columns-3 is-cropped wp-block-gallery-1 is-layout-flex wp-block-gallery-is-layout-flex\"><ul class=\"blocks-gallery-grid\"><li class=\"blocks-gallery-item\"><figure><img loading=\"lazy\" decoding=\"async\" width=\"1024\" height=\"768\" src=\"https:\/\/mdkoswiecim.pl\/wp-content\/uploads\/2021\/09\/image00022-1024x768.jpeg\" alt=\"\" data-id=\"14527\" data-full-url=\"https:\/\/mdkoswiecim.pl\/wp-content\/uploads\/2021\/09\/image00022-scaled.jpeg\" data-link=\"https:\/\/mdkoswiecim.pl\/?attachment_id=14527\" class=\"wp-image-14527\" srcset=\"https:\/\/mdkoswiecim.pl\/wp-content\/uploads\/2021\/09\/image00022-1024x768.jpeg 1024w, https:\/\/mdkoswiecim.pl\/wp-content\/uploads\/2021\/09\/image00022-300x225.jpeg 300w, https:\/\/mdkoswiecim.pl\/wp-content\/uploads\/2021\/09\/image00022-768x576.jpeg 768w, https:\/\/mdkoswiecim.pl\/wp-content\/uploads\/2021\/09\/image00022-1536x1152.jpeg 1536w, https:\/\/mdkoswiecim.pl\/wp-content\/uploads\/2021\/09\/image00022-2048x1536.jpeg 2048w\" sizes=\"auto, (max-width: 1024px) 100vw, 1024px\" \/><figcaption class=\"blocks-gallery-item__caption\">M\u0142odzie\u017c przy studni<\/figcaption><\/figure><\/li><li class=\"blocks-gallery-item\"><figure><img loading=\"lazy\" decoding=\"async\" width=\"768\" height=\"1024\" src=\"https:\/\/mdkoswiecim.pl\/wp-content\/uploads\/2021\/09\/image00023-768x1024.jpeg\" alt=\"\" data-id=\"14528\" data-full-url=\"https:\/\/mdkoswiecim.pl\/wp-content\/uploads\/2021\/09\/image00023-scaled.jpeg\" data-link=\"https:\/\/mdkoswiecim.pl\/?attachment_id=14528\" class=\"wp-image-14528\" srcset=\"https:\/\/mdkoswiecim.pl\/wp-content\/uploads\/2021\/09\/image00023-768x1024.jpeg 768w, https:\/\/mdkoswiecim.pl\/wp-content\/uploads\/2021\/09\/image00023-225x300.jpeg 225w, https:\/\/mdkoswiecim.pl\/wp-content\/uploads\/2021\/09\/image00023-1152x1536.jpeg 1152w, https:\/\/mdkoswiecim.pl\/wp-content\/uploads\/2021\/09\/image00023-1536x2048.jpeg 1536w, https:\/\/mdkoswiecim.pl\/wp-content\/uploads\/2021\/09\/image00023-scaled.jpeg 1920w\" sizes=\"auto, (max-width: 768px) 100vw, 768px\" \/><figcaption class=\"blocks-gallery-item__caption\">M\u0142odzie\u017c przed wej\u015bciem do \u015awi\u0119tokrzyskiego parku Narodowego<\/figcaption><\/figure><\/li><li class=\"blocks-gallery-item\"><figure><img loading=\"lazy\" decoding=\"async\" width=\"768\" height=\"1024\" src=\"https:\/\/mdkoswiecim.pl\/wp-content\/uploads\/2021\/09\/image00027-768x1024.jpeg\" alt=\"\" data-id=\"14529\" data-full-url=\"https:\/\/mdkoswiecim.pl\/wp-content\/uploads\/2021\/09\/image00027-scaled.jpeg\" data-link=\"https:\/\/mdkoswiecim.pl\/?attachment_id=14529\" class=\"wp-image-14529\" srcset=\"https:\/\/mdkoswiecim.pl\/wp-content\/uploads\/2021\/09\/image00027-768x1024.jpeg 768w, https:\/\/mdkoswiecim.pl\/wp-content\/uploads\/2021\/09\/image00027-225x300.jpeg 225w, https:\/\/mdkoswiecim.pl\/wp-content\/uploads\/2021\/09\/image00027-1152x1536.jpeg 1152w, https:\/\/mdkoswiecim.pl\/wp-content\/uploads\/2021\/09\/image00027-1536x2048.jpeg 1536w, https:\/\/mdkoswiecim.pl\/wp-content\/uploads\/2021\/09\/image00027-scaled.jpeg 1920w\" sizes=\"auto, (max-width: 768px) 100vw, 768px\" \/><figcaption class=\"blocks-gallery-item__caption\"> M\u0142odzie\u017c w rezerwacie przyrody<\/figcaption><\/figure><\/li><li class=\"blocks-gallery-item\"><figure><img loading=\"lazy\" decoding=\"async\" width=\"768\" height=\"1024\" src=\"https:\/\/mdkoswiecim.pl\/wp-content\/uploads\/2021\/09\/image00029-768x1024.jpeg\" alt=\"\" data-id=\"14531\" data-full-url=\"https:\/\/mdkoswiecim.pl\/wp-content\/uploads\/2021\/09\/image00029-scaled.jpeg\" data-link=\"https:\/\/mdkoswiecim.pl\/?attachment_id=14531\" class=\"wp-image-14531\" srcset=\"https:\/\/mdkoswiecim.pl\/wp-content\/uploads\/2021\/09\/image00029-768x1024.jpeg 768w, https:\/\/mdkoswiecim.pl\/wp-content\/uploads\/2021\/09\/image00029-225x300.jpeg 225w, https:\/\/mdkoswiecim.pl\/wp-content\/uploads\/2021\/09\/image00029-1152x1536.jpeg 1152w, https:\/\/mdkoswiecim.pl\/wp-content\/uploads\/2021\/09\/image00029-1536x2048.jpeg 1536w, https:\/\/mdkoswiecim.pl\/wp-content\/uploads\/2021\/09\/image00029-scaled.jpeg 1920w\" sizes=\"auto, (max-width: 768px) 100vw, 768px\" \/><figcaption class=\"blocks-gallery-item__caption\">M\u0142odzie\u017c w Centrum Neandertalczyka<\/figcaption><\/figure><\/li><li class=\"blocks-gallery-item\"><figure><img loading=\"lazy\" decoding=\"async\" width=\"768\" height=\"1024\" src=\"https:\/\/mdkoswiecim.pl\/wp-content\/uploads\/2021\/09\/image00030-768x1024.jpeg\" alt=\"\" data-id=\"14532\" data-full-url=\"https:\/\/mdkoswiecim.pl\/wp-content\/uploads\/2021\/09\/image00030-scaled.jpeg\" data-link=\"https:\/\/mdkoswiecim.pl\/?attachment_id=14532\" class=\"wp-image-14532\" srcset=\"https:\/\/mdkoswiecim.pl\/wp-content\/uploads\/2021\/09\/image00030-768x1024.jpeg 768w, https:\/\/mdkoswiecim.pl\/wp-content\/uploads\/2021\/09\/image00030-225x300.jpeg 225w, https:\/\/mdkoswiecim.pl\/wp-content\/uploads\/2021\/09\/image00030-1152x1536.jpeg 1152w, https:\/\/mdkoswiecim.pl\/wp-content\/uploads\/2021\/09\/image00030-1536x2048.jpeg 1536w, https:\/\/mdkoswiecim.pl\/wp-content\/uploads\/2021\/09\/image00030-scaled.jpeg 1920w\" sizes=\"auto, (max-width: 768px) 100vw, 768px\" \/><figcaption class=\"blocks-gallery-item__caption\"> M\u0142odzie\u017c w Centrum Neandertalczyka <\/figcaption><\/figure><\/li><li class=\"blocks-gallery-item\"><figure><img loading=\"lazy\" decoding=\"async\" width=\"576\" height=\"1024\" src=\"https:\/\/mdkoswiecim.pl\/wp-content\/uploads\/2021\/09\/IMG_20210915_140119-576x1024.jpg\" alt=\"\" data-id=\"14533\" data-full-url=\"https:\/\/mdkoswiecim.pl\/wp-content\/uploads\/2021\/09\/IMG_20210915_140119-scaled.jpg\" data-link=\"https:\/\/mdkoswiecim.pl\/?attachment_id=14533\" class=\"wp-image-14533\" srcset=\"https:\/\/mdkoswiecim.pl\/wp-content\/uploads\/2021\/09\/IMG_20210915_140119-576x1024.jpg 576w, https:\/\/mdkoswiecim.pl\/wp-content\/uploads\/2021\/09\/IMG_20210915_140119-169x300.jpg 169w, https:\/\/mdkoswiecim.pl\/wp-content\/uploads\/2021\/09\/IMG_20210915_140119-768x1366.jpg 768w, https:\/\/mdkoswiecim.pl\/wp-content\/uploads\/2021\/09\/IMG_20210915_140119-864x1536.jpg 864w, https:\/\/mdkoswiecim.pl\/wp-content\/uploads\/2021\/09\/IMG_20210915_140119-1152x2048.jpg 1152w, https:\/\/mdkoswiecim.pl\/wp-content\/uploads\/2021\/09\/IMG_20210915_140119-scaled.jpg 1439w\" sizes=\"auto, (max-width: 576px) 100vw, 576px\" \/><figcaption class=\"blocks-gallery-item__caption\">Tablica &#8211; Muzeum Wsi Kieleckiej<\/figcaption><\/figure><\/li><li class=\"blocks-gallery-item\"><figure><img loading=\"lazy\" decoding=\"async\" width=\"576\" height=\"1024\" src=\"https:\/\/mdkoswiecim.pl\/wp-content\/uploads\/2021\/09\/IMG_20210915_150959-576x1024.jpg\" alt=\"\" data-id=\"14534\" data-full-url=\"https:\/\/mdkoswiecim.pl\/wp-content\/uploads\/2021\/09\/IMG_20210915_150959-scaled.jpg\" data-link=\"https:\/\/mdkoswiecim.pl\/?attachment_id=14534\" class=\"wp-image-14534\" srcset=\"https:\/\/mdkoswiecim.pl\/wp-content\/uploads\/2021\/09\/IMG_20210915_150959-576x1024.jpg 576w, https:\/\/mdkoswiecim.pl\/wp-content\/uploads\/2021\/09\/IMG_20210915_150959-169x300.jpg 169w, https:\/\/mdkoswiecim.pl\/wp-content\/uploads\/2021\/09\/IMG_20210915_150959-768x1366.jpg 768w, https:\/\/mdkoswiecim.pl\/wp-content\/uploads\/2021\/09\/IMG_20210915_150959-864x1536.jpg 864w, https:\/\/mdkoswiecim.pl\/wp-content\/uploads\/2021\/09\/IMG_20210915_150959-1152x2048.jpg 1152w, https:\/\/mdkoswiecim.pl\/wp-content\/uploads\/2021\/09\/IMG_20210915_150959-scaled.jpg 1439w\" sizes=\"auto, (max-width: 576px) 100vw, 576px\" \/><figcaption class=\"blocks-gallery-item__caption\">Garnki na p\u0142ocie<\/figcaption><\/figure><\/li><li class=\"blocks-gallery-item\"><figure><img loading=\"lazy\" decoding=\"async\" width=\"533\" height=\"1024\" src=\"https:\/\/mdkoswiecim.pl\/wp-content\/uploads\/2021\/09\/IMG_20210926_184416-533x1024.jpg\" alt=\"\" data-id=\"14535\" data-full-url=\"https:\/\/mdkoswiecim.pl\/wp-content\/uploads\/2021\/09\/IMG_20210926_184416-scaled.jpg\" data-link=\"https:\/\/mdkoswiecim.pl\/?attachment_id=14535\" class=\"wp-image-14535\" srcset=\"https:\/\/mdkoswiecim.pl\/wp-content\/uploads\/2021\/09\/IMG_20210926_184416-533x1024.jpg 533w, https:\/\/mdkoswiecim.pl\/wp-content\/uploads\/2021\/09\/IMG_20210926_184416-156x300.jpg 156w, https:\/\/mdkoswiecim.pl\/wp-content\/uploads\/2021\/09\/IMG_20210926_184416-768x1476.jpg 768w, https:\/\/mdkoswiecim.pl\/wp-content\/uploads\/2021\/09\/IMG_20210926_184416-799x1536.jpg 799w, https:\/\/mdkoswiecim.pl\/wp-content\/uploads\/2021\/09\/IMG_20210926_184416-1066x2048.jpg 1066w, https:\/\/mdkoswiecim.pl\/wp-content\/uploads\/2021\/09\/IMG_20210926_184416-scaled.jpg 1332w\" sizes=\"auto, (max-width: 533px) 100vw, 533px\" \/><figcaption class=\"blocks-gallery-item__caption\">Wiatrak<\/figcaption><\/figure><\/li><li class=\"blocks-gallery-item\"><figure><img loading=\"lazy\" decoding=\"async\" width=\"576\" height=\"1024\" src=\"https:\/\/mdkoswiecim.pl\/wp-content\/uploads\/2021\/09\/IMG_20210926_184457-576x1024.jpg\" alt=\"\" data-id=\"14536\" data-full-url=\"https:\/\/mdkoswiecim.pl\/wp-content\/uploads\/2021\/09\/IMG_20210926_184457-scaled.jpg\" data-link=\"https:\/\/mdkoswiecim.pl\/?attachment_id=14536\" class=\"wp-image-14536\" srcset=\"https:\/\/mdkoswiecim.pl\/wp-content\/uploads\/2021\/09\/IMG_20210926_184457-576x1024.jpg 576w, https:\/\/mdkoswiecim.pl\/wp-content\/uploads\/2021\/09\/IMG_20210926_184457-169x300.jpg 169w, https:\/\/mdkoswiecim.pl\/wp-content\/uploads\/2021\/09\/IMG_20210926_184457-768x1366.jpg 768w, https:\/\/mdkoswiecim.pl\/wp-content\/uploads\/2021\/09\/IMG_20210926_184457-864x1536.jpg 864w, https:\/\/mdkoswiecim.pl\/wp-content\/uploads\/2021\/09\/IMG_20210926_184457-1152x2048.jpg 1152w, https:\/\/mdkoswiecim.pl\/wp-content\/uploads\/2021\/09\/IMG_20210926_184457-scaled.jpg 1439w\" sizes=\"auto, (max-width: 576px) 100vw, 576px\" \/><figcaption class=\"blocks-gallery-item__caption\">Stare chaty<\/figcaption><\/figure><\/li><li class=\"blocks-gallery-item\"><figure><img loading=\"lazy\" decoding=\"async\" width=\"576\" height=\"1024\" src=\"https:\/\/mdkoswiecim.pl\/wp-content\/uploads\/2021\/09\/IMG_20210926_184528-576x1024.jpg\" alt=\"\" data-id=\"14537\" data-full-url=\"https:\/\/mdkoswiecim.pl\/wp-content\/uploads\/2021\/09\/IMG_20210926_184528-scaled.jpg\" data-link=\"https:\/\/mdkoswiecim.pl\/?attachment_id=14537\" class=\"wp-image-14537\" srcset=\"https:\/\/mdkoswiecim.pl\/wp-content\/uploads\/2021\/09\/IMG_20210926_184528-576x1024.jpg 576w, https:\/\/mdkoswiecim.pl\/wp-content\/uploads\/2021\/09\/IMG_20210926_184528-169x300.jpg 169w, https:\/\/mdkoswiecim.pl\/wp-content\/uploads\/2021\/09\/IMG_20210926_184528-768x1366.jpg 768w, https:\/\/mdkoswiecim.pl\/wp-content\/uploads\/2021\/09\/IMG_20210926_184528-864x1536.jpg 864w, https:\/\/mdkoswiecim.pl\/wp-content\/uploads\/2021\/09\/IMG_20210926_184528-1152x2048.jpg 1152w, https:\/\/mdkoswiecim.pl\/wp-content\/uploads\/2021\/09\/IMG_20210926_184528-scaled.jpg 1439w\" sizes=\"auto, (max-width: 576px) 100vw, 576px\" \/><figcaption class=\"blocks-gallery-item__caption\">Motyl na kwiatku<\/figcaption><\/figure><\/li><\/ul><\/figure>\n","protected":false},"excerpt":{"rendered":"<p>OD CZEGO SI\u0118 ZACZ\u0118\u0141O? W dniu 14-15.09.2021r. odby\u0142a si\u0119 wycieczka do G\u00f3r \u015awi\u0119tokrzyskich w ramach projektu eko-aktywni, kt\u00f3ra zosta\u0142a dofinansowana przez Powiat O\u015bwi\u0119cimski. Zebrali\u015bmy si\u0119 o 7.45, a ca\u0142a procedura rozpocz\u0119cia wyjazdu przebieg\u0142a przebieg\u0142o szybko i sprawnie. Na miejscu\u2026.W pierwszej kolejno\u015bci zwiedzili\u015bmy Jaskini\u0119 Raj. Cho\u0107 jaskinia jest niewielka, wyr\u00f3\u017cnia si\u0119 w\u015br\u00f3d jaski\u0144 bogat\u0105 i dobrze [&hellip;]<\/p>\n","protected":false},"author":3,"featured_media":14530,"comment_status":"closed","ping_status":"open","sticky":false,"template":"","format":"standard","meta":{"footnotes":""},"categories":[108],"tags":[],"class_list":["post-14526","post","type-post","status-publish","format-standard","has-post-thumbnail","hentry","category-aktualnosci"],"yoast_head":"<!-- This site is optimized with the Yoast SEO plugin v16.1.1 - https:\/\/yoast.com\/wordpress\/plugins\/seo\/ -->\n<title>EKO-AKTYWNI - WYCIECZKA W G\u00d3RY \u015aWI\u0118TOKRZYSKIE POWIATOWEGO ZESPO\u0141U NR 4 W O\u015aWI\u0118CIMIU - MDK<\/title>\n<link rel=\"canonical\" href=\"https:\/\/mdkoswiecim.pl\/index.php\/2021\/09\/27\/eko-aktywni-wycieczka-w-gory-swietokrzyskie-powiatowego-zespolu-nr-4-w-oswiecimiu\/\" \/>\n<meta property=\"og:locale\" content=\"pl_PL\" \/>\n<meta property=\"og:type\" content=\"article\" \/>\n<meta property=\"og:title\" content=\"EKO-AKTYWNI - WYCIECZKA W G\u00d3RY \u015aWI\u0118TOKRZYSKIE POWIATOWEGO ZESPO\u0141U NR 4 W O\u015aWI\u0118CIMIU - MDK\" \/>\n<meta property=\"og:description\" content=\"OD CZEGO SI\u0118 ZACZ\u0118\u0141O? W dniu 14-15.09.2021r. odby\u0142a si\u0119 wycieczka do G\u00f3r \u015awi\u0119tokrzyskich w ramach projektu eko-aktywni, kt\u00f3ra zosta\u0142a dofinansowana przez Powiat O\u015bwi\u0119cimski. Zebrali\u015bmy si\u0119 o 7.45, a ca\u0142a procedura rozpocz\u0119cia wyjazdu przebieg\u0142a przebieg\u0142o szybko i sprawnie. Na miejscu\u2026.W pierwszej kolejno\u015bci zwiedzili\u015bmy Jaskini\u0119 Raj. Cho\u0107 jaskinia jest niewielka, wyr\u00f3\u017cnia si\u0119 w\u015br\u00f3d jaski\u0144 bogat\u0105 i dobrze [&hellip;]\" \/>\n<meta property=\"og:url\" content=\"https:\/\/mdkoswiecim.pl\/index.php\/2021\/09\/27\/eko-aktywni-wycieczka-w-gory-swietokrzyskie-powiatowego-zespolu-nr-4-w-oswiecimiu\/\" \/>\n<meta property=\"og:site_name\" content=\"MDK\" \/>\n<meta property=\"article:published_time\" content=\"2021-09-27T08:08:27+00:00\" \/>\n<meta property=\"article:modified_time\" content=\"2021-09-27T08:08:29+00:00\" \/>\n<meta property=\"og:image\" content=\"https:\/\/mdkoswiecim.pl\/wp-content\/uploads\/2021\/09\/image00027-1-scaled-e1632729780662.jpeg\" \/>\n\t<meta property=\"og:image:width\" content=\"1920\" \/>\n\t<meta property=\"og:image:height\" content=\"1161\" \/>\n<meta name=\"twitter:card\" content=\"summary_large_image\" \/>\n<meta name=\"twitter:label1\" content=\"Szacowany czas czytania\">\n\t<meta name=\"twitter:data1\" content=\"7 minut\">\n<script type=\"application\/ld+json\" class=\"yoast-schema-graph\">{\"@context\":\"https:\/\/schema.org\",\"@graph\":[{\"@type\":\"WebSite\",\"@id\":\"https:\/\/mdkoswiecim.pl\/#website\",\"url\":\"https:\/\/mdkoswiecim.pl\/\",\"name\":\"MDK\",\"description\":\"M\\u0142odzie\\u017cowy Dom Kultury w O\\u015bwi\\u0119cimiu\",\"potentialAction\":[{\"@type\":\"SearchAction\",\"target\":\"https:\/\/mdkoswiecim.pl\/?s={search_term_string}\",\"query-input\":\"required name=search_term_string\"}],\"inLanguage\":\"pl-PL\"},{\"@type\":\"ImageObject\",\"@id\":\"https:\/\/mdkoswiecim.pl\/index.php\/2021\/09\/27\/eko-aktywni-wycieczka-w-gory-swietokrzyskie-powiatowego-zespolu-nr-4-w-oswiecimiu\/#primaryimage\",\"inLanguage\":\"pl-PL\",\"url\":\"https:\/\/mdkoswiecim.pl\/wp-content\/uploads\/2021\/09\/image00027-1-scaled-e1632729780662.jpeg\",\"contentUrl\":\"https:\/\/mdkoswiecim.pl\/wp-content\/uploads\/2021\/09\/image00027-1-scaled-e1632729780662.jpeg\",\"width\":1920,\"height\":1161},{\"@type\":\"WebPage\",\"@id\":\"https:\/\/mdkoswiecim.pl\/index.php\/2021\/09\/27\/eko-aktywni-wycieczka-w-gory-swietokrzyskie-powiatowego-zespolu-nr-4-w-oswiecimiu\/#webpage\",\"url\":\"https:\/\/mdkoswiecim.pl\/index.php\/2021\/09\/27\/eko-aktywni-wycieczka-w-gory-swietokrzyskie-powiatowego-zespolu-nr-4-w-oswiecimiu\/\",\"name\":\"EKO-AKTYWNI - WYCIECZKA W G\\u00d3RY \\u015aWI\\u0118TOKRZYSKIE POWIATOWEGO ZESPO\\u0141U NR 4 W O\\u015aWI\\u0118CIMIU - MDK\",\"isPartOf\":{\"@id\":\"https:\/\/mdkoswiecim.pl\/#website\"},\"primaryImageOfPage\":{\"@id\":\"https:\/\/mdkoswiecim.pl\/index.php\/2021\/09\/27\/eko-aktywni-wycieczka-w-gory-swietokrzyskie-powiatowego-zespolu-nr-4-w-oswiecimiu\/#primaryimage\"},\"datePublished\":\"2021-09-27T08:08:27+00:00\",\"dateModified\":\"2021-09-27T08:08:29+00:00\",\"author\":{\"@id\":\"https:\/\/mdkoswiecim.pl\/#\/schema\/person\/d9c1081e4cfefcbccad7ec11fa250f7a\"},\"breadcrumb\":{\"@id\":\"https:\/\/mdkoswiecim.pl\/index.php\/2021\/09\/27\/eko-aktywni-wycieczka-w-gory-swietokrzyskie-powiatowego-zespolu-nr-4-w-oswiecimiu\/#breadcrumb\"},\"inLanguage\":\"pl-PL\",\"potentialAction\":[{\"@type\":\"ReadAction\",\"target\":[\"https:\/\/mdkoswiecim.pl\/index.php\/2021\/09\/27\/eko-aktywni-wycieczka-w-gory-swietokrzyskie-powiatowego-zespolu-nr-4-w-oswiecimiu\/\"]}]},{\"@type\":\"BreadcrumbList\",\"@id\":\"https:\/\/mdkoswiecim.pl\/index.php\/2021\/09\/27\/eko-aktywni-wycieczka-w-gory-swietokrzyskie-powiatowego-zespolu-nr-4-w-oswiecimiu\/#breadcrumb\",\"itemListElement\":[{\"@type\":\"ListItem\",\"position\":1,\"item\":{\"@type\":\"WebPage\",\"@id\":\"https:\/\/mdkoswiecim.pl\/\",\"url\":\"https:\/\/mdkoswiecim.pl\/\",\"name\":\"Strona g\\u0142\\u00f3wna\"}},{\"@type\":\"ListItem\",\"position\":2,\"item\":{\"@type\":\"WebPage\",\"@id\":\"https:\/\/mdkoswiecim.pl\/index.php\/2021\/09\/27\/eko-aktywni-wycieczka-w-gory-swietokrzyskie-powiatowego-zespolu-nr-4-w-oswiecimiu\/\",\"url\":\"https:\/\/mdkoswiecim.pl\/index.php\/2021\/09\/27\/eko-aktywni-wycieczka-w-gory-swietokrzyskie-powiatowego-zespolu-nr-4-w-oswiecimiu\/\",\"name\":\"EKO-AKTYWNI &#8211; WYCIECZKA W G\\u00d3RY \\u015aWI\\u0118TOKRZYSKIE POWIATOWEGO ZESPO\\u0141U NR 4 W O\\u015aWI\\u0118CIMIU\"}}]},{\"@type\":\"Person\",\"@id\":\"https:\/\/mdkoswiecim.pl\/#\/schema\/person\/d9c1081e4cfefcbccad7ec11fa250f7a\",\"name\":\"alina.kwarciak\",\"image\":{\"@type\":\"ImageObject\",\"@id\":\"https:\/\/mdkoswiecim.pl\/#personlogo\",\"inLanguage\":\"pl-PL\",\"url\":\"https:\/\/secure.gravatar.com\/avatar\/cce8f640650bbd69c0efc0afd2dddb7945a94129b978796401e58cac1eb8b87b?s=96&d=mm&r=g\",\"contentUrl\":\"https:\/\/secure.gravatar.com\/avatar\/cce8f640650bbd69c0efc0afd2dddb7945a94129b978796401e58cac1eb8b87b?s=96&d=mm&r=g\",\"caption\":\"alina.kwarciak\"}}]}<\/script>\n<!-- \/ Yoast SEO plugin. -->","_links":{"self":[{"href":"https:\/\/mdkoswiecim.pl\/index.php\/wp-json\/wp\/v2\/posts\/14526","targetHints":{"allow":["GET"]}}],"collection":[{"href":"https:\/\/mdkoswiecim.pl\/index.php\/wp-json\/wp\/v2\/posts"}],"about":[{"href":"https:\/\/mdkoswiecim.pl\/index.php\/wp-json\/wp\/v2\/types\/post"}],"author":[{"embeddable":true,"href":"https:\/\/mdkoswiecim.pl\/index.php\/wp-json\/wp\/v2\/users\/3"}],"replies":[{"embeddable":true,"href":"https:\/\/mdkoswiecim.pl\/index.php\/wp-json\/wp\/v2\/comments?post=14526"}],"version-history":[{"count":1,"href":"https:\/\/mdkoswiecim.pl\/index.php\/wp-json\/wp\/v2\/posts\/14526\/revisions"}],"predecessor-version":[{"id":14538,"href":"https:\/\/mdkoswiecim.pl\/index.php\/wp-json\/wp\/v2\/posts\/14526\/revisions\/14538"}],"wp:featuredmedia":[{"embeddable":true,"href":"https:\/\/mdkoswiecim.pl\/index.php\/wp-json\/wp\/v2\/media\/14530"}],"wp:attachment":[{"href":"https:\/\/mdkoswiecim.pl\/index.php\/wp-json\/wp\/v2\/media?parent=14526"}],"wp:term":[{"taxonomy":"category","embeddable":true,"href":"https:\/\/mdkoswiecim.pl\/index.php\/wp-json\/wp\/v2\/categories?post=14526"},{"taxonomy":"post_tag","embeddable":true,"href":"https:\/\/mdkoswiecim.pl\/index.php\/wp-json\/wp\/v2\/tags?post=14526"}],"curies":[{"name":"wp","href":"https:\/\/api.w.org\/{rel}","templated":true}]}}