{"id":14521,"date":"2021-09-22T12:42:39","date_gmt":"2021-09-22T10:42:39","guid":{"rendered":"https:\/\/mdkoswiecim.pl\/?p=14521"},"modified":"2021-09-22T12:42:40","modified_gmt":"2021-09-22T10:42:40","slug":"zajecia-z-jezyka-niemieckiego-i-angielskiego-aktualizacja","status":"publish","type":"post","link":"https:\/\/mdkoswiecim.pl\/index.php\/2021\/09\/22\/zajecia-z-jezyka-niemieckiego-i-angielskiego-aktualizacja\/","title":{"rendered":"Zaj\u0119cia z j\u0119zyka niemieckiego i angielskiego &#8211; AKTUALIZACJA"},"content":{"rendered":"\n<p>Informujemy, \u017ce rozpocz\u0119cie zaj\u0119\u0107 z j\u0119zyka niemieckiego i angielskiego z powodu problem\u00f3w kadrowych zostaje przesuni\u0119te na pa\u017adziernik. O dok\u0142adnym terminie rozpocz\u0119cia zaj\u0119\u0107 poinformujemy na naszej stronie internetowej oraz na fb. Prosimy o wyrozumia\u0142o\u015b\u0107 i \u015bledzenie informacji.<\/p>\n","protected":false},"excerpt":{"rendered":"<p>Informujemy, \u017ce rozpocz\u0119cie zaj\u0119\u0107 z j\u0119zyka niemieckiego i angielskiego z powodu problem\u00f3w kadrowych zostaje przesuni\u0119te na pa\u017adziernik. O dok\u0142adnym terminie rozpocz\u0119cia zaj\u0119\u0107 poinformujemy na naszej stronie internetowej oraz na fb. Prosimy o wyrozumia\u0142o\u015b\u0107 i \u015bledzenie informacji.<\/p>\n","protected":false},"author":3,"featured_media":14496,"comment_status":"closed","ping_status":"open","sticky":false,"template":"","format":"standard","meta":{"footnotes":""},"categories":[108],"tags":[],"class_list":["post-14521","post","type-post","status-publish","format-standard","has-post-thumbnail","hentry","category-aktualnosci"],"yoast_head":"<!-- This site is optimized with the Yoast SEO plugin v16.1.1 - https:\/\/yoast.com\/wordpress\/plugins\/seo\/ -->\n<title>Zaj\u0119cia z j\u0119zyka niemieckiego i angielskiego - AKTUALIZACJA - MDK<\/title>\n<link rel=\"canonical\" href=\"https:\/\/mdkoswiecim.pl\/index.php\/2021\/09\/22\/zajecia-z-jezyka-niemieckiego-i-angielskiego-aktualizacja\/\" \/>\n<meta property=\"og:locale\" content=\"pl_PL\" \/>\n<meta property=\"og:type\" content=\"article\" \/>\n<meta property=\"og:title\" content=\"Zaj\u0119cia z j\u0119zyka niemieckiego i angielskiego - AKTUALIZACJA - MDK\" \/>\n<meta property=\"og:description\" content=\"Informujemy, \u017ce rozpocz\u0119cie zaj\u0119\u0107 z j\u0119zyka niemieckiego i angielskiego z powodu problem\u00f3w kadrowych zostaje przesuni\u0119te na pa\u017adziernik. O dok\u0142adnym terminie rozpocz\u0119cia zaj\u0119\u0107 poinformujemy na naszej stronie internetowej oraz na fb. Prosimy o wyrozumia\u0142o\u015b\u0107 i \u015bledzenie informacji.\" \/>\n<meta property=\"og:url\" content=\"https:\/\/mdkoswiecim.pl\/index.php\/2021\/09\/22\/zajecia-z-jezyka-niemieckiego-i-angielskiego-aktualizacja\/\" \/>\n<meta property=\"og:site_name\" content=\"MDK\" \/>\n<meta property=\"article:published_time\" content=\"2021-09-22T10:42:39+00:00\" \/>\n<meta property=\"article:modified_time\" content=\"2021-09-22T10:42:40+00:00\" \/>\n<meta property=\"og:image\" content=\"https:\/\/mdkoswiecim.pl\/wp-content\/uploads\/2021\/09\/girl-2771936_1280.jpg\" \/>\n\t<meta property=\"og:image:width\" content=\"1280\" \/>\n\t<meta property=\"og:image:height\" content=\"986\" \/>\n<meta name=\"twitter:card\" content=\"summary_large_image\" \/>\n<meta name=\"twitter:label1\" content=\"Szacowany czas czytania\">\n\t<meta name=\"twitter:data1\" content=\"1 minuta\">\n<script type=\"application\/ld+json\" class=\"yoast-schema-graph\">{\"@context\":\"https:\/\/schema.org\",\"@graph\":[{\"@type\":\"WebSite\",\"@id\":\"https:\/\/mdkoswiecim.pl\/#website\",\"url\":\"https:\/\/mdkoswiecim.pl\/\",\"name\":\"MDK\",\"description\":\"M\\u0142odzie\\u017cowy Dom Kultury w O\\u015bwi\\u0119cimiu\",\"potentialAction\":[{\"@type\":\"SearchAction\",\"target\":\"https:\/\/mdkoswiecim.pl\/?s={search_term_string}\",\"query-input\":\"required name=search_term_string\"}],\"inLanguage\":\"pl-PL\"},{\"@type\":\"ImageObject\",\"@id\":\"https:\/\/mdkoswiecim.pl\/index.php\/2021\/09\/22\/zajecia-z-jezyka-niemieckiego-i-angielskiego-aktualizacja\/#primaryimage\",\"inLanguage\":\"pl-PL\",\"url\":\"https:\/\/mdkoswiecim.pl\/wp-content\/uploads\/2021\/09\/girl-2771936_1280.jpg\",\"contentUrl\":\"https:\/\/mdkoswiecim.pl\/wp-content\/uploads\/2021\/09\/girl-2771936_1280.jpg\",\"width\":1280,\"height\":986},{\"@type\":\"WebPage\",\"@id\":\"https:\/\/mdkoswiecim.pl\/index.php\/2021\/09\/22\/zajecia-z-jezyka-niemieckiego-i-angielskiego-aktualizacja\/#webpage\",\"url\":\"https:\/\/mdkoswiecim.pl\/index.php\/2021\/09\/22\/zajecia-z-jezyka-niemieckiego-i-angielskiego-aktualizacja\/\",\"name\":\"Zaj\\u0119cia z j\\u0119zyka niemieckiego i angielskiego - AKTUALIZACJA - MDK\",\"isPartOf\":{\"@id\":\"https:\/\/mdkoswiecim.pl\/#website\"},\"primaryImageOfPage\":{\"@id\":\"https:\/\/mdkoswiecim.pl\/index.php\/2021\/09\/22\/zajecia-z-jezyka-niemieckiego-i-angielskiego-aktualizacja\/#primaryimage\"},\"datePublished\":\"2021-09-22T10:42:39+00:00\",\"dateModified\":\"2021-09-22T10:42:40+00:00\",\"author\":{\"@id\":\"https:\/\/mdkoswiecim.pl\/#\/schema\/person\/d9c1081e4cfefcbccad7ec11fa250f7a\"},\"breadcrumb\":{\"@id\":\"https:\/\/mdkoswiecim.pl\/index.php\/2021\/09\/22\/zajecia-z-jezyka-niemieckiego-i-angielskiego-aktualizacja\/#breadcrumb\"},\"inLanguage\":\"pl-PL\",\"potentialAction\":[{\"@type\":\"ReadAction\",\"target\":[\"https:\/\/mdkoswiecim.pl\/index.php\/2021\/09\/22\/zajecia-z-jezyka-niemieckiego-i-angielskiego-aktualizacja\/\"]}]},{\"@type\":\"BreadcrumbList\",\"@id\":\"https:\/\/mdkoswiecim.pl\/index.php\/2021\/09\/22\/zajecia-z-jezyka-niemieckiego-i-angielskiego-aktualizacja\/#breadcrumb\",\"itemListElement\":[{\"@type\":\"ListItem\",\"position\":1,\"item\":{\"@type\":\"WebPage\",\"@id\":\"https:\/\/mdkoswiecim.pl\/\",\"url\":\"https:\/\/mdkoswiecim.pl\/\",\"name\":\"Strona g\\u0142\\u00f3wna\"}},{\"@type\":\"ListItem\",\"position\":2,\"item\":{\"@type\":\"WebPage\",\"@id\":\"https:\/\/mdkoswiecim.pl\/index.php\/2021\/09\/22\/zajecia-z-jezyka-niemieckiego-i-angielskiego-aktualizacja\/\",\"url\":\"https:\/\/mdkoswiecim.pl\/index.php\/2021\/09\/22\/zajecia-z-jezyka-niemieckiego-i-angielskiego-aktualizacja\/\",\"name\":\"Zaj\\u0119cia z j\\u0119zyka niemieckiego i angielskiego &#8211; AKTUALIZACJA\"}}]},{\"@type\":\"Person\",\"@id\":\"https:\/\/mdkoswiecim.pl\/#\/schema\/person\/d9c1081e4cfefcbccad7ec11fa250f7a\",\"name\":\"alina.kwarciak\",\"image\":{\"@type\":\"ImageObject\",\"@id\":\"https:\/\/mdkoswiecim.pl\/#personlogo\",\"inLanguage\":\"pl-PL\",\"url\":\"https:\/\/secure.gravatar.com\/avatar\/cce8f640650bbd69c0efc0afd2dddb7945a94129b978796401e58cac1eb8b87b?s=96&d=mm&r=g\",\"contentUrl\":\"https:\/\/secure.gravatar.com\/avatar\/cce8f640650bbd69c0efc0afd2dddb7945a94129b978796401e58cac1eb8b87b?s=96&d=mm&r=g\",\"caption\":\"alina.kwarciak\"}}]}<\/script>\n<!-- \/ Yoast SEO plugin. -->","_links":{"self":[{"href":"https:\/\/mdkoswiecim.pl\/index.php\/wp-json\/wp\/v2\/posts\/14521","targetHints":{"allow":["GET"]}}],"collection":[{"href":"https:\/\/mdkoswiecim.pl\/index.php\/wp-json\/wp\/v2\/posts"}],"about":[{"href":"https:\/\/mdkoswiecim.pl\/index.php\/wp-json\/wp\/v2\/types\/post"}],"author":[{"embeddable":true,"href":"https:\/\/mdkoswiecim.pl\/index.php\/wp-json\/wp\/v2\/users\/3"}],"replies":[{"embeddable":true,"href":"https:\/\/mdkoswiecim.pl\/index.php\/wp-json\/wp\/v2\/comments?post=14521"}],"version-history":[{"count":1,"href":"https:\/\/mdkoswiecim.pl\/index.php\/wp-json\/wp\/v2\/posts\/14521\/revisions"}],"predecessor-version":[{"id":14522,"href":"https:\/\/mdkoswiecim.pl\/index.php\/wp-json\/wp\/v2\/posts\/14521\/revisions\/14522"}],"wp:featuredmedia":[{"embeddable":true,"href":"https:\/\/mdkoswiecim.pl\/index.php\/wp-json\/wp\/v2\/media\/14496"}],"wp:attachment":[{"href":"https:\/\/mdkoswiecim.pl\/index.php\/wp-json\/wp\/v2\/media?parent=14521"}],"wp:term":[{"taxonomy":"category","embeddable":true,"href":"https:\/\/mdkoswiecim.pl\/index.php\/wp-json\/wp\/v2\/categories?post=14521"},{"taxonomy":"post_tag","embeddable":true,"href":"https:\/\/mdkoswiecim.pl\/index.php\/wp-json\/wp\/v2\/tags?post=14521"}],"curies":[{"name":"wp","href":"https:\/\/api.w.org\/{rel}","templated":true}]}}