{"id":14495,"date":"2021-09-17T14:07:56","date_gmt":"2021-09-17T12:07:56","guid":{"rendered":"https:\/\/mdkoswiecim.pl\/?p=14495"},"modified":"2021-09-17T14:19:40","modified_gmt":"2021-09-17T12:19:40","slug":"informacja-o-zajeciach-jezyka-angielskiego-i-niemieckiego","status":"publish","type":"post","link":"https:\/\/mdkoswiecim.pl\/index.php\/2021\/09\/17\/informacja-o-zajeciach-jezyka-angielskiego-i-niemieckiego\/","title":{"rendered":"Informacja o zaj\u0119ciach j\u0119zyka angielskiego i niemieckiego"},"content":{"rendered":"\n<p>Informujemy, \u017ce planowany termin rozpocz\u0119cia zaj\u0119\u0107 j\u0119zyka angielskiego i niemieckiego to 27 wrze\u015bnia,<\/p>\n\n\n\n<p>prosimy jednak o \u015bledzenie informacji na bie\u017c\u0105co  na naszej stronie internetowej lub facebooku.  <\/p>\n","protected":false},"excerpt":{"rendered":"<p>Informujemy, \u017ce planowany termin rozpocz\u0119cia zaj\u0119\u0107 j\u0119zyka angielskiego i niemieckiego to 27 wrze\u015bnia, prosimy jednak o \u015bledzenie informacji na bie\u017c\u0105co na naszej stronie internetowej lub facebooku.<\/p>\n","protected":false},"author":2,"featured_media":14496,"comment_status":"closed","ping_status":"open","sticky":false,"template":"","format":"standard","meta":{"footnotes":""},"categories":[108],"tags":[],"class_list":["post-14495","post","type-post","status-publish","format-standard","has-post-thumbnail","hentry","category-aktualnosci"],"yoast_head":"<!-- This site is optimized with the Yoast SEO plugin v16.1.1 - https:\/\/yoast.com\/wordpress\/plugins\/seo\/ -->\n<title>Informacja o zaj\u0119ciach j\u0119zyka angielskiego i niemieckiego - MDK<\/title>\n<link rel=\"canonical\" href=\"https:\/\/mdkoswiecim.pl\/index.php\/2021\/09\/17\/informacja-o-zajeciach-jezyka-angielskiego-i-niemieckiego\/\" \/>\n<meta property=\"og:locale\" content=\"pl_PL\" \/>\n<meta property=\"og:type\" content=\"article\" \/>\n<meta property=\"og:title\" content=\"Informacja o zaj\u0119ciach j\u0119zyka angielskiego i niemieckiego - MDK\" \/>\n<meta property=\"og:description\" content=\"Informujemy, \u017ce planowany termin rozpocz\u0119cia zaj\u0119\u0107 j\u0119zyka angielskiego i niemieckiego to 27 wrze\u015bnia, prosimy jednak o \u015bledzenie informacji na bie\u017c\u0105co na naszej stronie internetowej lub facebooku.\" \/>\n<meta property=\"og:url\" content=\"https:\/\/mdkoswiecim.pl\/index.php\/2021\/09\/17\/informacja-o-zajeciach-jezyka-angielskiego-i-niemieckiego\/\" \/>\n<meta property=\"og:site_name\" content=\"MDK\" \/>\n<meta property=\"article:published_time\" content=\"2021-09-17T12:07:56+00:00\" \/>\n<meta property=\"article:modified_time\" content=\"2021-09-17T12:19:40+00:00\" \/>\n<meta property=\"og:image\" content=\"https:\/\/mdkoswiecim.pl\/wp-content\/uploads\/2021\/09\/girl-2771936_1280.jpg\" \/>\n\t<meta property=\"og:image:width\" content=\"1280\" \/>\n\t<meta property=\"og:image:height\" content=\"986\" \/>\n<meta name=\"twitter:card\" content=\"summary_large_image\" \/>\n<meta name=\"twitter:label1\" content=\"Szacowany czas czytania\">\n\t<meta name=\"twitter:data1\" content=\"1 minuta\">\n<script type=\"application\/ld+json\" class=\"yoast-schema-graph\">{\"@context\":\"https:\/\/schema.org\",\"@graph\":[{\"@type\":\"WebSite\",\"@id\":\"https:\/\/mdkoswiecim.pl\/#website\",\"url\":\"https:\/\/mdkoswiecim.pl\/\",\"name\":\"MDK\",\"description\":\"M\\u0142odzie\\u017cowy Dom Kultury w O\\u015bwi\\u0119cimiu\",\"potentialAction\":[{\"@type\":\"SearchAction\",\"target\":\"https:\/\/mdkoswiecim.pl\/?s={search_term_string}\",\"query-input\":\"required name=search_term_string\"}],\"inLanguage\":\"pl-PL\"},{\"@type\":\"ImageObject\",\"@id\":\"https:\/\/mdkoswiecim.pl\/index.php\/2021\/09\/17\/informacja-o-zajeciach-jezyka-angielskiego-i-niemieckiego\/#primaryimage\",\"inLanguage\":\"pl-PL\",\"url\":\"https:\/\/mdkoswiecim.pl\/wp-content\/uploads\/2021\/09\/girl-2771936_1280.jpg\",\"contentUrl\":\"https:\/\/mdkoswiecim.pl\/wp-content\/uploads\/2021\/09\/girl-2771936_1280.jpg\",\"width\":1280,\"height\":986},{\"@type\":\"WebPage\",\"@id\":\"https:\/\/mdkoswiecim.pl\/index.php\/2021\/09\/17\/informacja-o-zajeciach-jezyka-angielskiego-i-niemieckiego\/#webpage\",\"url\":\"https:\/\/mdkoswiecim.pl\/index.php\/2021\/09\/17\/informacja-o-zajeciach-jezyka-angielskiego-i-niemieckiego\/\",\"name\":\"Informacja o zaj\\u0119ciach j\\u0119zyka angielskiego i niemieckiego - MDK\",\"isPartOf\":{\"@id\":\"https:\/\/mdkoswiecim.pl\/#website\"},\"primaryImageOfPage\":{\"@id\":\"https:\/\/mdkoswiecim.pl\/index.php\/2021\/09\/17\/informacja-o-zajeciach-jezyka-angielskiego-i-niemieckiego\/#primaryimage\"},\"datePublished\":\"2021-09-17T12:07:56+00:00\",\"dateModified\":\"2021-09-17T12:19:40+00:00\",\"author\":{\"@id\":\"https:\/\/mdkoswiecim.pl\/#\/schema\/person\/de4e1c3f9f9805d4834a83cd933e83a4\"},\"breadcrumb\":{\"@id\":\"https:\/\/mdkoswiecim.pl\/index.php\/2021\/09\/17\/informacja-o-zajeciach-jezyka-angielskiego-i-niemieckiego\/#breadcrumb\"},\"inLanguage\":\"pl-PL\",\"potentialAction\":[{\"@type\":\"ReadAction\",\"target\":[\"https:\/\/mdkoswiecim.pl\/index.php\/2021\/09\/17\/informacja-o-zajeciach-jezyka-angielskiego-i-niemieckiego\/\"]}]},{\"@type\":\"BreadcrumbList\",\"@id\":\"https:\/\/mdkoswiecim.pl\/index.php\/2021\/09\/17\/informacja-o-zajeciach-jezyka-angielskiego-i-niemieckiego\/#breadcrumb\",\"itemListElement\":[{\"@type\":\"ListItem\",\"position\":1,\"item\":{\"@type\":\"WebPage\",\"@id\":\"https:\/\/mdkoswiecim.pl\/\",\"url\":\"https:\/\/mdkoswiecim.pl\/\",\"name\":\"Strona g\\u0142\\u00f3wna\"}},{\"@type\":\"ListItem\",\"position\":2,\"item\":{\"@type\":\"WebPage\",\"@id\":\"https:\/\/mdkoswiecim.pl\/index.php\/2021\/09\/17\/informacja-o-zajeciach-jezyka-angielskiego-i-niemieckiego\/\",\"url\":\"https:\/\/mdkoswiecim.pl\/index.php\/2021\/09\/17\/informacja-o-zajeciach-jezyka-angielskiego-i-niemieckiego\/\",\"name\":\"Informacja o zaj\\u0119ciach j\\u0119zyka angielskiego i niemieckiego\"}}]},{\"@type\":\"Person\",\"@id\":\"https:\/\/mdkoswiecim.pl\/#\/schema\/person\/de4e1c3f9f9805d4834a83cd933e83a4\",\"name\":\"janusz.majcherek\",\"image\":{\"@type\":\"ImageObject\",\"@id\":\"https:\/\/mdkoswiecim.pl\/#personlogo\",\"inLanguage\":\"pl-PL\",\"url\":\"https:\/\/secure.gravatar.com\/avatar\/841ee0bdfc0ec9800cdb49de086063cd2bdca44d52221b7fee4d6a2db5eafb17?s=96&d=mm&r=g\",\"contentUrl\":\"https:\/\/secure.gravatar.com\/avatar\/841ee0bdfc0ec9800cdb49de086063cd2bdca44d52221b7fee4d6a2db5eafb17?s=96&d=mm&r=g\",\"caption\":\"janusz.majcherek\"}}]}<\/script>\n<!-- \/ Yoast SEO plugin. -->","_links":{"self":[{"href":"https:\/\/mdkoswiecim.pl\/index.php\/wp-json\/wp\/v2\/posts\/14495","targetHints":{"allow":["GET"]}}],"collection":[{"href":"https:\/\/mdkoswiecim.pl\/index.php\/wp-json\/wp\/v2\/posts"}],"about":[{"href":"https:\/\/mdkoswiecim.pl\/index.php\/wp-json\/wp\/v2\/types\/post"}],"author":[{"embeddable":true,"href":"https:\/\/mdkoswiecim.pl\/index.php\/wp-json\/wp\/v2\/users\/2"}],"replies":[{"embeddable":true,"href":"https:\/\/mdkoswiecim.pl\/index.php\/wp-json\/wp\/v2\/comments?post=14495"}],"version-history":[{"count":3,"href":"https:\/\/mdkoswiecim.pl\/index.php\/wp-json\/wp\/v2\/posts\/14495\/revisions"}],"predecessor-version":[{"id":14499,"href":"https:\/\/mdkoswiecim.pl\/index.php\/wp-json\/wp\/v2\/posts\/14495\/revisions\/14499"}],"wp:featuredmedia":[{"embeddable":true,"href":"https:\/\/mdkoswiecim.pl\/index.php\/wp-json\/wp\/v2\/media\/14496"}],"wp:attachment":[{"href":"https:\/\/mdkoswiecim.pl\/index.php\/wp-json\/wp\/v2\/media?parent=14495"}],"wp:term":[{"taxonomy":"category","embeddable":true,"href":"https:\/\/mdkoswiecim.pl\/index.php\/wp-json\/wp\/v2\/categories?post=14495"},{"taxonomy":"post_tag","embeddable":true,"href":"https:\/\/mdkoswiecim.pl\/index.php\/wp-json\/wp\/v2\/tags?post=14495"}],"curies":[{"name":"wp","href":"https:\/\/api.w.org\/{rel}","templated":true}]}}