{"id":14321,"date":"2021-09-03T14:30:36","date_gmt":"2021-09-03T12:30:36","guid":{"rendered":"https:\/\/mdkoswiecim.pl\/?p=14321"},"modified":"2021-09-03T14:30:36","modified_gmt":"2021-09-03T12:30:36","slug":"koncert-jubileuszowy-2","status":"publish","type":"post","link":"https:\/\/mdkoswiecim.pl\/index.php\/2021\/09\/03\/koncert-jubileuszowy-2\/","title":{"rendered":"Koncert Jubileuszowy"},"content":{"rendered":"<p><img loading=\"lazy\" decoding=\"async\" class=\"alignnone size-medium wp-image-14277\" src=\"https:\/\/mdkoswiecim.pl\/wp-content\/uploads\/2021\/08\/mdk-227x300.jpg\" alt=\"\" width=\"227\" height=\"300\" \/><\/p>\n<p>M\u0142odzie\u017cowy Dom Kultury w O\u015bwi\u0119cimiu oraz Starostwo Powiatowe w O\u015bwi\u0119cimiu serdecznie zaprasza dzieci, m\u0142odzie\u017c i doros\u0142ych na JUBILEUSZOWY KONCERT, kt\u00f3ry odb\u0119dzie si\u0119 na o\u015bwi\u0119cimskim rynku 11 wrze\u015bnia 2021 r.<\/p>\n<p>Rozpocz\u0119cie imprezy o godzinie 14.00.<\/p>\n<p>W programie:<\/p>\n<p>koncert os\u00f3b nagrodzonych w Dzieci\u0119cym i M\u0142odzie\u017cowym Konkursie Piosenki<\/p>\n<p>zabawy integracyjne<\/p>\n<p>du\u017ce ba\u0144ki mydlane<\/p>\n<p>zabawy dla dzieci, animacje<\/p>\n<p>modelowanie balon\u00f3w<\/p>\n<p>a na deser\u2026.<\/p>\n<p>KONCERT ZESPO\u0141\u00d3W:<\/p>\n<p>STARE DZIADY<\/p>\n<p>ULTRASONIC<\/p>\n<p>SIQ.<\/p>\n<p><a href=\"https:\/\/mdkoswiecim.pl\/wp-content\/uploads\/2021\/09\/Regulamin-imprezy-plenerowej.docx\">Regulamin imprezy plenerowej<\/a><\/p>\n","protected":false},"excerpt":{"rendered":"<p>M\u0142odzie\u017cowy Dom Kultury w O\u015bwi\u0119cimiu oraz Starostwo Powiatowe w O\u015bwi\u0119cimiu serdecznie zaprasza dzieci, m\u0142odzie\u017c i doros\u0142ych na JUBILEUSZOWY KONCERT, kt\u00f3ry odb\u0119dzie si\u0119 na o\u015bwi\u0119cimskim rynku 11 wrze\u015bnia 2021 r. Rozpocz\u0119cie imprezy o godzinie 14.00. W programie: koncert os\u00f3b nagrodzonych w Dzieci\u0119cym i M\u0142odzie\u017cowym Konkursie Piosenki zabawy integracyjne du\u017ce ba\u0144ki mydlane zabawy dla dzieci, animacje modelowanie [&hellip;]<\/p>\n","protected":false},"author":2,"featured_media":14277,"comment_status":"closed","ping_status":"open","sticky":false,"template":"","format":"standard","meta":{"footnotes":""},"categories":[108],"tags":[],"class_list":["post-14321","post","type-post","status-publish","format-standard","has-post-thumbnail","hentry","category-aktualnosci"],"yoast_head":"<!-- This site is optimized with the Yoast SEO plugin v16.1.1 - https:\/\/yoast.com\/wordpress\/plugins\/seo\/ -->\n<title>Koncert Jubileuszowy - MDK<\/title>\n<link rel=\"canonical\" href=\"https:\/\/mdkoswiecim.pl\/index.php\/2021\/09\/03\/koncert-jubileuszowy-2\/\" \/>\n<meta property=\"og:locale\" content=\"pl_PL\" \/>\n<meta property=\"og:type\" content=\"article\" \/>\n<meta property=\"og:title\" content=\"Koncert Jubileuszowy - MDK\" \/>\n<meta property=\"og:description\" content=\"M\u0142odzie\u017cowy Dom Kultury w O\u015bwi\u0119cimiu oraz Starostwo Powiatowe w O\u015bwi\u0119cimiu serdecznie zaprasza dzieci, m\u0142odzie\u017c i doros\u0142ych na JUBILEUSZOWY KONCERT, kt\u00f3ry odb\u0119dzie si\u0119 na o\u015bwi\u0119cimskim rynku 11 wrze\u015bnia 2021 r. Rozpocz\u0119cie imprezy o godzinie 14.00. W programie: koncert os\u00f3b nagrodzonych w Dzieci\u0119cym i M\u0142odzie\u017cowym Konkursie Piosenki zabawy integracyjne du\u017ce ba\u0144ki mydlane zabawy dla dzieci, animacje modelowanie [&hellip;]\" \/>\n<meta property=\"og:url\" content=\"https:\/\/mdkoswiecim.pl\/index.php\/2021\/09\/03\/koncert-jubileuszowy-2\/\" \/>\n<meta property=\"og:site_name\" content=\"MDK\" \/>\n<meta property=\"article:published_time\" content=\"2021-09-03T12:30:36+00:00\" \/>\n<meta property=\"og:image\" content=\"https:\/\/mdkoswiecim.pl\/wp-content\/uploads\/2021\/08\/mdk-scaled-e1630672183665.jpg\" \/>\n\t<meta property=\"og:image:width\" content=\"1382\" \/>\n\t<meta property=\"og:image:height\" content=\"1024\" \/>\n<meta name=\"twitter:card\" content=\"summary_large_image\" \/>\n<meta name=\"twitter:label1\" content=\"Szacowany czas czytania\">\n\t<meta name=\"twitter:data1\" content=\"1 minuta\">\n<script type=\"application\/ld+json\" class=\"yoast-schema-graph\">{\"@context\":\"https:\/\/schema.org\",\"@graph\":[{\"@type\":\"WebSite\",\"@id\":\"https:\/\/mdkoswiecim.pl\/#website\",\"url\":\"https:\/\/mdkoswiecim.pl\/\",\"name\":\"MDK\",\"description\":\"M\\u0142odzie\\u017cowy Dom Kultury w O\\u015bwi\\u0119cimiu\",\"potentialAction\":[{\"@type\":\"SearchAction\",\"target\":\"https:\/\/mdkoswiecim.pl\/?s={search_term_string}\",\"query-input\":\"required name=search_term_string\"}],\"inLanguage\":\"pl-PL\"},{\"@type\":\"ImageObject\",\"@id\":\"https:\/\/mdkoswiecim.pl\/index.php\/2021\/09\/03\/koncert-jubileuszowy-2\/#primaryimage\",\"inLanguage\":\"pl-PL\",\"url\":\"https:\/\/mdkoswiecim.pl\/wp-content\/uploads\/2021\/08\/mdk-scaled-e1630672183665.jpg\",\"contentUrl\":\"https:\/\/mdkoswiecim.pl\/wp-content\/uploads\/2021\/08\/mdk-scaled-e1630672183665.jpg\",\"width\":1382,\"height\":1024},{\"@type\":\"WebPage\",\"@id\":\"https:\/\/mdkoswiecim.pl\/index.php\/2021\/09\/03\/koncert-jubileuszowy-2\/#webpage\",\"url\":\"https:\/\/mdkoswiecim.pl\/index.php\/2021\/09\/03\/koncert-jubileuszowy-2\/\",\"name\":\"Koncert Jubileuszowy - MDK\",\"isPartOf\":{\"@id\":\"https:\/\/mdkoswiecim.pl\/#website\"},\"primaryImageOfPage\":{\"@id\":\"https:\/\/mdkoswiecim.pl\/index.php\/2021\/09\/03\/koncert-jubileuszowy-2\/#primaryimage\"},\"datePublished\":\"2021-09-03T12:30:36+00:00\",\"dateModified\":\"2021-09-03T12:30:36+00:00\",\"author\":{\"@id\":\"https:\/\/mdkoswiecim.pl\/#\/schema\/person\/de4e1c3f9f9805d4834a83cd933e83a4\"},\"breadcrumb\":{\"@id\":\"https:\/\/mdkoswiecim.pl\/index.php\/2021\/09\/03\/koncert-jubileuszowy-2\/#breadcrumb\"},\"inLanguage\":\"pl-PL\",\"potentialAction\":[{\"@type\":\"ReadAction\",\"target\":[\"https:\/\/mdkoswiecim.pl\/index.php\/2021\/09\/03\/koncert-jubileuszowy-2\/\"]}]},{\"@type\":\"BreadcrumbList\",\"@id\":\"https:\/\/mdkoswiecim.pl\/index.php\/2021\/09\/03\/koncert-jubileuszowy-2\/#breadcrumb\",\"itemListElement\":[{\"@type\":\"ListItem\",\"position\":1,\"item\":{\"@type\":\"WebPage\",\"@id\":\"https:\/\/mdkoswiecim.pl\/\",\"url\":\"https:\/\/mdkoswiecim.pl\/\",\"name\":\"Strona g\\u0142\\u00f3wna\"}},{\"@type\":\"ListItem\",\"position\":2,\"item\":{\"@type\":\"WebPage\",\"@id\":\"https:\/\/mdkoswiecim.pl\/index.php\/2021\/09\/03\/koncert-jubileuszowy-2\/\",\"url\":\"https:\/\/mdkoswiecim.pl\/index.php\/2021\/09\/03\/koncert-jubileuszowy-2\/\",\"name\":\"Koncert Jubileuszowy\"}}]},{\"@type\":\"Person\",\"@id\":\"https:\/\/mdkoswiecim.pl\/#\/schema\/person\/de4e1c3f9f9805d4834a83cd933e83a4\",\"name\":\"janusz.majcherek\",\"image\":{\"@type\":\"ImageObject\",\"@id\":\"https:\/\/mdkoswiecim.pl\/#personlogo\",\"inLanguage\":\"pl-PL\",\"url\":\"https:\/\/secure.gravatar.com\/avatar\/841ee0bdfc0ec9800cdb49de086063cd2bdca44d52221b7fee4d6a2db5eafb17?s=96&d=mm&r=g\",\"contentUrl\":\"https:\/\/secure.gravatar.com\/avatar\/841ee0bdfc0ec9800cdb49de086063cd2bdca44d52221b7fee4d6a2db5eafb17?s=96&d=mm&r=g\",\"caption\":\"janusz.majcherek\"}}]}<\/script>\n<!-- \/ Yoast SEO plugin. -->","_links":{"self":[{"href":"https:\/\/mdkoswiecim.pl\/index.php\/wp-json\/wp\/v2\/posts\/14321","targetHints":{"allow":["GET"]}}],"collection":[{"href":"https:\/\/mdkoswiecim.pl\/index.php\/wp-json\/wp\/v2\/posts"}],"about":[{"href":"https:\/\/mdkoswiecim.pl\/index.php\/wp-json\/wp\/v2\/types\/post"}],"author":[{"embeddable":true,"href":"https:\/\/mdkoswiecim.pl\/index.php\/wp-json\/wp\/v2\/users\/2"}],"replies":[{"embeddable":true,"href":"https:\/\/mdkoswiecim.pl\/index.php\/wp-json\/wp\/v2\/comments?post=14321"}],"version-history":[{"count":3,"href":"https:\/\/mdkoswiecim.pl\/index.php\/wp-json\/wp\/v2\/posts\/14321\/revisions"}],"predecessor-version":[{"id":14325,"href":"https:\/\/mdkoswiecim.pl\/index.php\/wp-json\/wp\/v2\/posts\/14321\/revisions\/14325"}],"wp:featuredmedia":[{"embeddable":true,"href":"https:\/\/mdkoswiecim.pl\/index.php\/wp-json\/wp\/v2\/media\/14277"}],"wp:attachment":[{"href":"https:\/\/mdkoswiecim.pl\/index.php\/wp-json\/wp\/v2\/media?parent=14321"}],"wp:term":[{"taxonomy":"category","embeddable":true,"href":"https:\/\/mdkoswiecim.pl\/index.php\/wp-json\/wp\/v2\/categories?post=14321"},{"taxonomy":"post_tag","embeddable":true,"href":"https:\/\/mdkoswiecim.pl\/index.php\/wp-json\/wp\/v2\/tags?post=14321"}],"curies":[{"name":"wp","href":"https:\/\/api.w.org\/{rel}","templated":true}]}}