{"id":14292,"date":"2021-08-25T14:36:10","date_gmt":"2021-08-25T12:36:10","guid":{"rendered":"https:\/\/mdkoswiecim.pl\/?p=14292"},"modified":"2021-08-25T14:36:12","modified_gmt":"2021-08-25T12:36:12","slug":"wytyczne-mein-mz-oraz-gis-dla-placowek-edukacyjnych-na-nowy-rok-szkolny","status":"publish","type":"post","link":"https:\/\/mdkoswiecim.pl\/index.php\/2021\/08\/25\/wytyczne-mein-mz-oraz-gis-dla-placowek-edukacyjnych-na-nowy-rok-szkolny\/","title":{"rendered":"Wytyczne MEiN, MZ oraz GIS dla plac\u00f3wek edukacyjnych na nowy rok szkolny."},"content":{"rendered":"\n<p>Informujemy, i\u017c jako plac\u00f3wka o\u015bwiatowo-wychowawcza, MDK w O\u015bwi\u0119cimiu dzia\u0142a  zgodnie z wytycznymi MEiN, MZ oraz GIS w zakresie zapewnienia odpowiednich warunk\u00f3w  higieniczno-sanitarnych w zwi\u0105zku  z pandemi\u0105 COVID19. <\/p>\n\n\n\n<ul class=\"wp-block-list\"><li>Wytyczne MEiN, MZ oraz GIS dla plac\u00f3wek edukacyjnych  &#8211; DOKUMENT DO POBRANIA poni\u017cej:<\/li><\/ul>\n\n\n\n<div data-wp-interactive=\"core\/file\" class=\"wp-block-file\"><object data-wp-bind--hidden=\"!state.hasPdfPreview\" hidden class=\"wp-block-file__embed\" data=\"https:\/\/mdkoswiecim.pl\/wp-content\/uploads\/2021\/08\/Wytyczne_MEiN_MZ_i_GIS_wrzesien_2021.pdf\" type=\"application\/pdf\" style=\"width:100%;height:600px\" aria-label=\"Osadzone z Osadzone z Wytyczne_MEiN_MZ_i_GIS_wrzesien_2021..\"><\/object><a href=\"https:\/\/mdkoswiecim.pl\/wp-content\/uploads\/2021\/08\/Wytyczne_MEiN_MZ_i_GIS_wrzesien_2021.pdf\">Wytyczne_MEiN_MZ_i_GIS_wrzesien_2021<\/a><a href=\"https:\/\/mdkoswiecim.pl\/wp-content\/uploads\/2021\/08\/Wytyczne_MEiN_MZ_i_GIS_wrzesien_2021.pdf\" class=\"wp-block-file__button\" download>Pobierz<\/a><\/div>\n","protected":false},"excerpt":{"rendered":"<p>Informujemy, i\u017c jako plac\u00f3wka o\u015bwiatowo-wychowawcza, MDK w O\u015bwi\u0119cimiu dzia\u0142a zgodnie z wytycznymi MEiN, MZ oraz GIS w zakresie zapewnienia odpowiednich warunk\u00f3w higieniczno-sanitarnych w zwi\u0105zku z pandemi\u0105 COVID19. Wytyczne MEiN, MZ oraz GIS dla plac\u00f3wek edukacyjnych &#8211; DOKUMENT DO POBRANIA poni\u017cej:<\/p>\n","protected":false},"author":2,"featured_media":14295,"comment_status":"closed","ping_status":"open","sticky":false,"template":"","format":"standard","meta":{"footnotes":""},"categories":[108],"tags":[],"class_list":["post-14292","post","type-post","status-publish","format-standard","has-post-thumbnail","hentry","category-aktualnosci"],"yoast_head":"<!-- This site is optimized with the Yoast SEO plugin v16.1.1 - https:\/\/yoast.com\/wordpress\/plugins\/seo\/ -->\n<title>Wytyczne MEiN, MZ oraz GIS dla plac\u00f3wek edukacyjnych na nowy rok szkolny. - MDK<\/title>\n<link rel=\"canonical\" href=\"https:\/\/mdkoswiecim.pl\/index.php\/2021\/08\/25\/wytyczne-mein-mz-oraz-gis-dla-placowek-edukacyjnych-na-nowy-rok-szkolny\/\" \/>\n<meta property=\"og:locale\" content=\"pl_PL\" \/>\n<meta property=\"og:type\" content=\"article\" \/>\n<meta property=\"og:title\" content=\"Wytyczne MEiN, MZ oraz GIS dla plac\u00f3wek edukacyjnych na nowy rok szkolny. - MDK\" \/>\n<meta property=\"og:description\" content=\"Informujemy, i\u017c jako plac\u00f3wka o\u015bwiatowo-wychowawcza, MDK w O\u015bwi\u0119cimiu dzia\u0142a zgodnie z wytycznymi MEiN, MZ oraz GIS w zakresie zapewnienia odpowiednich warunk\u00f3w higieniczno-sanitarnych w zwi\u0105zku z pandemi\u0105 COVID19. Wytyczne MEiN, MZ oraz GIS dla plac\u00f3wek edukacyjnych &#8211; DOKUMENT DO POBRANIA poni\u017cej:\" \/>\n<meta property=\"og:url\" content=\"https:\/\/mdkoswiecim.pl\/index.php\/2021\/08\/25\/wytyczne-mein-mz-oraz-gis-dla-placowek-edukacyjnych-na-nowy-rok-szkolny\/\" \/>\n<meta property=\"og:site_name\" content=\"MDK\" \/>\n<meta property=\"article:published_time\" content=\"2021-08-25T12:36:10+00:00\" \/>\n<meta property=\"article:modified_time\" content=\"2021-08-25T12:36:12+00:00\" \/>\n<meta property=\"og:image\" content=\"https:\/\/mdkoswiecim.pl\/wp-content\/uploads\/2021\/08\/info-146075_640-e1630403816600.png\" \/>\n\t<meta property=\"og:image:width\" content=\"500\" \/>\n\t<meta property=\"og:image:height\" content=\"500\" \/>\n<meta name=\"twitter:card\" content=\"summary_large_image\" \/>\n<meta name=\"twitter:label1\" content=\"Szacowany czas czytania\">\n\t<meta name=\"twitter:data1\" content=\"1 minuta\">\n<script type=\"application\/ld+json\" class=\"yoast-schema-graph\">{\"@context\":\"https:\/\/schema.org\",\"@graph\":[{\"@type\":\"WebSite\",\"@id\":\"https:\/\/mdkoswiecim.pl\/#website\",\"url\":\"https:\/\/mdkoswiecim.pl\/\",\"name\":\"MDK\",\"description\":\"M\\u0142odzie\\u017cowy Dom Kultury w O\\u015bwi\\u0119cimiu\",\"potentialAction\":[{\"@type\":\"SearchAction\",\"target\":\"https:\/\/mdkoswiecim.pl\/?s={search_term_string}\",\"query-input\":\"required name=search_term_string\"}],\"inLanguage\":\"pl-PL\"},{\"@type\":\"ImageObject\",\"@id\":\"https:\/\/mdkoswiecim.pl\/index.php\/2021\/08\/25\/wytyczne-mein-mz-oraz-gis-dla-placowek-edukacyjnych-na-nowy-rok-szkolny\/#primaryimage\",\"inLanguage\":\"pl-PL\",\"url\":\"https:\/\/mdkoswiecim.pl\/wp-content\/uploads\/2021\/08\/info-146075_640-e1630403816600.png\",\"contentUrl\":\"https:\/\/mdkoswiecim.pl\/wp-content\/uploads\/2021\/08\/info-146075_640-e1630403816600.png\",\"width\":500,\"height\":500},{\"@type\":\"WebPage\",\"@id\":\"https:\/\/mdkoswiecim.pl\/index.php\/2021\/08\/25\/wytyczne-mein-mz-oraz-gis-dla-placowek-edukacyjnych-na-nowy-rok-szkolny\/#webpage\",\"url\":\"https:\/\/mdkoswiecim.pl\/index.php\/2021\/08\/25\/wytyczne-mein-mz-oraz-gis-dla-placowek-edukacyjnych-na-nowy-rok-szkolny\/\",\"name\":\"Wytyczne MEiN, MZ oraz GIS dla plac\\u00f3wek edukacyjnych na nowy rok szkolny. - MDK\",\"isPartOf\":{\"@id\":\"https:\/\/mdkoswiecim.pl\/#website\"},\"primaryImageOfPage\":{\"@id\":\"https:\/\/mdkoswiecim.pl\/index.php\/2021\/08\/25\/wytyczne-mein-mz-oraz-gis-dla-placowek-edukacyjnych-na-nowy-rok-szkolny\/#primaryimage\"},\"datePublished\":\"2021-08-25T12:36:10+00:00\",\"dateModified\":\"2021-08-25T12:36:12+00:00\",\"author\":{\"@id\":\"https:\/\/mdkoswiecim.pl\/#\/schema\/person\/de4e1c3f9f9805d4834a83cd933e83a4\"},\"breadcrumb\":{\"@id\":\"https:\/\/mdkoswiecim.pl\/index.php\/2021\/08\/25\/wytyczne-mein-mz-oraz-gis-dla-placowek-edukacyjnych-na-nowy-rok-szkolny\/#breadcrumb\"},\"inLanguage\":\"pl-PL\",\"potentialAction\":[{\"@type\":\"ReadAction\",\"target\":[\"https:\/\/mdkoswiecim.pl\/index.php\/2021\/08\/25\/wytyczne-mein-mz-oraz-gis-dla-placowek-edukacyjnych-na-nowy-rok-szkolny\/\"]}]},{\"@type\":\"BreadcrumbList\",\"@id\":\"https:\/\/mdkoswiecim.pl\/index.php\/2021\/08\/25\/wytyczne-mein-mz-oraz-gis-dla-placowek-edukacyjnych-na-nowy-rok-szkolny\/#breadcrumb\",\"itemListElement\":[{\"@type\":\"ListItem\",\"position\":1,\"item\":{\"@type\":\"WebPage\",\"@id\":\"https:\/\/mdkoswiecim.pl\/\",\"url\":\"https:\/\/mdkoswiecim.pl\/\",\"name\":\"Strona g\\u0142\\u00f3wna\"}},{\"@type\":\"ListItem\",\"position\":2,\"item\":{\"@type\":\"WebPage\",\"@id\":\"https:\/\/mdkoswiecim.pl\/index.php\/2021\/08\/25\/wytyczne-mein-mz-oraz-gis-dla-placowek-edukacyjnych-na-nowy-rok-szkolny\/\",\"url\":\"https:\/\/mdkoswiecim.pl\/index.php\/2021\/08\/25\/wytyczne-mein-mz-oraz-gis-dla-placowek-edukacyjnych-na-nowy-rok-szkolny\/\",\"name\":\"Wytyczne MEiN, MZ oraz GIS dla plac\\u00f3wek edukacyjnych na nowy rok szkolny.\"}}]},{\"@type\":\"Person\",\"@id\":\"https:\/\/mdkoswiecim.pl\/#\/schema\/person\/de4e1c3f9f9805d4834a83cd933e83a4\",\"name\":\"janusz.majcherek\",\"image\":{\"@type\":\"ImageObject\",\"@id\":\"https:\/\/mdkoswiecim.pl\/#personlogo\",\"inLanguage\":\"pl-PL\",\"url\":\"https:\/\/secure.gravatar.com\/avatar\/841ee0bdfc0ec9800cdb49de086063cd2bdca44d52221b7fee4d6a2db5eafb17?s=96&d=mm&r=g\",\"contentUrl\":\"https:\/\/secure.gravatar.com\/avatar\/841ee0bdfc0ec9800cdb49de086063cd2bdca44d52221b7fee4d6a2db5eafb17?s=96&d=mm&r=g\",\"caption\":\"janusz.majcherek\"}}]}<\/script>\n<!-- \/ Yoast SEO plugin. -->","_links":{"self":[{"href":"https:\/\/mdkoswiecim.pl\/index.php\/wp-json\/wp\/v2\/posts\/14292","targetHints":{"allow":["GET"]}}],"collection":[{"href":"https:\/\/mdkoswiecim.pl\/index.php\/wp-json\/wp\/v2\/posts"}],"about":[{"href":"https:\/\/mdkoswiecim.pl\/index.php\/wp-json\/wp\/v2\/types\/post"}],"author":[{"embeddable":true,"href":"https:\/\/mdkoswiecim.pl\/index.php\/wp-json\/wp\/v2\/users\/2"}],"replies":[{"embeddable":true,"href":"https:\/\/mdkoswiecim.pl\/index.php\/wp-json\/wp\/v2\/comments?post=14292"}],"version-history":[{"count":2,"href":"https:\/\/mdkoswiecim.pl\/index.php\/wp-json\/wp\/v2\/posts\/14292\/revisions"}],"predecessor-version":[{"id":14296,"href":"https:\/\/mdkoswiecim.pl\/index.php\/wp-json\/wp\/v2\/posts\/14292\/revisions\/14296"}],"wp:featuredmedia":[{"embeddable":true,"href":"https:\/\/mdkoswiecim.pl\/index.php\/wp-json\/wp\/v2\/media\/14295"}],"wp:attachment":[{"href":"https:\/\/mdkoswiecim.pl\/index.php\/wp-json\/wp\/v2\/media?parent=14292"}],"wp:term":[{"taxonomy":"category","embeddable":true,"href":"https:\/\/mdkoswiecim.pl\/index.php\/wp-json\/wp\/v2\/categories?post=14292"},{"taxonomy":"post_tag","embeddable":true,"href":"https:\/\/mdkoswiecim.pl\/index.php\/wp-json\/wp\/v2\/tags?post=14292"}],"curies":[{"name":"wp","href":"https:\/\/api.w.org\/{rel}","templated":true}]}}