{"id":14288,"date":"2021-08-24T14:56:30","date_gmt":"2021-08-24T12:56:30","guid":{"rendered":"https:\/\/mdkoswiecim.pl\/?p=14288"},"modified":"2021-08-25T14:08:51","modified_gmt":"2021-08-25T12:08:51","slug":"wspolpracuj-z-nami","status":"publish","type":"post","link":"https:\/\/mdkoswiecim.pl\/index.php\/2021\/08\/24\/wspolpracuj-z-nami\/","title":{"rendered":"Wsp\u00f3\u0142pracuj z nami."},"content":{"rendered":"\n<p>  W tym roku obchodzimy Jubileusz 65 lecia naszej plac\u00f3wki. Z tej okazji 11 wrze\u015bnia odb\u0119dzie si\u0119 impreza plenerowa na o\u015bwi\u0119cimskim rynku.  Serdecznie zapraszamy wszystkich zainteresowanych rodzic\u00f3w do w\u0142\u0105czenia si\u0119 w organizacj\u0119 obchod\u00f3w naszego jubileuszu, a tak\u017ce do sta\u0142ej wsp\u00f3\u0142pracy z nami w w ramach Rady Rodzic\u00f3w dzia\u0142aj\u0105cej przy MDK. <\/p>\n\n\n\n<p>Spotkanie organizacyjne Rady Rodzic\u00f3w odb\u0119dzie si\u0119 30 sierpnia o g.17:00 w MDK.<\/p>\n","protected":false},"excerpt":{"rendered":"<p>W tym roku obchodzimy Jubileusz 65 lecia naszej plac\u00f3wki. Z tej okazji 11 wrze\u015bnia odb\u0119dzie si\u0119 impreza plenerowa na o\u015bwi\u0119cimskim rynku. Serdecznie zapraszamy wszystkich zainteresowanych rodzic\u00f3w do w\u0142\u0105czenia si\u0119 w organizacj\u0119 obchod\u00f3w naszego jubileuszu, a tak\u017ce do sta\u0142ej wsp\u00f3\u0142pracy z nami w w ramach Rady Rodzic\u00f3w dzia\u0142aj\u0105cej przy MDK. Spotkanie organizacyjne Rady Rodzic\u00f3w odb\u0119dzie si\u0119 [&hellip;]<\/p>\n","protected":false},"author":2,"featured_media":14284,"comment_status":"closed","ping_status":"open","sticky":false,"template":"","format":"standard","meta":{"footnotes":""},"categories":[108],"tags":[],"class_list":["post-14288","post","type-post","status-publish","format-standard","has-post-thumbnail","hentry","category-aktualnosci"],"yoast_head":"<!-- This site is optimized with the Yoast SEO plugin v16.1.1 - https:\/\/yoast.com\/wordpress\/plugins\/seo\/ -->\n<title>Wsp\u00f3\u0142pracuj z nami. - MDK<\/title>\n<link rel=\"canonical\" href=\"https:\/\/mdkoswiecim.pl\/index.php\/2021\/08\/24\/wspolpracuj-z-nami\/\" \/>\n<meta property=\"og:locale\" content=\"pl_PL\" \/>\n<meta property=\"og:type\" content=\"article\" \/>\n<meta property=\"og:title\" content=\"Wsp\u00f3\u0142pracuj z nami. - MDK\" \/>\n<meta property=\"og:description\" content=\"W tym roku obchodzimy Jubileusz 65 lecia naszej plac\u00f3wki. Z tej okazji 11 wrze\u015bnia odb\u0119dzie si\u0119 impreza plenerowa na o\u015bwi\u0119cimskim rynku. Serdecznie zapraszamy wszystkich zainteresowanych rodzic\u00f3w do w\u0142\u0105czenia si\u0119 w organizacj\u0119 obchod\u00f3w naszego jubileuszu, a tak\u017ce do sta\u0142ej wsp\u00f3\u0142pracy z nami w w ramach Rady Rodzic\u00f3w dzia\u0142aj\u0105cej przy MDK. Spotkanie organizacyjne Rady Rodzic\u00f3w odb\u0119dzie si\u0119 [&hellip;]\" \/>\n<meta property=\"og:url\" content=\"https:\/\/mdkoswiecim.pl\/index.php\/2021\/08\/24\/wspolpracuj-z-nami\/\" \/>\n<meta property=\"og:site_name\" content=\"MDK\" \/>\n<meta property=\"article:published_time\" content=\"2021-08-24T12:56:30+00:00\" \/>\n<meta property=\"article:modified_time\" content=\"2021-08-25T12:08:51+00:00\" \/>\n<meta property=\"og:image\" content=\"https:\/\/mdkoswiecim.pl\/wp-content\/uploads\/2021\/08\/awareness-4264012_1920.jpg\" \/>\n\t<meta property=\"og:image:width\" content=\"1920\" \/>\n\t<meta property=\"og:image:height\" content=\"1080\" \/>\n<meta name=\"twitter:card\" content=\"summary_large_image\" \/>\n<meta name=\"twitter:label1\" content=\"Szacowany czas czytania\">\n\t<meta name=\"twitter:data1\" content=\"1 minuta\">\n<script type=\"application\/ld+json\" class=\"yoast-schema-graph\">{\"@context\":\"https:\/\/schema.org\",\"@graph\":[{\"@type\":\"WebSite\",\"@id\":\"https:\/\/mdkoswiecim.pl\/#website\",\"url\":\"https:\/\/mdkoswiecim.pl\/\",\"name\":\"MDK\",\"description\":\"M\\u0142odzie\\u017cowy Dom Kultury w O\\u015bwi\\u0119cimiu\",\"potentialAction\":[{\"@type\":\"SearchAction\",\"target\":\"https:\/\/mdkoswiecim.pl\/?s={search_term_string}\",\"query-input\":\"required name=search_term_string\"}],\"inLanguage\":\"pl-PL\"},{\"@type\":\"ImageObject\",\"@id\":\"https:\/\/mdkoswiecim.pl\/index.php\/2021\/08\/24\/wspolpracuj-z-nami\/#primaryimage\",\"inLanguage\":\"pl-PL\",\"url\":\"https:\/\/mdkoswiecim.pl\/wp-content\/uploads\/2021\/08\/awareness-4264012_1920.jpg\",\"contentUrl\":\"https:\/\/mdkoswiecim.pl\/wp-content\/uploads\/2021\/08\/awareness-4264012_1920.jpg\",\"width\":1920,\"height\":1080},{\"@type\":\"WebPage\",\"@id\":\"https:\/\/mdkoswiecim.pl\/index.php\/2021\/08\/24\/wspolpracuj-z-nami\/#webpage\",\"url\":\"https:\/\/mdkoswiecim.pl\/index.php\/2021\/08\/24\/wspolpracuj-z-nami\/\",\"name\":\"Wsp\\u00f3\\u0142pracuj z nami. - MDK\",\"isPartOf\":{\"@id\":\"https:\/\/mdkoswiecim.pl\/#website\"},\"primaryImageOfPage\":{\"@id\":\"https:\/\/mdkoswiecim.pl\/index.php\/2021\/08\/24\/wspolpracuj-z-nami\/#primaryimage\"},\"datePublished\":\"2021-08-24T12:56:30+00:00\",\"dateModified\":\"2021-08-25T12:08:51+00:00\",\"author\":{\"@id\":\"https:\/\/mdkoswiecim.pl\/#\/schema\/person\/de4e1c3f9f9805d4834a83cd933e83a4\"},\"breadcrumb\":{\"@id\":\"https:\/\/mdkoswiecim.pl\/index.php\/2021\/08\/24\/wspolpracuj-z-nami\/#breadcrumb\"},\"inLanguage\":\"pl-PL\",\"potentialAction\":[{\"@type\":\"ReadAction\",\"target\":[\"https:\/\/mdkoswiecim.pl\/index.php\/2021\/08\/24\/wspolpracuj-z-nami\/\"]}]},{\"@type\":\"BreadcrumbList\",\"@id\":\"https:\/\/mdkoswiecim.pl\/index.php\/2021\/08\/24\/wspolpracuj-z-nami\/#breadcrumb\",\"itemListElement\":[{\"@type\":\"ListItem\",\"position\":1,\"item\":{\"@type\":\"WebPage\",\"@id\":\"https:\/\/mdkoswiecim.pl\/\",\"url\":\"https:\/\/mdkoswiecim.pl\/\",\"name\":\"Strona g\\u0142\\u00f3wna\"}},{\"@type\":\"ListItem\",\"position\":2,\"item\":{\"@type\":\"WebPage\",\"@id\":\"https:\/\/mdkoswiecim.pl\/index.php\/2021\/08\/24\/wspolpracuj-z-nami\/\",\"url\":\"https:\/\/mdkoswiecim.pl\/index.php\/2021\/08\/24\/wspolpracuj-z-nami\/\",\"name\":\"Wsp\\u00f3\\u0142pracuj z nami.\"}}]},{\"@type\":\"Person\",\"@id\":\"https:\/\/mdkoswiecim.pl\/#\/schema\/person\/de4e1c3f9f9805d4834a83cd933e83a4\",\"name\":\"janusz.majcherek\",\"image\":{\"@type\":\"ImageObject\",\"@id\":\"https:\/\/mdkoswiecim.pl\/#personlogo\",\"inLanguage\":\"pl-PL\",\"url\":\"https:\/\/secure.gravatar.com\/avatar\/841ee0bdfc0ec9800cdb49de086063cd2bdca44d52221b7fee4d6a2db5eafb17?s=96&d=mm&r=g\",\"contentUrl\":\"https:\/\/secure.gravatar.com\/avatar\/841ee0bdfc0ec9800cdb49de086063cd2bdca44d52221b7fee4d6a2db5eafb17?s=96&d=mm&r=g\",\"caption\":\"janusz.majcherek\"}}]}<\/script>\n<!-- \/ Yoast SEO plugin. -->","_links":{"self":[{"href":"https:\/\/mdkoswiecim.pl\/index.php\/wp-json\/wp\/v2\/posts\/14288","targetHints":{"allow":["GET"]}}],"collection":[{"href":"https:\/\/mdkoswiecim.pl\/index.php\/wp-json\/wp\/v2\/posts"}],"about":[{"href":"https:\/\/mdkoswiecim.pl\/index.php\/wp-json\/wp\/v2\/types\/post"}],"author":[{"embeddable":true,"href":"https:\/\/mdkoswiecim.pl\/index.php\/wp-json\/wp\/v2\/users\/2"}],"replies":[{"embeddable":true,"href":"https:\/\/mdkoswiecim.pl\/index.php\/wp-json\/wp\/v2\/comments?post=14288"}],"version-history":[{"count":2,"href":"https:\/\/mdkoswiecim.pl\/index.php\/wp-json\/wp\/v2\/posts\/14288\/revisions"}],"predecessor-version":[{"id":14291,"href":"https:\/\/mdkoswiecim.pl\/index.php\/wp-json\/wp\/v2\/posts\/14288\/revisions\/14291"}],"wp:featuredmedia":[{"embeddable":true,"href":"https:\/\/mdkoswiecim.pl\/index.php\/wp-json\/wp\/v2\/media\/14284"}],"wp:attachment":[{"href":"https:\/\/mdkoswiecim.pl\/index.php\/wp-json\/wp\/v2\/media?parent=14288"}],"wp:term":[{"taxonomy":"category","embeddable":true,"href":"https:\/\/mdkoswiecim.pl\/index.php\/wp-json\/wp\/v2\/categories?post=14288"},{"taxonomy":"post_tag","embeddable":true,"href":"https:\/\/mdkoswiecim.pl\/index.php\/wp-json\/wp\/v2\/tags?post=14288"}],"curies":[{"name":"wp","href":"https:\/\/api.w.org\/{rel}","templated":true}]}}