{"id":14276,"date":"2021-08-16T12:36:53","date_gmt":"2021-08-16T10:36:53","guid":{"rendered":"https:\/\/mdkoswiecim.pl\/?p=14276"},"modified":"2021-08-16T12:36:55","modified_gmt":"2021-08-16T10:36:55","slug":"koncert-jubileuszowy","status":"publish","type":"post","link":"https:\/\/mdkoswiecim.pl\/index.php\/2021\/08\/16\/koncert-jubileuszowy\/","title":{"rendered":"KONCERT JUBILEUSZOWY"},"content":{"rendered":"\n<p>M\u0142odzie\u017cowy Dom Kultury w O\u015bwi\u0119cimiu oraz Starostwo Powiatowe w O\u015bwi\u0119cimiu serdecznie zaprasza dzieci, m\u0142odzie\u017c i doros\u0142ych na JUBILEUSZOWY KONCERT, kt\u00f3ry odb\u0119dzie si\u0119 na o\u015bwi\u0119cimskim rynku 11 wrze\u015bnia 2021 r.<\/p>\n\n\n\n<p>Rozpocz\u0119cie imprezy o godzinie 14.00.<\/p>\n\n\n\n<p>W programie:<\/p>\n\n\n\n<p>koncert os\u00f3b nagrodzonych w Dzieci\u0119cym i M\u0142odzie\u017cowym Konkursie Piosenki<\/p>\n\n\n\n<p>zabawy integracyjne<\/p>\n\n\n\n<p>du\u017ce ba\u0144ki mydlane<\/p>\n\n\n\n<p>zabawy dla dzieci, animacje<\/p>\n\n\n\n<p>modelowanie balon\u00f3w<\/p>\n\n\n\n<p>a na deser&#8230;.<\/p>\n\n\n\n<p>KONCERT ZESPO\u0141\u00d3W:<\/p>\n\n\n\n<p>ULTRASONIC<\/p>\n\n\n\n<p>STARE DZIADY<\/p>\n\n\n\n<p>SIQ.<\/p>\n\n\n\n<figure class=\"wp-block-image size-large\"><img decoding=\"async\" src=\"https:\/\/mdkoswiecim.pl\/wp-content\/uploads\/2021\/08\/mdk-776x1024.jpg\" alt=\"\" class=\"wp-image-14277\"\/><\/figure>\n\n\n\n<p><\/p>\n","protected":false},"excerpt":{"rendered":"<p>M\u0142odzie\u017cowy Dom Kultury w O\u015bwi\u0119cimiu oraz Starostwo Powiatowe w O\u015bwi\u0119cimiu serdecznie zaprasza dzieci, m\u0142odzie\u017c i doros\u0142ych na JUBILEUSZOWY KONCERT, kt\u00f3ry odb\u0119dzie si\u0119 na o\u015bwi\u0119cimskim rynku 11 wrze\u015bnia 2021 r. Rozpocz\u0119cie imprezy o godzinie 14.00. W programie: koncert os\u00f3b nagrodzonych w Dzieci\u0119cym i M\u0142odzie\u017cowym Konkursie Piosenki zabawy integracyjne du\u017ce ba\u0144ki mydlane zabawy dla dzieci, animacje modelowanie [&hellip;]<\/p>\n","protected":false},"author":3,"featured_media":14278,"comment_status":"closed","ping_status":"open","sticky":false,"template":"","format":"standard","meta":{"footnotes":""},"categories":[108],"tags":[],"class_list":["post-14276","post","type-post","status-publish","format-standard","has-post-thumbnail","hentry","category-aktualnosci"],"yoast_head":"<!-- This site is optimized with the Yoast SEO plugin v16.1.1 - https:\/\/yoast.com\/wordpress\/plugins\/seo\/ -->\n<title>KONCERT JUBILEUSZOWY - MDK<\/title>\n<link rel=\"canonical\" href=\"https:\/\/mdkoswiecim.pl\/index.php\/2021\/08\/16\/koncert-jubileuszowy\/\" \/>\n<meta property=\"og:locale\" content=\"pl_PL\" \/>\n<meta property=\"og:type\" content=\"article\" \/>\n<meta property=\"og:title\" content=\"KONCERT JUBILEUSZOWY - MDK\" \/>\n<meta property=\"og:description\" content=\"M\u0142odzie\u017cowy Dom Kultury w O\u015bwi\u0119cimiu oraz Starostwo Powiatowe w O\u015bwi\u0119cimiu serdecznie zaprasza dzieci, m\u0142odzie\u017c i doros\u0142ych na JUBILEUSZOWY KONCERT, kt\u00f3ry odb\u0119dzie si\u0119 na o\u015bwi\u0119cimskim rynku 11 wrze\u015bnia 2021 r. Rozpocz\u0119cie imprezy o godzinie 14.00. W programie: koncert os\u00f3b nagrodzonych w Dzieci\u0119cym i M\u0142odzie\u017cowym Konkursie Piosenki zabawy integracyjne du\u017ce ba\u0144ki mydlane zabawy dla dzieci, animacje modelowanie [&hellip;]\" \/>\n<meta property=\"og:url\" content=\"https:\/\/mdkoswiecim.pl\/index.php\/2021\/08\/16\/koncert-jubileuszowy\/\" \/>\n<meta property=\"og:site_name\" content=\"MDK\" \/>\n<meta property=\"article:published_time\" content=\"2021-08-16T10:36:53+00:00\" \/>\n<meta property=\"article:modified_time\" content=\"2021-08-16T10:36:55+00:00\" \/>\n<meta property=\"og:image\" content=\"https:\/\/mdkoswiecim.pl\/wp-content\/uploads\/2021\/08\/mdk-1-scaled-e1629110190918.jpg\" \/>\n\t<meta property=\"og:image:width\" content=\"1939\" \/>\n\t<meta property=\"og:image:height\" content=\"902\" \/>\n<meta name=\"twitter:card\" content=\"summary_large_image\" \/>\n<meta name=\"twitter:label1\" content=\"Szacowany czas czytania\">\n\t<meta name=\"twitter:data1\" content=\"1 minuta\">\n<script type=\"application\/ld+json\" class=\"yoast-schema-graph\">{\"@context\":\"https:\/\/schema.org\",\"@graph\":[{\"@type\":\"WebSite\",\"@id\":\"https:\/\/mdkoswiecim.pl\/#website\",\"url\":\"https:\/\/mdkoswiecim.pl\/\",\"name\":\"MDK\",\"description\":\"M\\u0142odzie\\u017cowy Dom Kultury w O\\u015bwi\\u0119cimiu\",\"potentialAction\":[{\"@type\":\"SearchAction\",\"target\":\"https:\/\/mdkoswiecim.pl\/?s={search_term_string}\",\"query-input\":\"required name=search_term_string\"}],\"inLanguage\":\"pl-PL\"},{\"@type\":\"ImageObject\",\"@id\":\"https:\/\/mdkoswiecim.pl\/index.php\/2021\/08\/16\/koncert-jubileuszowy\/#primaryimage\",\"inLanguage\":\"pl-PL\",\"url\":\"https:\/\/mdkoswiecim.pl\/wp-content\/uploads\/2021\/08\/mdk-1-scaled-e1629110190918.jpg\",\"contentUrl\":\"https:\/\/mdkoswiecim.pl\/wp-content\/uploads\/2021\/08\/mdk-1-scaled-e1629110190918.jpg\",\"width\":1939,\"height\":902},{\"@type\":\"WebPage\",\"@id\":\"https:\/\/mdkoswiecim.pl\/index.php\/2021\/08\/16\/koncert-jubileuszowy\/#webpage\",\"url\":\"https:\/\/mdkoswiecim.pl\/index.php\/2021\/08\/16\/koncert-jubileuszowy\/\",\"name\":\"KONCERT JUBILEUSZOWY - MDK\",\"isPartOf\":{\"@id\":\"https:\/\/mdkoswiecim.pl\/#website\"},\"primaryImageOfPage\":{\"@id\":\"https:\/\/mdkoswiecim.pl\/index.php\/2021\/08\/16\/koncert-jubileuszowy\/#primaryimage\"},\"datePublished\":\"2021-08-16T10:36:53+00:00\",\"dateModified\":\"2021-08-16T10:36:55+00:00\",\"author\":{\"@id\":\"https:\/\/mdkoswiecim.pl\/#\/schema\/person\/d9c1081e4cfefcbccad7ec11fa250f7a\"},\"breadcrumb\":{\"@id\":\"https:\/\/mdkoswiecim.pl\/index.php\/2021\/08\/16\/koncert-jubileuszowy\/#breadcrumb\"},\"inLanguage\":\"pl-PL\",\"potentialAction\":[{\"@type\":\"ReadAction\",\"target\":[\"https:\/\/mdkoswiecim.pl\/index.php\/2021\/08\/16\/koncert-jubileuszowy\/\"]}]},{\"@type\":\"BreadcrumbList\",\"@id\":\"https:\/\/mdkoswiecim.pl\/index.php\/2021\/08\/16\/koncert-jubileuszowy\/#breadcrumb\",\"itemListElement\":[{\"@type\":\"ListItem\",\"position\":1,\"item\":{\"@type\":\"WebPage\",\"@id\":\"https:\/\/mdkoswiecim.pl\/\",\"url\":\"https:\/\/mdkoswiecim.pl\/\",\"name\":\"Strona g\\u0142\\u00f3wna\"}},{\"@type\":\"ListItem\",\"position\":2,\"item\":{\"@type\":\"WebPage\",\"@id\":\"https:\/\/mdkoswiecim.pl\/index.php\/2021\/08\/16\/koncert-jubileuszowy\/\",\"url\":\"https:\/\/mdkoswiecim.pl\/index.php\/2021\/08\/16\/koncert-jubileuszowy\/\",\"name\":\"KONCERT JUBILEUSZOWY\"}}]},{\"@type\":\"Person\",\"@id\":\"https:\/\/mdkoswiecim.pl\/#\/schema\/person\/d9c1081e4cfefcbccad7ec11fa250f7a\",\"name\":\"alina.kwarciak\",\"image\":{\"@type\":\"ImageObject\",\"@id\":\"https:\/\/mdkoswiecim.pl\/#personlogo\",\"inLanguage\":\"pl-PL\",\"url\":\"https:\/\/secure.gravatar.com\/avatar\/cce8f640650bbd69c0efc0afd2dddb7945a94129b978796401e58cac1eb8b87b?s=96&d=mm&r=g\",\"contentUrl\":\"https:\/\/secure.gravatar.com\/avatar\/cce8f640650bbd69c0efc0afd2dddb7945a94129b978796401e58cac1eb8b87b?s=96&d=mm&r=g\",\"caption\":\"alina.kwarciak\"}}]}<\/script>\n<!-- \/ Yoast SEO plugin. -->","_links":{"self":[{"href":"https:\/\/mdkoswiecim.pl\/index.php\/wp-json\/wp\/v2\/posts\/14276","targetHints":{"allow":["GET"]}}],"collection":[{"href":"https:\/\/mdkoswiecim.pl\/index.php\/wp-json\/wp\/v2\/posts"}],"about":[{"href":"https:\/\/mdkoswiecim.pl\/index.php\/wp-json\/wp\/v2\/types\/post"}],"author":[{"embeddable":true,"href":"https:\/\/mdkoswiecim.pl\/index.php\/wp-json\/wp\/v2\/users\/3"}],"replies":[{"embeddable":true,"href":"https:\/\/mdkoswiecim.pl\/index.php\/wp-json\/wp\/v2\/comments?post=14276"}],"version-history":[{"count":1,"href":"https:\/\/mdkoswiecim.pl\/index.php\/wp-json\/wp\/v2\/posts\/14276\/revisions"}],"predecessor-version":[{"id":14279,"href":"https:\/\/mdkoswiecim.pl\/index.php\/wp-json\/wp\/v2\/posts\/14276\/revisions\/14279"}],"wp:featuredmedia":[{"embeddable":true,"href":"https:\/\/mdkoswiecim.pl\/index.php\/wp-json\/wp\/v2\/media\/14278"}],"wp:attachment":[{"href":"https:\/\/mdkoswiecim.pl\/index.php\/wp-json\/wp\/v2\/media?parent=14276"}],"wp:term":[{"taxonomy":"category","embeddable":true,"href":"https:\/\/mdkoswiecim.pl\/index.php\/wp-json\/wp\/v2\/categories?post=14276"},{"taxonomy":"post_tag","embeddable":true,"href":"https:\/\/mdkoswiecim.pl\/index.php\/wp-json\/wp\/v2\/tags?post=14276"}],"curies":[{"name":"wp","href":"https:\/\/api.w.org\/{rel}","templated":true}]}}