{"id":14268,"date":"2021-08-04T14:27:48","date_gmt":"2021-08-04T12:27:48","guid":{"rendered":"https:\/\/mdkoswiecim.pl\/?p=14268"},"modified":"2021-08-04T14:27:48","modified_gmt":"2021-08-04T12:27:48","slug":"warsztaty-perkusyjne-z-maciejem-slimakiem-starosta","status":"publish","type":"post","link":"https:\/\/mdkoswiecim.pl\/index.php\/2021\/08\/04\/warsztaty-perkusyjne-z-maciejem-slimakiem-starosta\/","title":{"rendered":"Warsztaty perkusyjne z Maciejem &#8220;\u015aLIMAKIEM&#8221; Starost\u0105"},"content":{"rendered":"<p>[vc_row][vc_column][vc_single_image image=&#8221;14271&#8243; img_size=&#8221;large&#8221;][vc_column_text]Serdecznie zapraszamy na BEZP\u0141ATNE warsztaty perkusyjne, prowadzone przez Macieja &#8220;\u015alimaka&#8221; Starost\u0119, kt\u00f3re odb\u0119d\u0105 si\u0119 10.09.2021 w naszej Piwnicy Artystycznej\u00a0 przy ulicy Bema 4 w godzinach od 16:00 do 21:00.<\/p>\n<p>Wszelkie informacje oraz zapisy na warsztaty pod nr tel: 33 8424264<\/p>\n<p>Dokumenty do pobrania:<\/p>\n<p><a href=\"https:\/\/mdkoswiecim.pl\/wp-content\/uploads\/2021\/08\/COVID-PIWNICA.docx\">COVID PIWNICA<\/a>[\/vc_column_text][vc_column_text]Maciej \u201e\u015alimak\u201d Starosta to jeden z najlepszych polskich perkusist\u00f3w. Od pocz\u0105tku zwi\u0105zany z metalowym zespo\u0142em Acid Drinkers. Wsp\u00f3\u0142tw\u00f3rca legendarnego zespo\u0142u Flapjack. Gra\u0142 go\u015bcinnie w zespo\u0142ach Arka Noego, Houk, 2TM23. Od czterech lat wsp\u00f3\u0142tworzy zesp\u00f3\u0142 SIQ. Zdobywca wielu Fryderyk\u00f3w i nagr\u00f3d \u015brodowiska perkusyjnego. Laureat statuetki \u201eNajbardziej inspiruj\u0105cy perkusista\u201d wed\u0142ug czytelnik\u00f3w magazynu \u201ePerkusista\u201d.[\/vc_column_text][\/vc_column][\/vc_row][vc_row][vc_column][\/vc_column][\/vc_row]<\/p>\n","protected":false},"excerpt":{"rendered":"<p>[vc_row][vc_column][vc_single_image image=&#8221;14271&#8243; img_size=&#8221;large&#8221;][vc_column_text]Serdecznie zapraszamy na BEZP\u0141ATNE warsztaty perkusyjne, prowadzone przez Macieja &#8220;\u015alimaka&#8221; Starost\u0119, kt\u00f3re odb\u0119d\u0105 si\u0119 10.09.2021 w naszej Piwnicy Artystycznej\u00a0 przy ulicy Bema 4 w godzinach od 16:00 do 21:00. Wszelkie informacje oraz zapisy na warsztaty pod nr tel: 33 8424264 Dokumenty do pobrania: COVID PIWNICA[\/vc_column_text][vc_column_text]Maciej \u201e\u015alimak\u201d Starosta to jeden z najlepszych polskich perkusist\u00f3w. [&hellip;]<\/p>\n","protected":false},"author":2,"featured_media":14270,"comment_status":"closed","ping_status":"open","sticky":false,"template":"","format":"standard","meta":{"footnotes":""},"categories":[108],"tags":[],"class_list":["post-14268","post","type-post","status-publish","format-standard","has-post-thumbnail","hentry","category-aktualnosci"],"yoast_head":"<!-- This site is optimized with the Yoast SEO plugin v16.1.1 - https:\/\/yoast.com\/wordpress\/plugins\/seo\/ -->\n<title>Warsztaty perkusyjne z Maciejem &quot;\u015aLIMAKIEM&quot; Starost\u0105 - MDK<\/title>\n<link rel=\"canonical\" href=\"https:\/\/mdkoswiecim.pl\/index.php\/2021\/08\/04\/warsztaty-perkusyjne-z-maciejem-slimakiem-starosta\/\" \/>\n<meta property=\"og:locale\" content=\"pl_PL\" \/>\n<meta property=\"og:type\" content=\"article\" \/>\n<meta property=\"og:title\" content=\"Warsztaty perkusyjne z Maciejem &quot;\u015aLIMAKIEM&quot; Starost\u0105 - MDK\" \/>\n<meta property=\"og:description\" content=\"[vc_row][vc_column][vc_single_image image=&#8221;14271&#8243; img_size=&#8221;large&#8221;][vc_column_text]Serdecznie zapraszamy na BEZP\u0141ATNE warsztaty perkusyjne, prowadzone przez Macieja &#8220;\u015alimaka&#8221; Starost\u0119, kt\u00f3re odb\u0119d\u0105 si\u0119 10.09.2021 w naszej Piwnicy Artystycznej\u00a0 przy ulicy Bema 4 w godzinach od 16:00 do 21:00. Wszelkie informacje oraz zapisy na warsztaty pod nr tel: 33 8424264 Dokumenty do pobrania: COVID PIWNICA[\/vc_column_text][vc_column_text]Maciej \u201e\u015alimak\u201d Starosta to jeden z najlepszych polskich perkusist\u00f3w. [&hellip;]\" \/>\n<meta property=\"og:url\" content=\"https:\/\/mdkoswiecim.pl\/index.php\/2021\/08\/04\/warsztaty-perkusyjne-z-maciejem-slimakiem-starosta\/\" \/>\n<meta property=\"og:site_name\" content=\"MDK\" \/>\n<meta property=\"article:published_time\" content=\"2021-08-04T12:27:48+00:00\" \/>\n<meta property=\"og:image\" content=\"https:\/\/mdkoswiecim.pl\/wp-content\/uploads\/2021\/08\/WARSZTATY-PERKUSYJNE-scaled-e1628079729496.jpg\" \/>\n\t<meta property=\"og:image:width\" content=\"1811\" \/>\n\t<meta property=\"og:image:height\" content=\"1600\" \/>\n<meta name=\"twitter:card\" content=\"summary_large_image\" \/>\n<meta name=\"twitter:label1\" content=\"Szacowany czas czytania\">\n\t<meta name=\"twitter:data1\" content=\"1 minuta\">\n<script type=\"application\/ld+json\" class=\"yoast-schema-graph\">{\"@context\":\"https:\/\/schema.org\",\"@graph\":[{\"@type\":\"WebSite\",\"@id\":\"https:\/\/mdkoswiecim.pl\/#website\",\"url\":\"https:\/\/mdkoswiecim.pl\/\",\"name\":\"MDK\",\"description\":\"M\\u0142odzie\\u017cowy Dom Kultury w O\\u015bwi\\u0119cimiu\",\"potentialAction\":[{\"@type\":\"SearchAction\",\"target\":\"https:\/\/mdkoswiecim.pl\/?s={search_term_string}\",\"query-input\":\"required name=search_term_string\"}],\"inLanguage\":\"pl-PL\"},{\"@type\":\"ImageObject\",\"@id\":\"https:\/\/mdkoswiecim.pl\/index.php\/2021\/08\/04\/warsztaty-perkusyjne-z-maciejem-slimakiem-starosta\/#primaryimage\",\"inLanguage\":\"pl-PL\",\"url\":\"https:\/\/mdkoswiecim.pl\/wp-content\/uploads\/2021\/08\/WARSZTATY-PERKUSYJNE-scaled-e1628079729496.jpg\",\"contentUrl\":\"https:\/\/mdkoswiecim.pl\/wp-content\/uploads\/2021\/08\/WARSZTATY-PERKUSYJNE-scaled-e1628079729496.jpg\",\"width\":1811,\"height\":1600},{\"@type\":\"WebPage\",\"@id\":\"https:\/\/mdkoswiecim.pl\/index.php\/2021\/08\/04\/warsztaty-perkusyjne-z-maciejem-slimakiem-starosta\/#webpage\",\"url\":\"https:\/\/mdkoswiecim.pl\/index.php\/2021\/08\/04\/warsztaty-perkusyjne-z-maciejem-slimakiem-starosta\/\",\"name\":\"Warsztaty perkusyjne z Maciejem \\\"\\u015aLIMAKIEM\\\" Starost\\u0105 - MDK\",\"isPartOf\":{\"@id\":\"https:\/\/mdkoswiecim.pl\/#website\"},\"primaryImageOfPage\":{\"@id\":\"https:\/\/mdkoswiecim.pl\/index.php\/2021\/08\/04\/warsztaty-perkusyjne-z-maciejem-slimakiem-starosta\/#primaryimage\"},\"datePublished\":\"2021-08-04T12:27:48+00:00\",\"dateModified\":\"2021-08-04T12:27:48+00:00\",\"author\":{\"@id\":\"https:\/\/mdkoswiecim.pl\/#\/schema\/person\/de4e1c3f9f9805d4834a83cd933e83a4\"},\"breadcrumb\":{\"@id\":\"https:\/\/mdkoswiecim.pl\/index.php\/2021\/08\/04\/warsztaty-perkusyjne-z-maciejem-slimakiem-starosta\/#breadcrumb\"},\"inLanguage\":\"pl-PL\",\"potentialAction\":[{\"@type\":\"ReadAction\",\"target\":[\"https:\/\/mdkoswiecim.pl\/index.php\/2021\/08\/04\/warsztaty-perkusyjne-z-maciejem-slimakiem-starosta\/\"]}]},{\"@type\":\"BreadcrumbList\",\"@id\":\"https:\/\/mdkoswiecim.pl\/index.php\/2021\/08\/04\/warsztaty-perkusyjne-z-maciejem-slimakiem-starosta\/#breadcrumb\",\"itemListElement\":[{\"@type\":\"ListItem\",\"position\":1,\"item\":{\"@type\":\"WebPage\",\"@id\":\"https:\/\/mdkoswiecim.pl\/\",\"url\":\"https:\/\/mdkoswiecim.pl\/\",\"name\":\"Strona g\\u0142\\u00f3wna\"}},{\"@type\":\"ListItem\",\"position\":2,\"item\":{\"@type\":\"WebPage\",\"@id\":\"https:\/\/mdkoswiecim.pl\/index.php\/2021\/08\/04\/warsztaty-perkusyjne-z-maciejem-slimakiem-starosta\/\",\"url\":\"https:\/\/mdkoswiecim.pl\/index.php\/2021\/08\/04\/warsztaty-perkusyjne-z-maciejem-slimakiem-starosta\/\",\"name\":\"Warsztaty perkusyjne z Maciejem &#8220;\\u015aLIMAKIEM&#8221; Starost\\u0105\"}}]},{\"@type\":\"Person\",\"@id\":\"https:\/\/mdkoswiecim.pl\/#\/schema\/person\/de4e1c3f9f9805d4834a83cd933e83a4\",\"name\":\"janusz.majcherek\",\"image\":{\"@type\":\"ImageObject\",\"@id\":\"https:\/\/mdkoswiecim.pl\/#personlogo\",\"inLanguage\":\"pl-PL\",\"url\":\"https:\/\/secure.gravatar.com\/avatar\/841ee0bdfc0ec9800cdb49de086063cd2bdca44d52221b7fee4d6a2db5eafb17?s=96&d=mm&r=g\",\"contentUrl\":\"https:\/\/secure.gravatar.com\/avatar\/841ee0bdfc0ec9800cdb49de086063cd2bdca44d52221b7fee4d6a2db5eafb17?s=96&d=mm&r=g\",\"caption\":\"janusz.majcherek\"}}]}<\/script>\n<!-- \/ Yoast SEO plugin. -->","_links":{"self":[{"href":"https:\/\/mdkoswiecim.pl\/index.php\/wp-json\/wp\/v2\/posts\/14268","targetHints":{"allow":["GET"]}}],"collection":[{"href":"https:\/\/mdkoswiecim.pl\/index.php\/wp-json\/wp\/v2\/posts"}],"about":[{"href":"https:\/\/mdkoswiecim.pl\/index.php\/wp-json\/wp\/v2\/types\/post"}],"author":[{"embeddable":true,"href":"https:\/\/mdkoswiecim.pl\/index.php\/wp-json\/wp\/v2\/users\/2"}],"replies":[{"embeddable":true,"href":"https:\/\/mdkoswiecim.pl\/index.php\/wp-json\/wp\/v2\/comments?post=14268"}],"version-history":[{"count":3,"href":"https:\/\/mdkoswiecim.pl\/index.php\/wp-json\/wp\/v2\/posts\/14268\/revisions"}],"predecessor-version":[{"id":14274,"href":"https:\/\/mdkoswiecim.pl\/index.php\/wp-json\/wp\/v2\/posts\/14268\/revisions\/14274"}],"wp:featuredmedia":[{"embeddable":true,"href":"https:\/\/mdkoswiecim.pl\/index.php\/wp-json\/wp\/v2\/media\/14270"}],"wp:attachment":[{"href":"https:\/\/mdkoswiecim.pl\/index.php\/wp-json\/wp\/v2\/media?parent=14268"}],"wp:term":[{"taxonomy":"category","embeddable":true,"href":"https:\/\/mdkoswiecim.pl\/index.php\/wp-json\/wp\/v2\/categories?post=14268"},{"taxonomy":"post_tag","embeddable":true,"href":"https:\/\/mdkoswiecim.pl\/index.php\/wp-json\/wp\/v2\/tags?post=14268"}],"curies":[{"name":"wp","href":"https:\/\/api.w.org\/{rel}","templated":true}]}}