{"id":14215,"date":"2021-06-23T08:29:56","date_gmt":"2021-06-23T06:29:56","guid":{"rendered":"https:\/\/mdkoswiecim.pl\/?p=14215"},"modified":"2021-06-23T08:30:59","modified_gmt":"2021-06-23T06:30:59","slug":"dzien-ojca","status":"publish","type":"post","link":"https:\/\/mdkoswiecim.pl\/index.php\/2021\/06\/23\/dzien-ojca\/","title":{"rendered":"DZIE\u0143 OJCA"},"content":{"rendered":"\n<p>Kochani Tatusiowie!<\/p>\n\n\n\n<p>Z okazji Waszego \u015bwi\u0119ta \u017cyczymy Wam, \u017ceby\u015bcie mieli w sobie tyle \u015bwiat\u0142a, aby by\u0107 latarni\u0105 dla swoich pociech. Latarni\u0105, kt\u00f3ra o\u015bwietli im drog\u0119 ku przysz\u0142o\u015bci oraz wska\u017ce, gdzie kto\u015b zawsze na nich czeka. \u017byczymy Wam, aby\u015bcie znale\u017ali w sobie ogromne pok\u0142ady mi\u0142o\u015bci, kt\u00f3re uczyni\u0105 z Waszych dzieci dobrych i wra\u017cliwych ludzi. \u017byczymy Wam si\u0142y, kt\u00f3ra nauczy Wasze skarby radzi\u0107 sobie z trudami \u017cycia. I \u017cyczymy Wam satysfakcji z tego, \u017ce jeste\u015bcie najlepszymi Tatusiami na \u015bwiecie. <\/p>\n\n\n\n<p>WSZYSTKIEGO NAJLEPSZEGO \ud83d\ude42<\/p>\n\n\n\n<figure class=\"wp-block-video\"><video height=\"610\" style=\"aspect-ratio: 1102 \/ 610;\" width=\"1102\" controls src=\"https:\/\/mdkoswiecim.pl\/wp-content\/uploads\/2021\/06\/tata2.mp4\"><\/video><\/figure>\n","protected":false},"excerpt":{"rendered":"<p>Kochani Tatusiowie! Z okazji Waszego \u015bwi\u0119ta \u017cyczymy Wam, \u017ceby\u015bcie mieli w sobie tyle \u015bwiat\u0142a, aby by\u0107 latarni\u0105 dla swoich pociech. Latarni\u0105, kt\u00f3ra o\u015bwietli im drog\u0119 ku przysz\u0142o\u015bci oraz wska\u017ce, gdzie kto\u015b zawsze na nich czeka. \u017byczymy Wam, aby\u015bcie znale\u017ali w sobie ogromne pok\u0142ady mi\u0142o\u015bci, kt\u00f3re uczyni\u0105 z Waszych dzieci dobrych i wra\u017cliwych ludzi. \u017byczymy Wam [&hellip;]<\/p>\n","protected":false},"author":3,"featured_media":14216,"comment_status":"closed","ping_status":"open","sticky":false,"template":"","format":"standard","meta":{"footnotes":""},"categories":[108],"tags":[],"class_list":["post-14215","post","type-post","status-publish","format-standard","has-post-thumbnail","hentry","category-aktualnosci"],"yoast_head":"<!-- This site is optimized with the Yoast SEO plugin v16.1.1 - https:\/\/yoast.com\/wordpress\/plugins\/seo\/ -->\n<title>DZIE\u0143 OJCA - MDK<\/title>\n<link rel=\"canonical\" href=\"https:\/\/mdkoswiecim.pl\/index.php\/2021\/06\/23\/dzien-ojca\/\" \/>\n<meta property=\"og:locale\" content=\"pl_PL\" \/>\n<meta property=\"og:type\" content=\"article\" \/>\n<meta property=\"og:title\" content=\"DZIE\u0143 OJCA - MDK\" \/>\n<meta property=\"og:description\" content=\"Kochani Tatusiowie! Z okazji Waszego \u015bwi\u0119ta \u017cyczymy Wam, \u017ceby\u015bcie mieli w sobie tyle \u015bwiat\u0142a, aby by\u0107 latarni\u0105 dla swoich pociech. Latarni\u0105, kt\u00f3ra o\u015bwietli im drog\u0119 ku przysz\u0142o\u015bci oraz wska\u017ce, gdzie kto\u015b zawsze na nich czeka. \u017byczymy Wam, aby\u015bcie znale\u017ali w sobie ogromne pok\u0142ady mi\u0142o\u015bci, kt\u00f3re uczyni\u0105 z Waszych dzieci dobrych i wra\u017cliwych ludzi. \u017byczymy Wam [&hellip;]\" \/>\n<meta property=\"og:url\" content=\"https:\/\/mdkoswiecim.pl\/index.php\/2021\/06\/23\/dzien-ojca\/\" \/>\n<meta property=\"og:site_name\" content=\"MDK\" \/>\n<meta property=\"article:published_time\" content=\"2021-06-23T06:29:56+00:00\" \/>\n<meta property=\"article:modified_time\" content=\"2021-06-23T06:30:59+00:00\" \/>\n<meta property=\"og:image\" content=\"https:\/\/mdkoswiecim.pl\/wp-content\/uploads\/2021\/06\/tata2.jpg\" \/>\n\t<meta property=\"og:image:width\" content=\"617\" \/>\n\t<meta property=\"og:image:height\" content=\"419\" \/>\n<meta name=\"twitter:card\" content=\"summary_large_image\" \/>\n<meta name=\"twitter:label1\" content=\"Szacowany czas czytania\">\n\t<meta name=\"twitter:data1\" content=\"1 minuta\">\n<script type=\"application\/ld+json\" class=\"yoast-schema-graph\">{\"@context\":\"https:\/\/schema.org\",\"@graph\":[{\"@type\":\"WebSite\",\"@id\":\"https:\/\/mdkoswiecim.pl\/#website\",\"url\":\"https:\/\/mdkoswiecim.pl\/\",\"name\":\"MDK\",\"description\":\"M\\u0142odzie\\u017cowy Dom Kultury w O\\u015bwi\\u0119cimiu\",\"potentialAction\":[{\"@type\":\"SearchAction\",\"target\":\"https:\/\/mdkoswiecim.pl\/?s={search_term_string}\",\"query-input\":\"required name=search_term_string\"}],\"inLanguage\":\"pl-PL\"},{\"@type\":\"ImageObject\",\"@id\":\"https:\/\/mdkoswiecim.pl\/index.php\/2021\/06\/23\/dzien-ojca\/#primaryimage\",\"inLanguage\":\"pl-PL\",\"url\":\"https:\/\/mdkoswiecim.pl\/wp-content\/uploads\/2021\/06\/tata2.jpg\",\"contentUrl\":\"https:\/\/mdkoswiecim.pl\/wp-content\/uploads\/2021\/06\/tata2.jpg\",\"width\":617,\"height\":419},{\"@type\":\"WebPage\",\"@id\":\"https:\/\/mdkoswiecim.pl\/index.php\/2021\/06\/23\/dzien-ojca\/#webpage\",\"url\":\"https:\/\/mdkoswiecim.pl\/index.php\/2021\/06\/23\/dzien-ojca\/\",\"name\":\"DZIE\\u0143 OJCA - MDK\",\"isPartOf\":{\"@id\":\"https:\/\/mdkoswiecim.pl\/#website\"},\"primaryImageOfPage\":{\"@id\":\"https:\/\/mdkoswiecim.pl\/index.php\/2021\/06\/23\/dzien-ojca\/#primaryimage\"},\"datePublished\":\"2021-06-23T06:29:56+00:00\",\"dateModified\":\"2021-06-23T06:30:59+00:00\",\"author\":{\"@id\":\"https:\/\/mdkoswiecim.pl\/#\/schema\/person\/d9c1081e4cfefcbccad7ec11fa250f7a\"},\"breadcrumb\":{\"@id\":\"https:\/\/mdkoswiecim.pl\/index.php\/2021\/06\/23\/dzien-ojca\/#breadcrumb\"},\"inLanguage\":\"pl-PL\",\"potentialAction\":[{\"@type\":\"ReadAction\",\"target\":[\"https:\/\/mdkoswiecim.pl\/index.php\/2021\/06\/23\/dzien-ojca\/\"]}]},{\"@type\":\"BreadcrumbList\",\"@id\":\"https:\/\/mdkoswiecim.pl\/index.php\/2021\/06\/23\/dzien-ojca\/#breadcrumb\",\"itemListElement\":[{\"@type\":\"ListItem\",\"position\":1,\"item\":{\"@type\":\"WebPage\",\"@id\":\"https:\/\/mdkoswiecim.pl\/\",\"url\":\"https:\/\/mdkoswiecim.pl\/\",\"name\":\"Strona g\\u0142\\u00f3wna\"}},{\"@type\":\"ListItem\",\"position\":2,\"item\":{\"@type\":\"WebPage\",\"@id\":\"https:\/\/mdkoswiecim.pl\/index.php\/2021\/06\/23\/dzien-ojca\/\",\"url\":\"https:\/\/mdkoswiecim.pl\/index.php\/2021\/06\/23\/dzien-ojca\/\",\"name\":\"DZIE\\u0143 OJCA\"}}]},{\"@type\":\"Person\",\"@id\":\"https:\/\/mdkoswiecim.pl\/#\/schema\/person\/d9c1081e4cfefcbccad7ec11fa250f7a\",\"name\":\"alina.kwarciak\",\"image\":{\"@type\":\"ImageObject\",\"@id\":\"https:\/\/mdkoswiecim.pl\/#personlogo\",\"inLanguage\":\"pl-PL\",\"url\":\"https:\/\/secure.gravatar.com\/avatar\/cce8f640650bbd69c0efc0afd2dddb7945a94129b978796401e58cac1eb8b87b?s=96&d=mm&r=g\",\"contentUrl\":\"https:\/\/secure.gravatar.com\/avatar\/cce8f640650bbd69c0efc0afd2dddb7945a94129b978796401e58cac1eb8b87b?s=96&d=mm&r=g\",\"caption\":\"alina.kwarciak\"}}]}<\/script>\n<!-- \/ Yoast SEO plugin. -->","_links":{"self":[{"href":"https:\/\/mdkoswiecim.pl\/index.php\/wp-json\/wp\/v2\/posts\/14215","targetHints":{"allow":["GET"]}}],"collection":[{"href":"https:\/\/mdkoswiecim.pl\/index.php\/wp-json\/wp\/v2\/posts"}],"about":[{"href":"https:\/\/mdkoswiecim.pl\/index.php\/wp-json\/wp\/v2\/types\/post"}],"author":[{"embeddable":true,"href":"https:\/\/mdkoswiecim.pl\/index.php\/wp-json\/wp\/v2\/users\/3"}],"replies":[{"embeddable":true,"href":"https:\/\/mdkoswiecim.pl\/index.php\/wp-json\/wp\/v2\/comments?post=14215"}],"version-history":[{"count":2,"href":"https:\/\/mdkoswiecim.pl\/index.php\/wp-json\/wp\/v2\/posts\/14215\/revisions"}],"predecessor-version":[{"id":14219,"href":"https:\/\/mdkoswiecim.pl\/index.php\/wp-json\/wp\/v2\/posts\/14215\/revisions\/14219"}],"wp:featuredmedia":[{"embeddable":true,"href":"https:\/\/mdkoswiecim.pl\/index.php\/wp-json\/wp\/v2\/media\/14216"}],"wp:attachment":[{"href":"https:\/\/mdkoswiecim.pl\/index.php\/wp-json\/wp\/v2\/media?parent=14215"}],"wp:term":[{"taxonomy":"category","embeddable":true,"href":"https:\/\/mdkoswiecim.pl\/index.php\/wp-json\/wp\/v2\/categories?post=14215"},{"taxonomy":"post_tag","embeddable":true,"href":"https:\/\/mdkoswiecim.pl\/index.php\/wp-json\/wp\/v2\/tags?post=14215"}],"curies":[{"name":"wp","href":"https:\/\/api.w.org\/{rel}","templated":true}]}}