{"id":14203,"date":"2021-06-16T14:10:09","date_gmt":"2021-06-16T12:10:09","guid":{"rendered":"https:\/\/mdkoswiecim.pl\/?p=14203"},"modified":"2021-06-16T14:23:09","modified_gmt":"2021-06-16T12:23:09","slug":"debiutancki-album-ultrasonic-juz-wkrotce","status":"publish","type":"post","link":"https:\/\/mdkoswiecim.pl\/index.php\/2021\/06\/16\/debiutancki-album-ultrasonic-juz-wkrotce\/","title":{"rendered":"Debiutancki album ULTRASONIC ju\u017c wkr\u00f3tce."},"content":{"rendered":"\n<p>Mi\u0142o nam poinformowa\u0107, \u017ce wkr\u00f3tce uka\u017ce si\u0119 debiutancki album o\u015bwi\u0119cimskiego zespo\u0142u\u00a0 ULTRASONIC. Patronem tego przedsi\u0119wzi\u0119cia jest Starosta O\u015bwi\u0119cimski oraz M\u0142odzie\u017cowy Dom Kultury w O\u015bwi\u0119cimiu.<\/p>\n\n\n\n<p> Zesp\u00f3\u0142 tworz\u0105 muzycy, nauczyciele naszej plac\u00f3wki  Kamila Sibik i Janusz Majcherek.&nbsp; Zesp\u00f3\u0142 kilkakrotnie wyst\u0119powa\u0142 w O\u015bwi\u0119cimiu ale r\u00f3wnie\u017c koncertowa\u0142 poza granicami kraju.<\/p>\n\n\n\n<p>P\u0142yta, kt\u00f3ra si\u0119 uka\u017ce, jest opowie\u015bci\u0105 zamkni\u0119t\u0105&nbsp; w 10 utworach, stworzon\u0105 na podstawie osobistych przemy\u015ble\u0144 i prze\u017cy\u0107.<\/p>\n\n\n\n<p>Zach\u0119camy do obejrzenia zapowiedzi tego albumu.<\/p>\n\n\n\n<figure class=\"wp-block-embed is-type-video is-provider-youtube wp-block-embed-youtube wp-embed-aspect-16-9 wp-has-aspect-ratio\"><div class=\"wp-block-embed__wrapper\">\n<iframe loading=\"lazy\" title=\"ULTRASONIC - ZAPOWIED\u0179 ALBUMU\" width=\"1110\" height=\"624\" src=\"https:\/\/www.youtube.com\/embed\/7orCOeyRGtE?feature=oembed\" frameborder=\"0\" allow=\"accelerometer; autoplay; clipboard-write; encrypted-media; gyroscope; picture-in-picture\" allowfullscreen><\/iframe>\n<\/div><\/figure>\n\n\n\n<p> <\/p>\n","protected":false},"excerpt":{"rendered":"<p>Mi\u0142o nam poinformowa\u0107, \u017ce wkr\u00f3tce uka\u017ce si\u0119 debiutancki album o\u015bwi\u0119cimskiego zespo\u0142u\u00a0 ULTRASONIC. Patronem tego przedsi\u0119wzi\u0119cia jest Starosta O\u015bwi\u0119cimski oraz M\u0142odzie\u017cowy Dom Kultury w O\u015bwi\u0119cimiu. Zesp\u00f3\u0142 tworz\u0105 muzycy, nauczyciele naszej plac\u00f3wki Kamila Sibik i Janusz Majcherek.&nbsp; Zesp\u00f3\u0142 kilkakrotnie wyst\u0119powa\u0142 w O\u015bwi\u0119cimiu ale r\u00f3wnie\u017c koncertowa\u0142 poza granicami kraju. P\u0142yta, kt\u00f3ra si\u0119 uka\u017ce, jest opowie\u015bci\u0105 zamkni\u0119t\u0105&nbsp; w 10 [&hellip;]<\/p>\n","protected":false},"author":2,"featured_media":14204,"comment_status":"closed","ping_status":"open","sticky":false,"template":"","format":"standard","meta":{"footnotes":""},"categories":[108],"tags":[205],"class_list":["post-14203","post","type-post","status-publish","format-standard","has-post-thumbnail","hentry","category-aktualnosci","tag-ultrasonic"],"yoast_head":"<!-- This site is optimized with the Yoast SEO plugin v16.1.1 - https:\/\/yoast.com\/wordpress\/plugins\/seo\/ -->\n<title>Debiutancki album ULTRASONIC ju\u017c wkr\u00f3tce. - MDK<\/title>\n<link rel=\"canonical\" href=\"https:\/\/mdkoswiecim.pl\/index.php\/2021\/06\/16\/debiutancki-album-ultrasonic-juz-wkrotce\/\" \/>\n<meta property=\"og:locale\" content=\"pl_PL\" \/>\n<meta property=\"og:type\" content=\"article\" \/>\n<meta property=\"og:title\" content=\"Debiutancki album ULTRASONIC ju\u017c wkr\u00f3tce. - MDK\" \/>\n<meta property=\"og:description\" content=\"Mi\u0142o nam poinformowa\u0107, \u017ce wkr\u00f3tce uka\u017ce si\u0119 debiutancki album o\u015bwi\u0119cimskiego zespo\u0142u\u00a0 ULTRASONIC. Patronem tego przedsi\u0119wzi\u0119cia jest Starosta O\u015bwi\u0119cimski oraz M\u0142odzie\u017cowy Dom Kultury w O\u015bwi\u0119cimiu. Zesp\u00f3\u0142 tworz\u0105 muzycy, nauczyciele naszej plac\u00f3wki Kamila Sibik i Janusz Majcherek.&nbsp; Zesp\u00f3\u0142 kilkakrotnie wyst\u0119powa\u0142 w O\u015bwi\u0119cimiu ale r\u00f3wnie\u017c koncertowa\u0142 poza granicami kraju. P\u0142yta, kt\u00f3ra si\u0119 uka\u017ce, jest opowie\u015bci\u0105 zamkni\u0119t\u0105&nbsp; w 10 [&hellip;]\" \/>\n<meta property=\"og:url\" content=\"https:\/\/mdkoswiecim.pl\/index.php\/2021\/06\/16\/debiutancki-album-ultrasonic-juz-wkrotce\/\" \/>\n<meta property=\"og:site_name\" content=\"MDK\" \/>\n<meta property=\"article:published_time\" content=\"2021-06-16T12:10:09+00:00\" \/>\n<meta property=\"article:modified_time\" content=\"2021-06-16T12:23:09+00:00\" \/>\n<meta property=\"og:image\" content=\"https:\/\/mdkoswiecim.pl\/wp-content\/uploads\/2021\/06\/70390721_733479333746473_3749292169194635264_n.jpg\" \/>\n\t<meta property=\"og:image:width\" content=\"2048\" \/>\n\t<meta property=\"og:image:height\" content=\"1365\" \/>\n<meta name=\"twitter:card\" content=\"summary_large_image\" \/>\n<meta name=\"twitter:label1\" content=\"Szacowany czas czytania\">\n\t<meta name=\"twitter:data1\" content=\"1 minuta\">\n<script type=\"application\/ld+json\" class=\"yoast-schema-graph\">{\"@context\":\"https:\/\/schema.org\",\"@graph\":[{\"@type\":\"WebSite\",\"@id\":\"https:\/\/mdkoswiecim.pl\/#website\",\"url\":\"https:\/\/mdkoswiecim.pl\/\",\"name\":\"MDK\",\"description\":\"M\\u0142odzie\\u017cowy Dom Kultury w O\\u015bwi\\u0119cimiu\",\"potentialAction\":[{\"@type\":\"SearchAction\",\"target\":\"https:\/\/mdkoswiecim.pl\/?s={search_term_string}\",\"query-input\":\"required name=search_term_string\"}],\"inLanguage\":\"pl-PL\"},{\"@type\":\"ImageObject\",\"@id\":\"https:\/\/mdkoswiecim.pl\/index.php\/2021\/06\/16\/debiutancki-album-ultrasonic-juz-wkrotce\/#primaryimage\",\"inLanguage\":\"pl-PL\",\"url\":\"https:\/\/mdkoswiecim.pl\/wp-content\/uploads\/2021\/06\/70390721_733479333746473_3749292169194635264_n.jpg\",\"contentUrl\":\"https:\/\/mdkoswiecim.pl\/wp-content\/uploads\/2021\/06\/70390721_733479333746473_3749292169194635264_n.jpg\",\"width\":2048,\"height\":1365},{\"@type\":\"WebPage\",\"@id\":\"https:\/\/mdkoswiecim.pl\/index.php\/2021\/06\/16\/debiutancki-album-ultrasonic-juz-wkrotce\/#webpage\",\"url\":\"https:\/\/mdkoswiecim.pl\/index.php\/2021\/06\/16\/debiutancki-album-ultrasonic-juz-wkrotce\/\",\"name\":\"Debiutancki album ULTRASONIC ju\\u017c wkr\\u00f3tce. - MDK\",\"isPartOf\":{\"@id\":\"https:\/\/mdkoswiecim.pl\/#website\"},\"primaryImageOfPage\":{\"@id\":\"https:\/\/mdkoswiecim.pl\/index.php\/2021\/06\/16\/debiutancki-album-ultrasonic-juz-wkrotce\/#primaryimage\"},\"datePublished\":\"2021-06-16T12:10:09+00:00\",\"dateModified\":\"2021-06-16T12:23:09+00:00\",\"author\":{\"@id\":\"https:\/\/mdkoswiecim.pl\/#\/schema\/person\/de4e1c3f9f9805d4834a83cd933e83a4\"},\"breadcrumb\":{\"@id\":\"https:\/\/mdkoswiecim.pl\/index.php\/2021\/06\/16\/debiutancki-album-ultrasonic-juz-wkrotce\/#breadcrumb\"},\"inLanguage\":\"pl-PL\",\"potentialAction\":[{\"@type\":\"ReadAction\",\"target\":[\"https:\/\/mdkoswiecim.pl\/index.php\/2021\/06\/16\/debiutancki-album-ultrasonic-juz-wkrotce\/\"]}]},{\"@type\":\"BreadcrumbList\",\"@id\":\"https:\/\/mdkoswiecim.pl\/index.php\/2021\/06\/16\/debiutancki-album-ultrasonic-juz-wkrotce\/#breadcrumb\",\"itemListElement\":[{\"@type\":\"ListItem\",\"position\":1,\"item\":{\"@type\":\"WebPage\",\"@id\":\"https:\/\/mdkoswiecim.pl\/\",\"url\":\"https:\/\/mdkoswiecim.pl\/\",\"name\":\"Strona g\\u0142\\u00f3wna\"}},{\"@type\":\"ListItem\",\"position\":2,\"item\":{\"@type\":\"WebPage\",\"@id\":\"https:\/\/mdkoswiecim.pl\/index.php\/2021\/06\/16\/debiutancki-album-ultrasonic-juz-wkrotce\/\",\"url\":\"https:\/\/mdkoswiecim.pl\/index.php\/2021\/06\/16\/debiutancki-album-ultrasonic-juz-wkrotce\/\",\"name\":\"Debiutancki album ULTRASONIC ju\\u017c wkr\\u00f3tce.\"}}]},{\"@type\":\"Person\",\"@id\":\"https:\/\/mdkoswiecim.pl\/#\/schema\/person\/de4e1c3f9f9805d4834a83cd933e83a4\",\"name\":\"janusz.majcherek\",\"image\":{\"@type\":\"ImageObject\",\"@id\":\"https:\/\/mdkoswiecim.pl\/#personlogo\",\"inLanguage\":\"pl-PL\",\"url\":\"https:\/\/secure.gravatar.com\/avatar\/841ee0bdfc0ec9800cdb49de086063cd2bdca44d52221b7fee4d6a2db5eafb17?s=96&d=mm&r=g\",\"contentUrl\":\"https:\/\/secure.gravatar.com\/avatar\/841ee0bdfc0ec9800cdb49de086063cd2bdca44d52221b7fee4d6a2db5eafb17?s=96&d=mm&r=g\",\"caption\":\"janusz.majcherek\"}}]}<\/script>\n<!-- \/ Yoast SEO plugin. -->","_links":{"self":[{"href":"https:\/\/mdkoswiecim.pl\/index.php\/wp-json\/wp\/v2\/posts\/14203","targetHints":{"allow":["GET"]}}],"collection":[{"href":"https:\/\/mdkoswiecim.pl\/index.php\/wp-json\/wp\/v2\/posts"}],"about":[{"href":"https:\/\/mdkoswiecim.pl\/index.php\/wp-json\/wp\/v2\/types\/post"}],"author":[{"embeddable":true,"href":"https:\/\/mdkoswiecim.pl\/index.php\/wp-json\/wp\/v2\/users\/2"}],"replies":[{"embeddable":true,"href":"https:\/\/mdkoswiecim.pl\/index.php\/wp-json\/wp\/v2\/comments?post=14203"}],"version-history":[{"count":2,"href":"https:\/\/mdkoswiecim.pl\/index.php\/wp-json\/wp\/v2\/posts\/14203\/revisions"}],"predecessor-version":[{"id":14207,"href":"https:\/\/mdkoswiecim.pl\/index.php\/wp-json\/wp\/v2\/posts\/14203\/revisions\/14207"}],"wp:featuredmedia":[{"embeddable":true,"href":"https:\/\/mdkoswiecim.pl\/index.php\/wp-json\/wp\/v2\/media\/14204"}],"wp:attachment":[{"href":"https:\/\/mdkoswiecim.pl\/index.php\/wp-json\/wp\/v2\/media?parent=14203"}],"wp:term":[{"taxonomy":"category","embeddable":true,"href":"https:\/\/mdkoswiecim.pl\/index.php\/wp-json\/wp\/v2\/categories?post=14203"},{"taxonomy":"post_tag","embeddable":true,"href":"https:\/\/mdkoswiecim.pl\/index.php\/wp-json\/wp\/v2\/tags?post=14203"}],"curies":[{"name":"wp","href":"https:\/\/api.w.org\/{rel}","templated":true}]}}