{"id":14123,"date":"2021-06-01T12:32:39","date_gmt":"2021-06-01T10:32:39","guid":{"rendered":"https:\/\/mdkoswiecim.pl\/?p=14123"},"modified":"2021-06-01T14:51:07","modified_gmt":"2021-06-01T12:51:07","slug":"zyczenia-na-dzien-dziecka","status":"publish","type":"post","link":"https:\/\/mdkoswiecim.pl\/index.php\/2021\/06\/01\/zyczenia-na-dzien-dziecka\/","title":{"rendered":"\u017bYCZENIA NA DZIE\u0143 DZIECKA :)"},"content":{"rendered":"\n<p>Dzi\u015b najpi\u0119kniejszy dzie\u0144 w roku &#8211; DZIE\u0143 DZIECKA <img loading=\"lazy\" decoding=\"async\" alt=\"?\" src=\"https:\/\/static.xx.fbcdn.net\/images\/emoji.php\/v9\/t4c\/1\/16\/1f642.png\" width=\"16\" height=\"16\">Z tej okazji \u017cyczymy wszystkim ma\u0142ym i du\u017cym beztroski, rado\u015bci, spe\u0142nienia marze\u0144, szale\u0144stwa i zdrowia, \u017ceby wszystkie marzenia mog\u0142y si\u0119 spe\u0142ni\u0107 i zamieni\u0107 w realno\u015b\u0107 <img loading=\"lazy\" decoding=\"async\" alt=\"?\" src=\"https:\/\/static.xx.fbcdn.net\/images\/emoji.php\/v9\/t4c\/1\/16\/1f642.png\" width=\"16\" height=\"16\"><\/p>\n\n\n\n<figure class=\"wp-block-gallery columns-3 is-cropped wp-block-gallery-1 is-layout-flex wp-block-gallery-is-layout-flex\"><ul class=\"blocks-gallery-grid\"><li class=\"blocks-gallery-item\"><figure><img loading=\"lazy\" decoding=\"async\" width=\"768\" height=\"1024\" src=\"https:\/\/mdkoswiecim.pl\/wp-content\/uploads\/2021\/06\/193510638_138522744905051_8748555177373053386_n-768x1024.jpg\" alt=\"\" data-id=\"14126\" data-link=\"https:\/\/mdkoswiecim.pl\/index.php\/2021\/06\/01\/zyczenia-na-dzien-dziecka\/193510638_138522744905051_8748555177373053386_n\/\" class=\"wp-image-14126\" srcset=\"https:\/\/mdkoswiecim.pl\/wp-content\/uploads\/2021\/06\/193510638_138522744905051_8748555177373053386_n-768x1024.jpg 768w, https:\/\/mdkoswiecim.pl\/wp-content\/uploads\/2021\/06\/193510638_138522744905051_8748555177373053386_n-225x300.jpg 225w, https:\/\/mdkoswiecim.pl\/wp-content\/uploads\/2021\/06\/193510638_138522744905051_8748555177373053386_n-1152x1536.jpg 1152w, https:\/\/mdkoswiecim.pl\/wp-content\/uploads\/2021\/06\/193510638_138522744905051_8748555177373053386_n.jpg 1200w\" sizes=\"auto, (max-width: 768px) 100vw, 768px\" \/><figcaption class=\"blocks-gallery-item__caption\">kwiatki z balon\u00f3w<br>w MDK<\/figcaption><\/figure><\/li><li class=\"blocks-gallery-item\"><figure><img loading=\"lazy\" decoding=\"async\" width=\"768\" height=\"1024\" src=\"https:\/\/mdkoswiecim.pl\/wp-content\/uploads\/2021\/06\/193563811_2577267892568011_550201124664558775_n-768x1024.jpg\" alt=\"\" data-id=\"14127\" data-link=\"https:\/\/mdkoswiecim.pl\/index.php\/2021\/06\/01\/zyczenia-na-dzien-dziecka\/193563811_2577267892568011_550201124664558775_n\/\" class=\"wp-image-14127\" srcset=\"https:\/\/mdkoswiecim.pl\/wp-content\/uploads\/2021\/06\/193563811_2577267892568011_550201124664558775_n-768x1024.jpg 768w, https:\/\/mdkoswiecim.pl\/wp-content\/uploads\/2021\/06\/193563811_2577267892568011_550201124664558775_n-225x300.jpg 225w, https:\/\/mdkoswiecim.pl\/wp-content\/uploads\/2021\/06\/193563811_2577267892568011_550201124664558775_n-1152x1536.jpg 1152w, https:\/\/mdkoswiecim.pl\/wp-content\/uploads\/2021\/06\/193563811_2577267892568011_550201124664558775_n.jpg 1200w\" sizes=\"auto, (max-width: 768px) 100vw, 768px\" \/><figcaption class=\"blocks-gallery-item__caption\">balonowe szable <br>w MDK<\/figcaption><\/figure><\/li><li class=\"blocks-gallery-item\"><figure><img loading=\"lazy\" decoding=\"async\" width=\"1024\" height=\"768\" src=\"https:\/\/mdkoswiecim.pl\/wp-content\/uploads\/2021\/06\/193996594_137410325118154_2973674578022675191_n-1024x768.jpg\" alt=\"\" data-id=\"14128\" data-link=\"https:\/\/mdkoswiecim.pl\/index.php\/2021\/06\/01\/zyczenia-na-dzien-dziecka\/193996594_137410325118154_2973674578022675191_n\/\" class=\"wp-image-14128\" srcset=\"https:\/\/mdkoswiecim.pl\/wp-content\/uploads\/2021\/06\/193996594_137410325118154_2973674578022675191_n-1024x768.jpg 1024w, https:\/\/mdkoswiecim.pl\/wp-content\/uploads\/2021\/06\/193996594_137410325118154_2973674578022675191_n-300x225.jpg 300w, https:\/\/mdkoswiecim.pl\/wp-content\/uploads\/2021\/06\/193996594_137410325118154_2973674578022675191_n-768x576.jpg 768w, https:\/\/mdkoswiecim.pl\/wp-content\/uploads\/2021\/06\/193996594_137410325118154_2973674578022675191_n-1536x1152.jpg 1536w, https:\/\/mdkoswiecim.pl\/wp-content\/uploads\/2021\/06\/193996594_137410325118154_2973674578022675191_n.jpg 1600w\" sizes=\"auto, (max-width: 1024px) 100vw, 1024px\" \/><figcaption class=\"blocks-gallery-item__caption\">kwiatki z balon\u00f3w<br>w MDK<\/figcaption><\/figure><\/li><li class=\"blocks-gallery-item\"><figure><img loading=\"lazy\" decoding=\"async\" width=\"768\" height=\"1024\" src=\"https:\/\/mdkoswiecim.pl\/wp-content\/uploads\/2021\/06\/194367752_916690932230559_1894327586820581552_n-768x1024.jpg\" alt=\"\" data-id=\"14129\" data-link=\"https:\/\/mdkoswiecim.pl\/index.php\/2021\/06\/01\/zyczenia-na-dzien-dziecka\/194367752_916690932230559_1894327586820581552_n\/\" class=\"wp-image-14129\" srcset=\"https:\/\/mdkoswiecim.pl\/wp-content\/uploads\/2021\/06\/194367752_916690932230559_1894327586820581552_n-768x1024.jpg 768w, https:\/\/mdkoswiecim.pl\/wp-content\/uploads\/2021\/06\/194367752_916690932230559_1894327586820581552_n-225x300.jpg 225w, https:\/\/mdkoswiecim.pl\/wp-content\/uploads\/2021\/06\/194367752_916690932230559_1894327586820581552_n-1152x1536.jpg 1152w, https:\/\/mdkoswiecim.pl\/wp-content\/uploads\/2021\/06\/194367752_916690932230559_1894327586820581552_n.jpg 1200w\" sizes=\"auto, (max-width: 768px) 100vw, 768px\" \/><figcaption class=\"blocks-gallery-item__caption\">zwierz\u0119ta z balon\u00f3w<br>w MDK<\/figcaption><\/figure><\/li><li class=\"blocks-gallery-item\"><figure><img loading=\"lazy\" decoding=\"async\" width=\"768\" height=\"1024\" src=\"https:\/\/mdkoswiecim.pl\/wp-content\/uploads\/2021\/06\/194425084_919910018558242_5904547434892101280_n-768x1024.jpg\" alt=\"\" data-id=\"14130\" data-link=\"https:\/\/mdkoswiecim.pl\/index.php\/2021\/06\/01\/zyczenia-na-dzien-dziecka\/194425084_919910018558242_5904547434892101280_n\/\" class=\"wp-image-14130\" srcset=\"https:\/\/mdkoswiecim.pl\/wp-content\/uploads\/2021\/06\/194425084_919910018558242_5904547434892101280_n-768x1024.jpg 768w, https:\/\/mdkoswiecim.pl\/wp-content\/uploads\/2021\/06\/194425084_919910018558242_5904547434892101280_n-225x300.jpg 225w, https:\/\/mdkoswiecim.pl\/wp-content\/uploads\/2021\/06\/194425084_919910018558242_5904547434892101280_n-1152x1536.jpg 1152w, https:\/\/mdkoswiecim.pl\/wp-content\/uploads\/2021\/06\/194425084_919910018558242_5904547434892101280_n.jpg 1200w\" sizes=\"auto, (max-width: 768px) 100vw, 768px\" \/><figcaption class=\"blocks-gallery-item__caption\">dekoracje z balon\u00f3w <br>w MDK<\/figcaption><\/figure><\/li><li class=\"blocks-gallery-item\"><figure><img loading=\"lazy\" decoding=\"async\" width=\"703\" height=\"1024\" src=\"https:\/\/mdkoswiecim.pl\/wp-content\/uploads\/2021\/06\/193941868_806341960300540_1170317858184950730_n-703x1024.jpg\" alt=\"\" data-id=\"14132\" data-full-url=\"https:\/\/mdkoswiecim.pl\/wp-content\/uploads\/2021\/06\/193941868_806341960300540_1170317858184950730_n.jpg\" data-link=\"https:\/\/mdkoswiecim.pl\/index.php\/2021\/06\/01\/zyczenia-na-dzien-dziecka\/193941868_806341960300540_1170317858184950730_n\/\" class=\"wp-image-14132\" srcset=\"https:\/\/mdkoswiecim.pl\/wp-content\/uploads\/2021\/06\/193941868_806341960300540_1170317858184950730_n-703x1024.jpg 703w, https:\/\/mdkoswiecim.pl\/wp-content\/uploads\/2021\/06\/193941868_806341960300540_1170317858184950730_n-206x300.jpg 206w, https:\/\/mdkoswiecim.pl\/wp-content\/uploads\/2021\/06\/193941868_806341960300540_1170317858184950730_n-768x1119.jpg 768w, https:\/\/mdkoswiecim.pl\/wp-content\/uploads\/2021\/06\/193941868_806341960300540_1170317858184950730_n-1055x1536.jpg 1055w, https:\/\/mdkoswiecim.pl\/wp-content\/uploads\/2021\/06\/193941868_806341960300540_1170317858184950730_n.jpg 1406w\" sizes=\"auto, (max-width: 703px) 100vw, 703px\" \/><figcaption class=\"blocks-gallery-item__caption\">kwiatki z balon\u00f3w<br>w MDK<\/figcaption><\/figure><\/li><\/ul><\/figure>\n","protected":false},"excerpt":{"rendered":"<p>Dzi\u015b najpi\u0119kniejszy dzie\u0144 w roku &#8211; DZIE\u0143 DZIECKA Z tej okazji \u017cyczymy wszystkim ma\u0142ym i du\u017cym beztroski, rado\u015bci, spe\u0142nienia marze\u0144, szale\u0144stwa i zdrowia, \u017ceby wszystkie marzenia mog\u0142y si\u0119 spe\u0142ni\u0107 i zamieni\u0107 w realno\u015b\u0107<\/p>\n","protected":false},"author":3,"featured_media":14124,"comment_status":"closed","ping_status":"open","sticky":false,"template":"","format":"standard","meta":{"footnotes":""},"categories":[108],"tags":[],"class_list":["post-14123","post","type-post","status-publish","format-standard","has-post-thumbnail","hentry","category-aktualnosci"],"yoast_head":"<!-- This site is optimized with the Yoast SEO plugin v16.1.1 - https:\/\/yoast.com\/wordpress\/plugins\/seo\/ -->\n<title>\u017bYCZENIA NA DZIE\u0143 DZIECKA :) - MDK<\/title>\n<link rel=\"canonical\" href=\"https:\/\/mdkoswiecim.pl\/index.php\/2021\/06\/01\/zyczenia-na-dzien-dziecka\/\" \/>\n<meta property=\"og:locale\" content=\"pl_PL\" \/>\n<meta property=\"og:type\" content=\"article\" \/>\n<meta property=\"og:title\" content=\"\u017bYCZENIA NA DZIE\u0143 DZIECKA :) - MDK\" \/>\n<meta property=\"og:description\" content=\"Dzi\u015b najpi\u0119kniejszy dzie\u0144 w roku &#8211; DZIE\u0143 DZIECKA Z tej okazji \u017cyczymy wszystkim ma\u0142ym i du\u017cym beztroski, rado\u015bci, spe\u0142nienia marze\u0144, szale\u0144stwa i zdrowia, \u017ceby wszystkie marzenia mog\u0142y si\u0119 spe\u0142ni\u0107 i zamieni\u0107 w realno\u015b\u0107\" \/>\n<meta property=\"og:url\" content=\"https:\/\/mdkoswiecim.pl\/index.php\/2021\/06\/01\/zyczenia-na-dzien-dziecka\/\" \/>\n<meta property=\"og:site_name\" content=\"MDK\" \/>\n<meta property=\"article:published_time\" content=\"2021-06-01T10:32:39+00:00\" \/>\n<meta property=\"article:modified_time\" content=\"2021-06-01T12:51:07+00:00\" \/>\n<meta property=\"og:image\" content=\"https:\/\/mdkoswiecim.pl\/wp-content\/uploads\/2021\/06\/bicycle-3045580_1920.jpg\" \/>\n\t<meta property=\"og:image:width\" content=\"1920\" \/>\n\t<meta property=\"og:image:height\" content=\"1368\" \/>\n<meta name=\"twitter:card\" content=\"summary_large_image\" \/>\n<meta name=\"twitter:label1\" content=\"Szacowany czas czytania\">\n\t<meta name=\"twitter:data1\" content=\"2 minuty\">\n<script type=\"application\/ld+json\" class=\"yoast-schema-graph\">{\"@context\":\"https:\/\/schema.org\",\"@graph\":[{\"@type\":\"WebSite\",\"@id\":\"https:\/\/mdkoswiecim.pl\/#website\",\"url\":\"https:\/\/mdkoswiecim.pl\/\",\"name\":\"MDK\",\"description\":\"M\\u0142odzie\\u017cowy Dom Kultury w O\\u015bwi\\u0119cimiu\",\"potentialAction\":[{\"@type\":\"SearchAction\",\"target\":\"https:\/\/mdkoswiecim.pl\/?s={search_term_string}\",\"query-input\":\"required name=search_term_string\"}],\"inLanguage\":\"pl-PL\"},{\"@type\":\"ImageObject\",\"@id\":\"https:\/\/mdkoswiecim.pl\/index.php\/2021\/06\/01\/zyczenia-na-dzien-dziecka\/#primaryimage\",\"inLanguage\":\"pl-PL\",\"url\":\"https:\/\/mdkoswiecim.pl\/wp-content\/uploads\/2021\/06\/bicycle-3045580_1920.jpg\",\"contentUrl\":\"https:\/\/mdkoswiecim.pl\/wp-content\/uploads\/2021\/06\/bicycle-3045580_1920.jpg\",\"width\":1920,\"height\":1368},{\"@type\":\"WebPage\",\"@id\":\"https:\/\/mdkoswiecim.pl\/index.php\/2021\/06\/01\/zyczenia-na-dzien-dziecka\/#webpage\",\"url\":\"https:\/\/mdkoswiecim.pl\/index.php\/2021\/06\/01\/zyczenia-na-dzien-dziecka\/\",\"name\":\"\\u017bYCZENIA NA DZIE\\u0143 DZIECKA :) - MDK\",\"isPartOf\":{\"@id\":\"https:\/\/mdkoswiecim.pl\/#website\"},\"primaryImageOfPage\":{\"@id\":\"https:\/\/mdkoswiecim.pl\/index.php\/2021\/06\/01\/zyczenia-na-dzien-dziecka\/#primaryimage\"},\"datePublished\":\"2021-06-01T10:32:39+00:00\",\"dateModified\":\"2021-06-01T12:51:07+00:00\",\"author\":{\"@id\":\"https:\/\/mdkoswiecim.pl\/#\/schema\/person\/d9c1081e4cfefcbccad7ec11fa250f7a\"},\"breadcrumb\":{\"@id\":\"https:\/\/mdkoswiecim.pl\/index.php\/2021\/06\/01\/zyczenia-na-dzien-dziecka\/#breadcrumb\"},\"inLanguage\":\"pl-PL\",\"potentialAction\":[{\"@type\":\"ReadAction\",\"target\":[\"https:\/\/mdkoswiecim.pl\/index.php\/2021\/06\/01\/zyczenia-na-dzien-dziecka\/\"]}]},{\"@type\":\"BreadcrumbList\",\"@id\":\"https:\/\/mdkoswiecim.pl\/index.php\/2021\/06\/01\/zyczenia-na-dzien-dziecka\/#breadcrumb\",\"itemListElement\":[{\"@type\":\"ListItem\",\"position\":1,\"item\":{\"@type\":\"WebPage\",\"@id\":\"https:\/\/mdkoswiecim.pl\/\",\"url\":\"https:\/\/mdkoswiecim.pl\/\",\"name\":\"Strona g\\u0142\\u00f3wna\"}},{\"@type\":\"ListItem\",\"position\":2,\"item\":{\"@type\":\"WebPage\",\"@id\":\"https:\/\/mdkoswiecim.pl\/index.php\/2021\/06\/01\/zyczenia-na-dzien-dziecka\/\",\"url\":\"https:\/\/mdkoswiecim.pl\/index.php\/2021\/06\/01\/zyczenia-na-dzien-dziecka\/\",\"name\":\"\\u017bYCZENIA NA DZIE\\u0143 DZIECKA :)\"}}]},{\"@type\":\"Person\",\"@id\":\"https:\/\/mdkoswiecim.pl\/#\/schema\/person\/d9c1081e4cfefcbccad7ec11fa250f7a\",\"name\":\"alina.kwarciak\",\"image\":{\"@type\":\"ImageObject\",\"@id\":\"https:\/\/mdkoswiecim.pl\/#personlogo\",\"inLanguage\":\"pl-PL\",\"url\":\"https:\/\/secure.gravatar.com\/avatar\/cce8f640650bbd69c0efc0afd2dddb7945a94129b978796401e58cac1eb8b87b?s=96&d=mm&r=g\",\"contentUrl\":\"https:\/\/secure.gravatar.com\/avatar\/cce8f640650bbd69c0efc0afd2dddb7945a94129b978796401e58cac1eb8b87b?s=96&d=mm&r=g\",\"caption\":\"alina.kwarciak\"}}]}<\/script>\n<!-- \/ Yoast SEO plugin. -->","_links":{"self":[{"href":"https:\/\/mdkoswiecim.pl\/index.php\/wp-json\/wp\/v2\/posts\/14123","targetHints":{"allow":["GET"]}}],"collection":[{"href":"https:\/\/mdkoswiecim.pl\/index.php\/wp-json\/wp\/v2\/posts"}],"about":[{"href":"https:\/\/mdkoswiecim.pl\/index.php\/wp-json\/wp\/v2\/types\/post"}],"author":[{"embeddable":true,"href":"https:\/\/mdkoswiecim.pl\/index.php\/wp-json\/wp\/v2\/users\/3"}],"replies":[{"embeddable":true,"href":"https:\/\/mdkoswiecim.pl\/index.php\/wp-json\/wp\/v2\/comments?post=14123"}],"version-history":[{"count":2,"href":"https:\/\/mdkoswiecim.pl\/index.php\/wp-json\/wp\/v2\/posts\/14123\/revisions"}],"predecessor-version":[{"id":14133,"href":"https:\/\/mdkoswiecim.pl\/index.php\/wp-json\/wp\/v2\/posts\/14123\/revisions\/14133"}],"wp:featuredmedia":[{"embeddable":true,"href":"https:\/\/mdkoswiecim.pl\/index.php\/wp-json\/wp\/v2\/media\/14124"}],"wp:attachment":[{"href":"https:\/\/mdkoswiecim.pl\/index.php\/wp-json\/wp\/v2\/media?parent=14123"}],"wp:term":[{"taxonomy":"category","embeddable":true,"href":"https:\/\/mdkoswiecim.pl\/index.php\/wp-json\/wp\/v2\/categories?post=14123"},{"taxonomy":"post_tag","embeddable":true,"href":"https:\/\/mdkoswiecim.pl\/index.php\/wp-json\/wp\/v2\/tags?post=14123"}],"curies":[{"name":"wp","href":"https:\/\/api.w.org\/{rel}","templated":true}]}}