{"id":14072,"date":"2021-05-27T09:32:11","date_gmt":"2021-05-27T07:32:11","guid":{"rendered":"https:\/\/mdkoswiecim.pl\/?p=14072"},"modified":"2021-05-27T09:32:13","modified_gmt":"2021-05-27T07:32:13","slug":"zapisy-do-szkoly-muzycznej","status":"publish","type":"post","link":"https:\/\/mdkoswiecim.pl\/index.php\/2021\/05\/27\/zapisy-do-szkoly-muzycznej\/","title":{"rendered":"ZAPISY DO SZKO\u0141Y MUZYCZNEJ"},"content":{"rendered":"\n<p>Je\u015bli czujesz, \u017ce muzyka gra w Twoim sercu, wybierasz si\u0119 do I klasy szko\u0142y podstawowej lub jeste\u015b ju\u017c uczniem ciut starszym i nie wiesz, kt\u00f3r\u0105 podstaw\u00f3wk\u0119 wybra\u0107, zach\u0119camy do zapisania si\u0119 do Pa\u0144stwowej Szko\u0142y Muzycznej I stopnia im. Karola Szymanowskiego w O\u015bwi\u0119cimiu \ud83d\ude42<\/p>\n\n\n\n<figure class=\"wp-block-image size-large\"><img loading=\"lazy\" decoding=\"async\" width=\"724\" height=\"1024\" src=\"https:\/\/mdkoswiecim.pl\/wp-content\/uploads\/2021\/05\/Rekrutacja-2021-2022-popoludniowy-724x1024.jpg\" alt=\"\" class=\"wp-image-14073\" srcset=\"https:\/\/mdkoswiecim.pl\/wp-content\/uploads\/2021\/05\/Rekrutacja-2021-2022-popoludniowy-724x1024.jpg 724w, https:\/\/mdkoswiecim.pl\/wp-content\/uploads\/2021\/05\/Rekrutacja-2021-2022-popoludniowy-212x300.jpg 212w, https:\/\/mdkoswiecim.pl\/wp-content\/uploads\/2021\/05\/Rekrutacja-2021-2022-popoludniowy-768x1086.jpg 768w, https:\/\/mdkoswiecim.pl\/wp-content\/uploads\/2021\/05\/Rekrutacja-2021-2022-popoludniowy-1086x1536.jpg 1086w, https:\/\/mdkoswiecim.pl\/wp-content\/uploads\/2021\/05\/Rekrutacja-2021-2022-popoludniowy.jpg 1240w\" sizes=\"auto, (max-width: 724px) 100vw, 724px\" \/><\/figure>\n","protected":false},"excerpt":{"rendered":"<p>Je\u015bli czujesz, \u017ce muzyka gra w Twoim sercu, wybierasz si\u0119 do I klasy szko\u0142y podstawowej lub jeste\u015b ju\u017c uczniem ciut starszym i nie wiesz, kt\u00f3r\u0105 podstaw\u00f3wk\u0119 wybra\u0107, zach\u0119camy do zapisania si\u0119 do Pa\u0144stwowej Szko\u0142y Muzycznej I stopnia im. Karola Szymanowskiego w O\u015bwi\u0119cimiu \ud83d\ude42<\/p>\n","protected":false},"author":3,"featured_media":14074,"comment_status":"closed","ping_status":"open","sticky":false,"template":"","format":"standard","meta":{"footnotes":""},"categories":[108],"tags":[],"class_list":["post-14072","post","type-post","status-publish","format-standard","has-post-thumbnail","hentry","category-aktualnosci"],"yoast_head":"<!-- This site is optimized with the Yoast SEO plugin v16.1.1 - https:\/\/yoast.com\/wordpress\/plugins\/seo\/ -->\n<title>ZAPISY DO SZKO\u0141Y MUZYCZNEJ - MDK<\/title>\n<link rel=\"canonical\" href=\"https:\/\/mdkoswiecim.pl\/index.php\/2021\/05\/27\/zapisy-do-szkoly-muzycznej\/\" \/>\n<meta property=\"og:locale\" content=\"pl_PL\" \/>\n<meta property=\"og:type\" content=\"article\" \/>\n<meta property=\"og:title\" content=\"ZAPISY DO SZKO\u0141Y MUZYCZNEJ - MDK\" \/>\n<meta property=\"og:description\" content=\"Je\u015bli czujesz, \u017ce muzyka gra w Twoim sercu, wybierasz si\u0119 do I klasy szko\u0142y podstawowej lub jeste\u015b ju\u017c uczniem ciut starszym i nie wiesz, kt\u00f3r\u0105 podstaw\u00f3wk\u0119 wybra\u0107, zach\u0119camy do zapisania si\u0119 do Pa\u0144stwowej Szko\u0142y Muzycznej I stopnia im. Karola Szymanowskiego w O\u015bwi\u0119cimiu \ud83d\ude42\" \/>\n<meta property=\"og:url\" content=\"https:\/\/mdkoswiecim.pl\/index.php\/2021\/05\/27\/zapisy-do-szkoly-muzycznej\/\" \/>\n<meta property=\"og:site_name\" content=\"MDK\" \/>\n<meta property=\"article:published_time\" content=\"2021-05-27T07:32:11+00:00\" \/>\n<meta property=\"article:modified_time\" content=\"2021-05-27T07:32:13+00:00\" \/>\n<meta property=\"og:image\" content=\"https:\/\/mdkoswiecim.pl\/wp-content\/uploads\/2021\/05\/Rekrutacja-2021-2022-popoludniowy-1-e1622100647427.jpg\" \/>\n\t<meta property=\"og:image:width\" content=\"1240\" \/>\n\t<meta property=\"og:image:height\" content=\"648\" \/>\n<meta name=\"twitter:card\" content=\"summary_large_image\" \/>\n<meta name=\"twitter:label1\" content=\"Szacowany czas czytania\">\n\t<meta name=\"twitter:data1\" content=\"1 minuta\">\n<script type=\"application\/ld+json\" class=\"yoast-schema-graph\">{\"@context\":\"https:\/\/schema.org\",\"@graph\":[{\"@type\":\"WebSite\",\"@id\":\"https:\/\/mdkoswiecim.pl\/#website\",\"url\":\"https:\/\/mdkoswiecim.pl\/\",\"name\":\"MDK\",\"description\":\"M\\u0142odzie\\u017cowy Dom Kultury w O\\u015bwi\\u0119cimiu\",\"potentialAction\":[{\"@type\":\"SearchAction\",\"target\":\"https:\/\/mdkoswiecim.pl\/?s={search_term_string}\",\"query-input\":\"required name=search_term_string\"}],\"inLanguage\":\"pl-PL\"},{\"@type\":\"ImageObject\",\"@id\":\"https:\/\/mdkoswiecim.pl\/index.php\/2021\/05\/27\/zapisy-do-szkoly-muzycznej\/#primaryimage\",\"inLanguage\":\"pl-PL\",\"url\":\"https:\/\/mdkoswiecim.pl\/wp-content\/uploads\/2021\/05\/Rekrutacja-2021-2022-popoludniowy-1-e1622100647427.jpg\",\"contentUrl\":\"https:\/\/mdkoswiecim.pl\/wp-content\/uploads\/2021\/05\/Rekrutacja-2021-2022-popoludniowy-1-e1622100647427.jpg\",\"width\":1240,\"height\":648},{\"@type\":\"WebPage\",\"@id\":\"https:\/\/mdkoswiecim.pl\/index.php\/2021\/05\/27\/zapisy-do-szkoly-muzycznej\/#webpage\",\"url\":\"https:\/\/mdkoswiecim.pl\/index.php\/2021\/05\/27\/zapisy-do-szkoly-muzycznej\/\",\"name\":\"ZAPISY DO SZKO\\u0141Y MUZYCZNEJ - MDK\",\"isPartOf\":{\"@id\":\"https:\/\/mdkoswiecim.pl\/#website\"},\"primaryImageOfPage\":{\"@id\":\"https:\/\/mdkoswiecim.pl\/index.php\/2021\/05\/27\/zapisy-do-szkoly-muzycznej\/#primaryimage\"},\"datePublished\":\"2021-05-27T07:32:11+00:00\",\"dateModified\":\"2021-05-27T07:32:13+00:00\",\"author\":{\"@id\":\"https:\/\/mdkoswiecim.pl\/#\/schema\/person\/d9c1081e4cfefcbccad7ec11fa250f7a\"},\"breadcrumb\":{\"@id\":\"https:\/\/mdkoswiecim.pl\/index.php\/2021\/05\/27\/zapisy-do-szkoly-muzycznej\/#breadcrumb\"},\"inLanguage\":\"pl-PL\",\"potentialAction\":[{\"@type\":\"ReadAction\",\"target\":[\"https:\/\/mdkoswiecim.pl\/index.php\/2021\/05\/27\/zapisy-do-szkoly-muzycznej\/\"]}]},{\"@type\":\"BreadcrumbList\",\"@id\":\"https:\/\/mdkoswiecim.pl\/index.php\/2021\/05\/27\/zapisy-do-szkoly-muzycznej\/#breadcrumb\",\"itemListElement\":[{\"@type\":\"ListItem\",\"position\":1,\"item\":{\"@type\":\"WebPage\",\"@id\":\"https:\/\/mdkoswiecim.pl\/\",\"url\":\"https:\/\/mdkoswiecim.pl\/\",\"name\":\"Strona g\\u0142\\u00f3wna\"}},{\"@type\":\"ListItem\",\"position\":2,\"item\":{\"@type\":\"WebPage\",\"@id\":\"https:\/\/mdkoswiecim.pl\/index.php\/2021\/05\/27\/zapisy-do-szkoly-muzycznej\/\",\"url\":\"https:\/\/mdkoswiecim.pl\/index.php\/2021\/05\/27\/zapisy-do-szkoly-muzycznej\/\",\"name\":\"ZAPISY DO SZKO\\u0141Y MUZYCZNEJ\"}}]},{\"@type\":\"Person\",\"@id\":\"https:\/\/mdkoswiecim.pl\/#\/schema\/person\/d9c1081e4cfefcbccad7ec11fa250f7a\",\"name\":\"alina.kwarciak\",\"image\":{\"@type\":\"ImageObject\",\"@id\":\"https:\/\/mdkoswiecim.pl\/#personlogo\",\"inLanguage\":\"pl-PL\",\"url\":\"https:\/\/secure.gravatar.com\/avatar\/cce8f640650bbd69c0efc0afd2dddb7945a94129b978796401e58cac1eb8b87b?s=96&d=mm&r=g\",\"contentUrl\":\"https:\/\/secure.gravatar.com\/avatar\/cce8f640650bbd69c0efc0afd2dddb7945a94129b978796401e58cac1eb8b87b?s=96&d=mm&r=g\",\"caption\":\"alina.kwarciak\"}}]}<\/script>\n<!-- \/ Yoast SEO plugin. -->","_links":{"self":[{"href":"https:\/\/mdkoswiecim.pl\/index.php\/wp-json\/wp\/v2\/posts\/14072","targetHints":{"allow":["GET"]}}],"collection":[{"href":"https:\/\/mdkoswiecim.pl\/index.php\/wp-json\/wp\/v2\/posts"}],"about":[{"href":"https:\/\/mdkoswiecim.pl\/index.php\/wp-json\/wp\/v2\/types\/post"}],"author":[{"embeddable":true,"href":"https:\/\/mdkoswiecim.pl\/index.php\/wp-json\/wp\/v2\/users\/3"}],"replies":[{"embeddable":true,"href":"https:\/\/mdkoswiecim.pl\/index.php\/wp-json\/wp\/v2\/comments?post=14072"}],"version-history":[{"count":1,"href":"https:\/\/mdkoswiecim.pl\/index.php\/wp-json\/wp\/v2\/posts\/14072\/revisions"}],"predecessor-version":[{"id":14075,"href":"https:\/\/mdkoswiecim.pl\/index.php\/wp-json\/wp\/v2\/posts\/14072\/revisions\/14075"}],"wp:featuredmedia":[{"embeddable":true,"href":"https:\/\/mdkoswiecim.pl\/index.php\/wp-json\/wp\/v2\/media\/14074"}],"wp:attachment":[{"href":"https:\/\/mdkoswiecim.pl\/index.php\/wp-json\/wp\/v2\/media?parent=14072"}],"wp:term":[{"taxonomy":"category","embeddable":true,"href":"https:\/\/mdkoswiecim.pl\/index.php\/wp-json\/wp\/v2\/categories?post=14072"},{"taxonomy":"post_tag","embeddable":true,"href":"https:\/\/mdkoswiecim.pl\/index.php\/wp-json\/wp\/v2\/tags?post=14072"}],"curies":[{"name":"wp","href":"https:\/\/api.w.org\/{rel}","templated":true}]}}