{"id":14064,"date":"2021-05-26T10:59:37","date_gmt":"2021-05-26T08:59:37","guid":{"rendered":"https:\/\/mdkoswiecim.pl\/?p=14064"},"modified":"2021-05-26T11:05:28","modified_gmt":"2021-05-26T09:05:28","slug":"dzien-mamy","status":"publish","type":"post","link":"https:\/\/mdkoswiecim.pl\/index.php\/2021\/05\/26\/dzien-mamy\/","title":{"rendered":"Dzie\u0144 Mamy"},"content":{"rendered":"\n<p>Z okazji Dnia Matki wszystkim Mamusiom, Mamom, Mateczkom, Matulkom \u017cyczymy samych szcz\u0119\u015bliwych chwil, satysfakcji z siebie i tego, jakimi cudownymi mamami s\u0105, chwil wytchnienia i spokoju oraz wszystkiego tego, co przynosi im u\u015bmiech \ud83d\ude42<\/p>\n\n\n\n<div class=\"wp-block-file\"><a href=\"https:\/\/mdkoswiecim.pl\/wp-content\/uploads\/2021\/05\/Zyczenia-dla-Mamy-.mp4\">\u017byczenia dla Mamy \ud83d\ude09<\/a><a href=\"https:\/\/mdkoswiecim.pl\/wp-content\/uploads\/2021\/05\/Zyczenia-dla-Mamy-.mp4\" class=\"wp-block-file__button\" download>Pobierz<\/a><\/div>\n","protected":false},"excerpt":{"rendered":"<p>Z okazji Dnia Matki wszystkim Mamusiom, Mamom, Mateczkom, Matulkom \u017cyczymy samych szcz\u0119\u015bliwych chwil, satysfakcji z siebie i tego, jakimi cudownymi mamami s\u0105, chwil wytchnienia i spokoju oraz wszystkiego tego, co przynosi im u\u015bmiech \ud83d\ude42<\/p>\n","protected":false},"author":3,"featured_media":14071,"comment_status":"closed","ping_status":"open","sticky":false,"template":"","format":"standard","meta":{"footnotes":""},"categories":[108],"tags":[],"class_list":["post-14064","post","type-post","status-publish","format-standard","has-post-thumbnail","hentry","category-aktualnosci"],"yoast_head":"<!-- This site is optimized with the Yoast SEO plugin v16.1.1 - https:\/\/yoast.com\/wordpress\/plugins\/seo\/ -->\n<title>Dzie\u0144 Mamy - MDK<\/title>\n<link rel=\"canonical\" href=\"https:\/\/mdkoswiecim.pl\/index.php\/2021\/05\/26\/dzien-mamy\/\" \/>\n<meta property=\"og:locale\" content=\"pl_PL\" \/>\n<meta property=\"og:type\" content=\"article\" \/>\n<meta property=\"og:title\" content=\"Dzie\u0144 Mamy - MDK\" \/>\n<meta property=\"og:description\" content=\"Z okazji Dnia Matki wszystkim Mamusiom, Mamom, Mateczkom, Matulkom \u017cyczymy samych szcz\u0119\u015bliwych chwil, satysfakcji z siebie i tego, jakimi cudownymi mamami s\u0105, chwil wytchnienia i spokoju oraz wszystkiego tego, co przynosi im u\u015bmiech \ud83d\ude42\" \/>\n<meta property=\"og:url\" content=\"https:\/\/mdkoswiecim.pl\/index.php\/2021\/05\/26\/dzien-mamy\/\" \/>\n<meta property=\"og:site_name\" content=\"MDK\" \/>\n<meta property=\"article:published_time\" content=\"2021-05-26T08:59:37+00:00\" \/>\n<meta property=\"article:modified_time\" content=\"2021-05-26T09:05:28+00:00\" \/>\n<meta property=\"og:image\" content=\"https:\/\/mdkoswiecim.pl\/wp-content\/uploads\/2021\/05\/tulips-2167753_1920.jpg\" \/>\n\t<meta property=\"og:image:width\" content=\"1920\" \/>\n\t<meta property=\"og:image:height\" content=\"879\" \/>\n<meta name=\"twitter:card\" content=\"summary_large_image\" \/>\n<meta name=\"twitter:label1\" content=\"Szacowany czas czytania\">\n\t<meta name=\"twitter:data1\" content=\"1 minuta\">\n<script type=\"application\/ld+json\" class=\"yoast-schema-graph\">{\"@context\":\"https:\/\/schema.org\",\"@graph\":[{\"@type\":\"WebSite\",\"@id\":\"https:\/\/mdkoswiecim.pl\/#website\",\"url\":\"https:\/\/mdkoswiecim.pl\/\",\"name\":\"MDK\",\"description\":\"M\\u0142odzie\\u017cowy Dom Kultury w O\\u015bwi\\u0119cimiu\",\"potentialAction\":[{\"@type\":\"SearchAction\",\"target\":\"https:\/\/mdkoswiecim.pl\/?s={search_term_string}\",\"query-input\":\"required name=search_term_string\"}],\"inLanguage\":\"pl-PL\"},{\"@type\":\"ImageObject\",\"@id\":\"https:\/\/mdkoswiecim.pl\/index.php\/2021\/05\/26\/dzien-mamy\/#primaryimage\",\"inLanguage\":\"pl-PL\",\"url\":\"https:\/\/mdkoswiecim.pl\/wp-content\/uploads\/2021\/05\/tulips-2167753_1920.jpg\",\"contentUrl\":\"https:\/\/mdkoswiecim.pl\/wp-content\/uploads\/2021\/05\/tulips-2167753_1920.jpg\",\"width\":1920,\"height\":879},{\"@type\":\"WebPage\",\"@id\":\"https:\/\/mdkoswiecim.pl\/index.php\/2021\/05\/26\/dzien-mamy\/#webpage\",\"url\":\"https:\/\/mdkoswiecim.pl\/index.php\/2021\/05\/26\/dzien-mamy\/\",\"name\":\"Dzie\\u0144 Mamy - MDK\",\"isPartOf\":{\"@id\":\"https:\/\/mdkoswiecim.pl\/#website\"},\"primaryImageOfPage\":{\"@id\":\"https:\/\/mdkoswiecim.pl\/index.php\/2021\/05\/26\/dzien-mamy\/#primaryimage\"},\"datePublished\":\"2021-05-26T08:59:37+00:00\",\"dateModified\":\"2021-05-26T09:05:28+00:00\",\"author\":{\"@id\":\"https:\/\/mdkoswiecim.pl\/#\/schema\/person\/d9c1081e4cfefcbccad7ec11fa250f7a\"},\"breadcrumb\":{\"@id\":\"https:\/\/mdkoswiecim.pl\/index.php\/2021\/05\/26\/dzien-mamy\/#breadcrumb\"},\"inLanguage\":\"pl-PL\",\"potentialAction\":[{\"@type\":\"ReadAction\",\"target\":[\"https:\/\/mdkoswiecim.pl\/index.php\/2021\/05\/26\/dzien-mamy\/\"]}]},{\"@type\":\"BreadcrumbList\",\"@id\":\"https:\/\/mdkoswiecim.pl\/index.php\/2021\/05\/26\/dzien-mamy\/#breadcrumb\",\"itemListElement\":[{\"@type\":\"ListItem\",\"position\":1,\"item\":{\"@type\":\"WebPage\",\"@id\":\"https:\/\/mdkoswiecim.pl\/\",\"url\":\"https:\/\/mdkoswiecim.pl\/\",\"name\":\"Strona g\\u0142\\u00f3wna\"}},{\"@type\":\"ListItem\",\"position\":2,\"item\":{\"@type\":\"WebPage\",\"@id\":\"https:\/\/mdkoswiecim.pl\/index.php\/2021\/05\/26\/dzien-mamy\/\",\"url\":\"https:\/\/mdkoswiecim.pl\/index.php\/2021\/05\/26\/dzien-mamy\/\",\"name\":\"Dzie\\u0144 Mamy\"}}]},{\"@type\":\"Person\",\"@id\":\"https:\/\/mdkoswiecim.pl\/#\/schema\/person\/d9c1081e4cfefcbccad7ec11fa250f7a\",\"name\":\"alina.kwarciak\",\"image\":{\"@type\":\"ImageObject\",\"@id\":\"https:\/\/mdkoswiecim.pl\/#personlogo\",\"inLanguage\":\"pl-PL\",\"url\":\"https:\/\/secure.gravatar.com\/avatar\/cce8f640650bbd69c0efc0afd2dddb7945a94129b978796401e58cac1eb8b87b?s=96&d=mm&r=g\",\"contentUrl\":\"https:\/\/secure.gravatar.com\/avatar\/cce8f640650bbd69c0efc0afd2dddb7945a94129b978796401e58cac1eb8b87b?s=96&d=mm&r=g\",\"caption\":\"alina.kwarciak\"}}]}<\/script>\n<!-- \/ Yoast SEO plugin. -->","_links":{"self":[{"href":"https:\/\/mdkoswiecim.pl\/index.php\/wp-json\/wp\/v2\/posts\/14064","targetHints":{"allow":["GET"]}}],"collection":[{"href":"https:\/\/mdkoswiecim.pl\/index.php\/wp-json\/wp\/v2\/posts"}],"about":[{"href":"https:\/\/mdkoswiecim.pl\/index.php\/wp-json\/wp\/v2\/types\/post"}],"author":[{"embeddable":true,"href":"https:\/\/mdkoswiecim.pl\/index.php\/wp-json\/wp\/v2\/users\/3"}],"replies":[{"embeddable":true,"href":"https:\/\/mdkoswiecim.pl\/index.php\/wp-json\/wp\/v2\/comments?post=14064"}],"version-history":[{"count":2,"href":"https:\/\/mdkoswiecim.pl\/index.php\/wp-json\/wp\/v2\/posts\/14064\/revisions"}],"predecessor-version":[{"id":14070,"href":"https:\/\/mdkoswiecim.pl\/index.php\/wp-json\/wp\/v2\/posts\/14064\/revisions\/14070"}],"wp:featuredmedia":[{"embeddable":true,"href":"https:\/\/mdkoswiecim.pl\/index.php\/wp-json\/wp\/v2\/media\/14071"}],"wp:attachment":[{"href":"https:\/\/mdkoswiecim.pl\/index.php\/wp-json\/wp\/v2\/media?parent=14064"}],"wp:term":[{"taxonomy":"category","embeddable":true,"href":"https:\/\/mdkoswiecim.pl\/index.php\/wp-json\/wp\/v2\/categories?post=14064"},{"taxonomy":"post_tag","embeddable":true,"href":"https:\/\/mdkoswiecim.pl\/index.php\/wp-json\/wp\/v2\/tags?post=14064"}],"curies":[{"name":"wp","href":"https:\/\/api.w.org\/{rel}","templated":true}]}}