{"id":13963,"date":"2021-05-14T14:30:42","date_gmt":"2021-05-14T12:30:42","guid":{"rendered":"https:\/\/mdkoswiecim.pl\/?p=13963"},"modified":"2021-05-14T14:38:56","modified_gmt":"2021-05-14T12:38:56","slug":"sobota-z-mdk-3","status":"publish","type":"post","link":"https:\/\/mdkoswiecim.pl\/index.php\/2021\/05\/14\/sobota-z-mdk-3\/","title":{"rendered":"Sobota z MDK"},"content":{"rendered":"\n<p>Serdecznie zapraszamy na kolejne zaj\u0119cia z cyklu &#8220;sobota z MDK&#8221;, kt\u00f3re odb\u0119d\u0105 si\u0119 29.05.2021r.<\/p>\n\n\n\n<p>W programie:<\/p>\n\n\n\n<p>Gry i zabawy detektywistyczne 9:00 &#8211; 10:30 <\/p>\n\n\n\n<p>Gry s\u0142owne 10:45 &#8211; 13:00<\/p>\n\n\n\n<p>Warsztaty gitarowe 10:00 &#8211; 13:00<\/p>\n\n\n\n<p>Na zaj\u0119cia nale\u017cy przynie\u015b\u0107 ze sob\u0105 dokumenty dost\u0119pne poni\u017cej lub wype\u0142ni\u0107 je na miejscu.<\/p>\n\n\n\n<div class=\"wp-block-file\"><a href=\"https:\/\/mdkoswiecim.pl\/wp-content\/uploads\/2021\/05\/wniosek-zajecia-otwarte.odt\">wniosek-zajecia-otwarte<\/a><a href=\"https:\/\/mdkoswiecim.pl\/wp-content\/uploads\/2021\/05\/wniosek-zajecia-otwarte.odt\" class=\"wp-block-file__button\" download>Pobierz<\/a><\/div>\n\n\n\n<div class=\"wp-block-file\"><a href=\"https:\/\/mdkoswiecim.pl\/wp-content\/uploads\/2021\/05\/ZALACZNIK-NR-5-oswiadczenie-rodzica-lub-opiekuna-COVID-1.odt\"><br><br>oswiadczenie-rodzica-lub-opiekuna-COVID-19<\/a><a href=\"https:\/\/mdkoswiecim.pl\/wp-content\/uploads\/2021\/05\/ZALACZNIK-NR-5-oswiadczenie-rodzica-lub-opiekuna-COVID-1.odt\" class=\"wp-block-file__button\" download>Pobierz<\/a><\/div>\n","protected":false},"excerpt":{"rendered":"<p>Serdecznie zapraszamy na kolejne zaj\u0119cia z cyklu &#8220;sobota z MDK&#8221;, kt\u00f3re odb\u0119d\u0105 si\u0119 29.05.2021r. W programie: Gry i zabawy detektywistyczne 9:00 &#8211; 10:30 Gry s\u0142owne 10:45 &#8211; 13:00 Warsztaty gitarowe 10:00 &#8211; 13:00 Na zaj\u0119cia nale\u017cy przynie\u015b\u0107 ze sob\u0105 dokumenty dost\u0119pne poni\u017cej lub wype\u0142ni\u0107 je na miejscu.<\/p>\n","protected":false},"author":2,"featured_media":13964,"comment_status":"closed","ping_status":"open","sticky":false,"template":"","format":"standard","meta":{"footnotes":""},"categories":[108],"tags":[],"class_list":["post-13963","post","type-post","status-publish","format-standard","has-post-thumbnail","hentry","category-aktualnosci"],"yoast_head":"<!-- This site is optimized with the Yoast SEO plugin v16.1.1 - https:\/\/yoast.com\/wordpress\/plugins\/seo\/ -->\n<title>Sobota z MDK - MDK<\/title>\n<link rel=\"canonical\" href=\"https:\/\/mdkoswiecim.pl\/index.php\/2021\/05\/14\/sobota-z-mdk-3\/\" \/>\n<meta property=\"og:locale\" content=\"pl_PL\" \/>\n<meta property=\"og:type\" content=\"article\" \/>\n<meta property=\"og:title\" content=\"Sobota z MDK - MDK\" \/>\n<meta property=\"og:description\" content=\"Serdecznie zapraszamy na kolejne zaj\u0119cia z cyklu &#8220;sobota z MDK&#8221;, kt\u00f3re odb\u0119d\u0105 si\u0119 29.05.2021r. W programie: Gry i zabawy detektywistyczne 9:00 &#8211; 10:30 Gry s\u0142owne 10:45 &#8211; 13:00 Warsztaty gitarowe 10:00 &#8211; 13:00 Na zaj\u0119cia nale\u017cy przynie\u015b\u0107 ze sob\u0105 dokumenty dost\u0119pne poni\u017cej lub wype\u0142ni\u0107 je na miejscu.\" \/>\n<meta property=\"og:url\" content=\"https:\/\/mdkoswiecim.pl\/index.php\/2021\/05\/14\/sobota-z-mdk-3\/\" \/>\n<meta property=\"og:site_name\" content=\"MDK\" \/>\n<meta property=\"article:published_time\" content=\"2021-05-14T12:30:42+00:00\" \/>\n<meta property=\"article:modified_time\" content=\"2021-05-14T12:38:56+00:00\" \/>\n<meta property=\"og:image\" content=\"https:\/\/mdkoswiecim.pl\/wp-content\/uploads\/2021\/05\/scrabble-243192_1280.jpg\" \/>\n\t<meta property=\"og:image:width\" content=\"1280\" \/>\n\t<meta property=\"og:image:height\" content=\"960\" \/>\n<meta name=\"twitter:card\" content=\"summary_large_image\" \/>\n<meta name=\"twitter:label1\" content=\"Szacowany czas czytania\">\n\t<meta name=\"twitter:data1\" content=\"1 minuta\">\n<script type=\"application\/ld+json\" class=\"yoast-schema-graph\">{\"@context\":\"https:\/\/schema.org\",\"@graph\":[{\"@type\":\"WebSite\",\"@id\":\"https:\/\/mdkoswiecim.pl\/#website\",\"url\":\"https:\/\/mdkoswiecim.pl\/\",\"name\":\"MDK\",\"description\":\"M\\u0142odzie\\u017cowy Dom Kultury w O\\u015bwi\\u0119cimiu\",\"potentialAction\":[{\"@type\":\"SearchAction\",\"target\":\"https:\/\/mdkoswiecim.pl\/?s={search_term_string}\",\"query-input\":\"required name=search_term_string\"}],\"inLanguage\":\"pl-PL\"},{\"@type\":\"ImageObject\",\"@id\":\"https:\/\/mdkoswiecim.pl\/index.php\/2021\/05\/14\/sobota-z-mdk-3\/#primaryimage\",\"inLanguage\":\"pl-PL\",\"url\":\"https:\/\/mdkoswiecim.pl\/wp-content\/uploads\/2021\/05\/scrabble-243192_1280.jpg\",\"contentUrl\":\"https:\/\/mdkoswiecim.pl\/wp-content\/uploads\/2021\/05\/scrabble-243192_1280.jpg\",\"width\":1280,\"height\":960},{\"@type\":\"WebPage\",\"@id\":\"https:\/\/mdkoswiecim.pl\/index.php\/2021\/05\/14\/sobota-z-mdk-3\/#webpage\",\"url\":\"https:\/\/mdkoswiecim.pl\/index.php\/2021\/05\/14\/sobota-z-mdk-3\/\",\"name\":\"Sobota z MDK - MDK\",\"isPartOf\":{\"@id\":\"https:\/\/mdkoswiecim.pl\/#website\"},\"primaryImageOfPage\":{\"@id\":\"https:\/\/mdkoswiecim.pl\/index.php\/2021\/05\/14\/sobota-z-mdk-3\/#primaryimage\"},\"datePublished\":\"2021-05-14T12:30:42+00:00\",\"dateModified\":\"2021-05-14T12:38:56+00:00\",\"author\":{\"@id\":\"https:\/\/mdkoswiecim.pl\/#\/schema\/person\/de4e1c3f9f9805d4834a83cd933e83a4\"},\"breadcrumb\":{\"@id\":\"https:\/\/mdkoswiecim.pl\/index.php\/2021\/05\/14\/sobota-z-mdk-3\/#breadcrumb\"},\"inLanguage\":\"pl-PL\",\"potentialAction\":[{\"@type\":\"ReadAction\",\"target\":[\"https:\/\/mdkoswiecim.pl\/index.php\/2021\/05\/14\/sobota-z-mdk-3\/\"]}]},{\"@type\":\"BreadcrumbList\",\"@id\":\"https:\/\/mdkoswiecim.pl\/index.php\/2021\/05\/14\/sobota-z-mdk-3\/#breadcrumb\",\"itemListElement\":[{\"@type\":\"ListItem\",\"position\":1,\"item\":{\"@type\":\"WebPage\",\"@id\":\"https:\/\/mdkoswiecim.pl\/\",\"url\":\"https:\/\/mdkoswiecim.pl\/\",\"name\":\"Strona g\\u0142\\u00f3wna\"}},{\"@type\":\"ListItem\",\"position\":2,\"item\":{\"@type\":\"WebPage\",\"@id\":\"https:\/\/mdkoswiecim.pl\/index.php\/2021\/05\/14\/sobota-z-mdk-3\/\",\"url\":\"https:\/\/mdkoswiecim.pl\/index.php\/2021\/05\/14\/sobota-z-mdk-3\/\",\"name\":\"Sobota z MDK\"}}]},{\"@type\":\"Person\",\"@id\":\"https:\/\/mdkoswiecim.pl\/#\/schema\/person\/de4e1c3f9f9805d4834a83cd933e83a4\",\"name\":\"janusz.majcherek\",\"image\":{\"@type\":\"ImageObject\",\"@id\":\"https:\/\/mdkoswiecim.pl\/#personlogo\",\"inLanguage\":\"pl-PL\",\"url\":\"https:\/\/secure.gravatar.com\/avatar\/841ee0bdfc0ec9800cdb49de086063cd2bdca44d52221b7fee4d6a2db5eafb17?s=96&d=mm&r=g\",\"contentUrl\":\"https:\/\/secure.gravatar.com\/avatar\/841ee0bdfc0ec9800cdb49de086063cd2bdca44d52221b7fee4d6a2db5eafb17?s=96&d=mm&r=g\",\"caption\":\"janusz.majcherek\"}}]}<\/script>\n<!-- \/ Yoast SEO plugin. -->","_links":{"self":[{"href":"https:\/\/mdkoswiecim.pl\/index.php\/wp-json\/wp\/v2\/posts\/13963","targetHints":{"allow":["GET"]}}],"collection":[{"href":"https:\/\/mdkoswiecim.pl\/index.php\/wp-json\/wp\/v2\/posts"}],"about":[{"href":"https:\/\/mdkoswiecim.pl\/index.php\/wp-json\/wp\/v2\/types\/post"}],"author":[{"embeddable":true,"href":"https:\/\/mdkoswiecim.pl\/index.php\/wp-json\/wp\/v2\/users\/2"}],"replies":[{"embeddable":true,"href":"https:\/\/mdkoswiecim.pl\/index.php\/wp-json\/wp\/v2\/comments?post=13963"}],"version-history":[{"count":4,"href":"https:\/\/mdkoswiecim.pl\/index.php\/wp-json\/wp\/v2\/posts\/13963\/revisions"}],"predecessor-version":[{"id":13971,"href":"https:\/\/mdkoswiecim.pl\/index.php\/wp-json\/wp\/v2\/posts\/13963\/revisions\/13971"}],"wp:featuredmedia":[{"embeddable":true,"href":"https:\/\/mdkoswiecim.pl\/index.php\/wp-json\/wp\/v2\/media\/13964"}],"wp:attachment":[{"href":"https:\/\/mdkoswiecim.pl\/index.php\/wp-json\/wp\/v2\/media?parent=13963"}],"wp:term":[{"taxonomy":"category","embeddable":true,"href":"https:\/\/mdkoswiecim.pl\/index.php\/wp-json\/wp\/v2\/categories?post=13963"},{"taxonomy":"post_tag","embeddable":true,"href":"https:\/\/mdkoswiecim.pl\/index.php\/wp-json\/wp\/v2\/tags?post=13963"}],"curies":[{"name":"wp","href":"https:\/\/api.w.org\/{rel}","templated":true}]}}