{"id":13886,"date":"2021-04-30T14:51:46","date_gmt":"2021-04-30T12:51:46","guid":{"rendered":"https:\/\/mdkoswiecim.pl\/?p=13886"},"modified":"2021-04-30T14:51:48","modified_gmt":"2021-04-30T12:51:48","slug":"kolejne-prace-wychowankow-w-ramach-tygodnia-patriotycznego-w-mdk","status":"publish","type":"post","link":"https:\/\/mdkoswiecim.pl\/index.php\/2021\/04\/30\/kolejne-prace-wychowankow-w-ramach-tygodnia-patriotycznego-w-mdk\/","title":{"rendered":"Kolejne prace wychowank\u00f3w w ramach tygodnia patriotycznego w MDK."},"content":{"rendered":"\n<p>W ramach trwaj\u0105cego w MDK tygodnia patriotycznego prezentujemy prace wychowank\u00f3w  p. Agnieszki Muchy.<\/p>\n\n\n\n<figure class=\"wp-block-gallery columns-3 is-cropped wp-block-gallery-1 is-layout-flex wp-block-gallery-is-layout-flex\"><ul class=\"blocks-gallery-grid\"><li class=\"blocks-gallery-item\"><figure><img loading=\"lazy\" decoding=\"async\" width=\"768\" height=\"1024\" src=\"https:\/\/mdkoswiecim.pl\/wp-content\/uploads\/2021\/04\/20210429_155524-768x1024.jpg\" alt=\"\" data-id=\"13883\" data-full-url=\"https:\/\/mdkoswiecim.pl\/wp-content\/uploads\/2021\/04\/20210429_155524-scaled.jpg\" data-link=\"https:\/\/mdkoswiecim.pl\/?attachment_id=13883\" class=\"wp-image-13883\" srcset=\"https:\/\/mdkoswiecim.pl\/wp-content\/uploads\/2021\/04\/20210429_155524-768x1024.jpg 768w, https:\/\/mdkoswiecim.pl\/wp-content\/uploads\/2021\/04\/20210429_155524-225x300.jpg 225w, https:\/\/mdkoswiecim.pl\/wp-content\/uploads\/2021\/04\/20210429_155524-1152x1536.jpg 1152w, https:\/\/mdkoswiecim.pl\/wp-content\/uploads\/2021\/04\/20210429_155524-1536x2048.jpg 1536w, https:\/\/mdkoswiecim.pl\/wp-content\/uploads\/2021\/04\/20210429_155524-scaled.jpg 1920w\" sizes=\"auto, (max-width: 768px) 100vw, 768px\" \/><figcaption class=\"blocks-gallery-item__caption\">Dziewczynki prezentuj\u0105 swoj\u0105 prac\u0119<\/figcaption><\/figure><\/li><li class=\"blocks-gallery-item\"><figure><img loading=\"lazy\" decoding=\"async\" width=\"768\" height=\"1024\" src=\"https:\/\/mdkoswiecim.pl\/wp-content\/uploads\/2021\/04\/20210429_155449-768x1024.jpg\" alt=\"\" data-id=\"13882\" data-full-url=\"https:\/\/mdkoswiecim.pl\/wp-content\/uploads\/2021\/04\/20210429_155449-scaled.jpg\" data-link=\"https:\/\/mdkoswiecim.pl\/?attachment_id=13882\" class=\"wp-image-13882\" srcset=\"https:\/\/mdkoswiecim.pl\/wp-content\/uploads\/2021\/04\/20210429_155449-768x1024.jpg 768w, https:\/\/mdkoswiecim.pl\/wp-content\/uploads\/2021\/04\/20210429_155449-225x300.jpg 225w, https:\/\/mdkoswiecim.pl\/wp-content\/uploads\/2021\/04\/20210429_155449-1152x1536.jpg 1152w, https:\/\/mdkoswiecim.pl\/wp-content\/uploads\/2021\/04\/20210429_155449-1536x2048.jpg 1536w, https:\/\/mdkoswiecim.pl\/wp-content\/uploads\/2021\/04\/20210429_155449-scaled.jpg 1920w\" sizes=\"auto, (max-width: 768px) 100vw, 768px\" \/><figcaption class=\"blocks-gallery-item__caption\">Dziewczynki prezentuj\u0105 swoj\u0105 prac\u0119<\/figcaption><\/figure><\/li><li class=\"blocks-gallery-item\"><figure><img loading=\"lazy\" decoding=\"async\" width=\"1024\" height=\"768\" src=\"https:\/\/mdkoswiecim.pl\/wp-content\/uploads\/2021\/04\/20210429_154801-1024x768.jpg\" alt=\"\" data-id=\"13881\" data-full-url=\"https:\/\/mdkoswiecim.pl\/wp-content\/uploads\/2021\/04\/20210429_154801-scaled.jpg\" data-link=\"https:\/\/mdkoswiecim.pl\/?attachment_id=13881\" class=\"wp-image-13881\" srcset=\"https:\/\/mdkoswiecim.pl\/wp-content\/uploads\/2021\/04\/20210429_154801-1024x768.jpg 1024w, https:\/\/mdkoswiecim.pl\/wp-content\/uploads\/2021\/04\/20210429_154801-300x225.jpg 300w, https:\/\/mdkoswiecim.pl\/wp-content\/uploads\/2021\/04\/20210429_154801-768x576.jpg 768w, https:\/\/mdkoswiecim.pl\/wp-content\/uploads\/2021\/04\/20210429_154801-1536x1152.jpg 1536w, https:\/\/mdkoswiecim.pl\/wp-content\/uploads\/2021\/04\/20210429_154801-2048x1536.jpg 2048w\" sizes=\"auto, (max-width: 1024px) 100vw, 1024px\" \/><figcaption class=\"blocks-gallery-item__caption\">Bia\u0142o-czerwone kwiatki <\/figcaption><\/figure><\/li><li class=\"blocks-gallery-item\"><figure><img loading=\"lazy\" decoding=\"async\" width=\"768\" height=\"1024\" src=\"https:\/\/mdkoswiecim.pl\/wp-content\/uploads\/2021\/04\/20210429_154746-768x1024.jpg\" alt=\"\" data-id=\"13880\" data-full-url=\"https:\/\/mdkoswiecim.pl\/wp-content\/uploads\/2021\/04\/20210429_154746-scaled.jpg\" data-link=\"https:\/\/mdkoswiecim.pl\/?attachment_id=13880\" class=\"wp-image-13880\" srcset=\"https:\/\/mdkoswiecim.pl\/wp-content\/uploads\/2021\/04\/20210429_154746-768x1024.jpg 768w, https:\/\/mdkoswiecim.pl\/wp-content\/uploads\/2021\/04\/20210429_154746-225x300.jpg 225w, https:\/\/mdkoswiecim.pl\/wp-content\/uploads\/2021\/04\/20210429_154746-1152x1536.jpg 1152w, https:\/\/mdkoswiecim.pl\/wp-content\/uploads\/2021\/04\/20210429_154746-1536x2048.jpg 1536w, https:\/\/mdkoswiecim.pl\/wp-content\/uploads\/2021\/04\/20210429_154746-scaled.jpg 1920w\" sizes=\"auto, (max-width: 768px) 100vw, 768px\" \/><figcaption class=\"blocks-gallery-item__caption\">Dziewczynka z rysunkiem serca<\/figcaption><\/figure><\/li><li class=\"blocks-gallery-item\"><figure><img loading=\"lazy\" decoding=\"async\" width=\"1024\" height=\"768\" src=\"https:\/\/mdkoswiecim.pl\/wp-content\/uploads\/2021\/04\/20210429_153858-1024x768.jpg\" alt=\"\" data-id=\"13878\" data-full-url=\"https:\/\/mdkoswiecim.pl\/wp-content\/uploads\/2021\/04\/20210429_153858-scaled.jpg\" data-link=\"https:\/\/mdkoswiecim.pl\/?attachment_id=13878\" class=\"wp-image-13878\" srcset=\"https:\/\/mdkoswiecim.pl\/wp-content\/uploads\/2021\/04\/20210429_153858-1024x768.jpg 1024w, https:\/\/mdkoswiecim.pl\/wp-content\/uploads\/2021\/04\/20210429_153858-300x225.jpg 300w, https:\/\/mdkoswiecim.pl\/wp-content\/uploads\/2021\/04\/20210429_153858-768x576.jpg 768w, https:\/\/mdkoswiecim.pl\/wp-content\/uploads\/2021\/04\/20210429_153858-1536x1152.jpg 1536w, https:\/\/mdkoswiecim.pl\/wp-content\/uploads\/2021\/04\/20210429_153858-2048x1536.jpg 2048w\" sizes=\"auto, (max-width: 1024px) 100vw, 1024px\" \/><figcaption class=\"blocks-gallery-item__caption\">Bia\u0142o-czerwone go\u0142\u0119bie<\/figcaption><\/figure><\/li><li class=\"blocks-gallery-item\"><figure><img loading=\"lazy\" decoding=\"async\" width=\"768\" height=\"1024\" src=\"https:\/\/mdkoswiecim.pl\/wp-content\/uploads\/2021\/04\/20210429_153840-768x1024.jpg\" alt=\"\" data-id=\"13877\" data-full-url=\"https:\/\/mdkoswiecim.pl\/wp-content\/uploads\/2021\/04\/20210429_153840-scaled.jpg\" data-link=\"https:\/\/mdkoswiecim.pl\/?attachment_id=13877\" class=\"wp-image-13877\" srcset=\"https:\/\/mdkoswiecim.pl\/wp-content\/uploads\/2021\/04\/20210429_153840-768x1024.jpg 768w, https:\/\/mdkoswiecim.pl\/wp-content\/uploads\/2021\/04\/20210429_153840-225x300.jpg 225w, https:\/\/mdkoswiecim.pl\/wp-content\/uploads\/2021\/04\/20210429_153840-1152x1536.jpg 1152w, https:\/\/mdkoswiecim.pl\/wp-content\/uploads\/2021\/04\/20210429_153840-1536x2048.jpg 1536w, https:\/\/mdkoswiecim.pl\/wp-content\/uploads\/2021\/04\/20210429_153840-scaled.jpg 1920w\" sizes=\"auto, (max-width: 768px) 100vw, 768px\" \/><figcaption class=\"blocks-gallery-item__caption\">Bia\u0142o-czerwone drzewa<\/figcaption><\/figure><\/li><li class=\"blocks-gallery-item\"><figure><img loading=\"lazy\" decoding=\"async\" width=\"768\" height=\"1024\" src=\"https:\/\/mdkoswiecim.pl\/wp-content\/uploads\/2021\/04\/20210429_153820-768x1024.jpg\" alt=\"\" data-id=\"13876\" data-full-url=\"https:\/\/mdkoswiecim.pl\/wp-content\/uploads\/2021\/04\/20210429_153820-scaled.jpg\" data-link=\"https:\/\/mdkoswiecim.pl\/?attachment_id=13876\" class=\"wp-image-13876\" srcset=\"https:\/\/mdkoswiecim.pl\/wp-content\/uploads\/2021\/04\/20210429_153820-768x1024.jpg 768w, https:\/\/mdkoswiecim.pl\/wp-content\/uploads\/2021\/04\/20210429_153820-225x300.jpg 225w, https:\/\/mdkoswiecim.pl\/wp-content\/uploads\/2021\/04\/20210429_153820-1152x1536.jpg 1152w, https:\/\/mdkoswiecim.pl\/wp-content\/uploads\/2021\/04\/20210429_153820-1536x2048.jpg 1536w, https:\/\/mdkoswiecim.pl\/wp-content\/uploads\/2021\/04\/20210429_153820-scaled.jpg 1920w\" sizes=\"auto, (max-width: 768px) 100vw, 768px\" \/><figcaption class=\"blocks-gallery-item__caption\">Dziewczynka maluj\u0105ca serce<\/figcaption><\/figure><\/li><li class=\"blocks-gallery-item\"><figure><img loading=\"lazy\" decoding=\"async\" width=\"768\" height=\"1024\" src=\"https:\/\/mdkoswiecim.pl\/wp-content\/uploads\/2021\/04\/20210429_153804-768x1024.jpg\" alt=\"\" data-id=\"13875\" data-full-url=\"https:\/\/mdkoswiecim.pl\/wp-content\/uploads\/2021\/04\/20210429_153804-scaled.jpg\" data-link=\"https:\/\/mdkoswiecim.pl\/?attachment_id=13875\" class=\"wp-image-13875\" srcset=\"https:\/\/mdkoswiecim.pl\/wp-content\/uploads\/2021\/04\/20210429_153804-768x1024.jpg 768w, https:\/\/mdkoswiecim.pl\/wp-content\/uploads\/2021\/04\/20210429_153804-225x300.jpg 225w, https:\/\/mdkoswiecim.pl\/wp-content\/uploads\/2021\/04\/20210429_153804-1152x1536.jpg 1152w, https:\/\/mdkoswiecim.pl\/wp-content\/uploads\/2021\/04\/20210429_153804-1536x2048.jpg 1536w, https:\/\/mdkoswiecim.pl\/wp-content\/uploads\/2021\/04\/20210429_153804-scaled.jpg 1920w\" sizes=\"auto, (max-width: 768px) 100vw, 768px\" \/><figcaption class=\"blocks-gallery-item__caption\">Malowanie kwiatk\u00f3w<\/figcaption><\/figure><\/li><\/ul><\/figure>\n\n\n\n<p><\/p>\n\n\n\n<p><\/p>\n","protected":false},"excerpt":{"rendered":"<p>W ramach trwaj\u0105cego w MDK tygodnia patriotycznego prezentujemy prace wychowank\u00f3w p. Agnieszki Muchy.<\/p>\n","protected":false},"author":2,"featured_media":13877,"comment_status":"closed","ping_status":"open","sticky":false,"template":"","format":"standard","meta":{"footnotes":""},"categories":[108],"tags":[],"class_list":["post-13886","post","type-post","status-publish","format-standard","has-post-thumbnail","hentry","category-aktualnosci"],"yoast_head":"<!-- This site is optimized with the Yoast SEO plugin v16.1.1 - https:\/\/yoast.com\/wordpress\/plugins\/seo\/ -->\n<title>Kolejne prace wychowank\u00f3w w ramach tygodnia patriotycznego w MDK. - MDK<\/title>\n<link rel=\"canonical\" href=\"https:\/\/mdkoswiecim.pl\/index.php\/2021\/04\/30\/kolejne-prace-wychowankow-w-ramach-tygodnia-patriotycznego-w-mdk\/\" \/>\n<meta property=\"og:locale\" content=\"pl_PL\" \/>\n<meta property=\"og:type\" content=\"article\" \/>\n<meta property=\"og:title\" content=\"Kolejne prace wychowank\u00f3w w ramach tygodnia patriotycznego w MDK. - MDK\" \/>\n<meta property=\"og:description\" content=\"W ramach trwaj\u0105cego w MDK tygodnia patriotycznego prezentujemy prace wychowank\u00f3w p. Agnieszki Muchy.\" \/>\n<meta property=\"og:url\" content=\"https:\/\/mdkoswiecim.pl\/index.php\/2021\/04\/30\/kolejne-prace-wychowankow-w-ramach-tygodnia-patriotycznego-w-mdk\/\" \/>\n<meta property=\"og:site_name\" content=\"MDK\" \/>\n<meta property=\"article:published_time\" content=\"2021-04-30T12:51:46+00:00\" \/>\n<meta property=\"article:modified_time\" content=\"2021-04-30T12:51:48+00:00\" \/>\n<meta property=\"og:image\" content=\"https:\/\/mdkoswiecim.pl\/wp-content\/uploads\/2021\/04\/20210429_153840-scaled.jpg\" \/>\n\t<meta property=\"og:image:width\" content=\"1920\" \/>\n\t<meta property=\"og:image:height\" content=\"2560\" \/>\n<meta name=\"twitter:card\" content=\"summary_large_image\" \/>\n<meta name=\"twitter:label1\" content=\"Szacowany czas czytania\">\n\t<meta name=\"twitter:data1\" content=\"2 minuty\">\n<script type=\"application\/ld+json\" class=\"yoast-schema-graph\">{\"@context\":\"https:\/\/schema.org\",\"@graph\":[{\"@type\":\"WebSite\",\"@id\":\"https:\/\/mdkoswiecim.pl\/#website\",\"url\":\"https:\/\/mdkoswiecim.pl\/\",\"name\":\"MDK\",\"description\":\"M\\u0142odzie\\u017cowy Dom Kultury w O\\u015bwi\\u0119cimiu\",\"potentialAction\":[{\"@type\":\"SearchAction\",\"target\":\"https:\/\/mdkoswiecim.pl\/?s={search_term_string}\",\"query-input\":\"required name=search_term_string\"}],\"inLanguage\":\"pl-PL\"},{\"@type\":\"ImageObject\",\"@id\":\"https:\/\/mdkoswiecim.pl\/index.php\/2021\/04\/30\/kolejne-prace-wychowankow-w-ramach-tygodnia-patriotycznego-w-mdk\/#primaryimage\",\"inLanguage\":\"pl-PL\",\"url\":\"https:\/\/mdkoswiecim.pl\/wp-content\/uploads\/2021\/04\/20210429_153840-scaled.jpg\",\"contentUrl\":\"https:\/\/mdkoswiecim.pl\/wp-content\/uploads\/2021\/04\/20210429_153840-scaled.jpg\",\"width\":1920,\"height\":2560,\"caption\":\"Bia\\u0142o-czerwone drzewa\"},{\"@type\":\"WebPage\",\"@id\":\"https:\/\/mdkoswiecim.pl\/index.php\/2021\/04\/30\/kolejne-prace-wychowankow-w-ramach-tygodnia-patriotycznego-w-mdk\/#webpage\",\"url\":\"https:\/\/mdkoswiecim.pl\/index.php\/2021\/04\/30\/kolejne-prace-wychowankow-w-ramach-tygodnia-patriotycznego-w-mdk\/\",\"name\":\"Kolejne prace wychowank\\u00f3w w ramach tygodnia patriotycznego w MDK. - MDK\",\"isPartOf\":{\"@id\":\"https:\/\/mdkoswiecim.pl\/#website\"},\"primaryImageOfPage\":{\"@id\":\"https:\/\/mdkoswiecim.pl\/index.php\/2021\/04\/30\/kolejne-prace-wychowankow-w-ramach-tygodnia-patriotycznego-w-mdk\/#primaryimage\"},\"datePublished\":\"2021-04-30T12:51:46+00:00\",\"dateModified\":\"2021-04-30T12:51:48+00:00\",\"author\":{\"@id\":\"https:\/\/mdkoswiecim.pl\/#\/schema\/person\/de4e1c3f9f9805d4834a83cd933e83a4\"},\"breadcrumb\":{\"@id\":\"https:\/\/mdkoswiecim.pl\/index.php\/2021\/04\/30\/kolejne-prace-wychowankow-w-ramach-tygodnia-patriotycznego-w-mdk\/#breadcrumb\"},\"inLanguage\":\"pl-PL\",\"potentialAction\":[{\"@type\":\"ReadAction\",\"target\":[\"https:\/\/mdkoswiecim.pl\/index.php\/2021\/04\/30\/kolejne-prace-wychowankow-w-ramach-tygodnia-patriotycznego-w-mdk\/\"]}]},{\"@type\":\"BreadcrumbList\",\"@id\":\"https:\/\/mdkoswiecim.pl\/index.php\/2021\/04\/30\/kolejne-prace-wychowankow-w-ramach-tygodnia-patriotycznego-w-mdk\/#breadcrumb\",\"itemListElement\":[{\"@type\":\"ListItem\",\"position\":1,\"item\":{\"@type\":\"WebPage\",\"@id\":\"https:\/\/mdkoswiecim.pl\/\",\"url\":\"https:\/\/mdkoswiecim.pl\/\",\"name\":\"Strona g\\u0142\\u00f3wna\"}},{\"@type\":\"ListItem\",\"position\":2,\"item\":{\"@type\":\"WebPage\",\"@id\":\"https:\/\/mdkoswiecim.pl\/index.php\/2021\/04\/30\/kolejne-prace-wychowankow-w-ramach-tygodnia-patriotycznego-w-mdk\/\",\"url\":\"https:\/\/mdkoswiecim.pl\/index.php\/2021\/04\/30\/kolejne-prace-wychowankow-w-ramach-tygodnia-patriotycznego-w-mdk\/\",\"name\":\"Kolejne prace wychowank\\u00f3w w ramach tygodnia patriotycznego w MDK.\"}}]},{\"@type\":\"Person\",\"@id\":\"https:\/\/mdkoswiecim.pl\/#\/schema\/person\/de4e1c3f9f9805d4834a83cd933e83a4\",\"name\":\"janusz.majcherek\",\"image\":{\"@type\":\"ImageObject\",\"@id\":\"https:\/\/mdkoswiecim.pl\/#personlogo\",\"inLanguage\":\"pl-PL\",\"url\":\"https:\/\/secure.gravatar.com\/avatar\/841ee0bdfc0ec9800cdb49de086063cd2bdca44d52221b7fee4d6a2db5eafb17?s=96&d=mm&r=g\",\"contentUrl\":\"https:\/\/secure.gravatar.com\/avatar\/841ee0bdfc0ec9800cdb49de086063cd2bdca44d52221b7fee4d6a2db5eafb17?s=96&d=mm&r=g\",\"caption\":\"janusz.majcherek\"}}]}<\/script>\n<!-- \/ Yoast SEO plugin. -->","_links":{"self":[{"href":"https:\/\/mdkoswiecim.pl\/index.php\/wp-json\/wp\/v2\/posts\/13886","targetHints":{"allow":["GET"]}}],"collection":[{"href":"https:\/\/mdkoswiecim.pl\/index.php\/wp-json\/wp\/v2\/posts"}],"about":[{"href":"https:\/\/mdkoswiecim.pl\/index.php\/wp-json\/wp\/v2\/types\/post"}],"author":[{"embeddable":true,"href":"https:\/\/mdkoswiecim.pl\/index.php\/wp-json\/wp\/v2\/users\/2"}],"replies":[{"embeddable":true,"href":"https:\/\/mdkoswiecim.pl\/index.php\/wp-json\/wp\/v2\/comments?post=13886"}],"version-history":[{"count":2,"href":"https:\/\/mdkoswiecim.pl\/index.php\/wp-json\/wp\/v2\/posts\/13886\/revisions"}],"predecessor-version":[{"id":13888,"href":"https:\/\/mdkoswiecim.pl\/index.php\/wp-json\/wp\/v2\/posts\/13886\/revisions\/13888"}],"wp:featuredmedia":[{"embeddable":true,"href":"https:\/\/mdkoswiecim.pl\/index.php\/wp-json\/wp\/v2\/media\/13877"}],"wp:attachment":[{"href":"https:\/\/mdkoswiecim.pl\/index.php\/wp-json\/wp\/v2\/media?parent=13886"}],"wp:term":[{"taxonomy":"category","embeddable":true,"href":"https:\/\/mdkoswiecim.pl\/index.php\/wp-json\/wp\/v2\/categories?post=13886"},{"taxonomy":"post_tag","embeddable":true,"href":"https:\/\/mdkoswiecim.pl\/index.php\/wp-json\/wp\/v2\/tags?post=13886"}],"curies":[{"name":"wp","href":"https:\/\/api.w.org\/{rel}","templated":true}]}}