{"id":13862,"date":"2021-04-29T13:03:03","date_gmt":"2021-04-29T11:03:03","guid":{"rendered":"https:\/\/mdkoswiecim.pl\/?p=13862"},"modified":"2021-04-29T16:26:56","modified_gmt":"2021-04-29T14:26:56","slug":"tydzien-z-patriotyzmem-w-mdk-trwa","status":"publish","type":"post","link":"https:\/\/mdkoswiecim.pl\/index.php\/2021\/04\/29\/tydzien-z-patriotyzmem-w-mdk-trwa\/","title":{"rendered":"TYDZIE\u0143 Z PATRIOTYZMEM W MDK TRWA :)"},"content":{"rendered":"<p>[vc_row][vc_column][vc_column_text]Zgodnie z planem, zaj\u0119cia w M\u0142odzie\u017cowym Domu Kultury w tygodniu poprzedzaj\u0105cym \u015bwi\u0119ta majowe odbywaj\u0105 si\u0119 pod has\u0142em patriotyzmu. Muzycy ucz\u0105 m.in. utworu &#8220;Witaj Majowa Jutrzenko&#8221;, plastycy wykonuj\u0105 z dzie\u0107mi ozdoby, kt\u00f3re upi\u0119kszaj\u0105 plac\u00f3wk\u0119, a w czasie zaj\u0119\u0107 z gier i zabaw, uczestnicy zmagaj\u0105 si\u0119 w rozgrywkach, kt\u00f3re przybli\u017caj\u0105 im histori\u0119 naszego kraju. W poni\u017cszej galerii zdj\u0119\u0107 grupa &#8220;Gry logiczne&#8221; pod opiek\u0105 pani Patrycji Wi\u0119cek.<\/p>\n<div id='gallery-1' class='gallery galleryid-13862 gallery-columns-3 gallery-size-thumbnail'><figure class='gallery-item'>\n\t\t\t<div class='gallery-icon landscape'>\n\t\t\t\t<a href='https:\/\/mdkoswiecim.pl\/index.php\/2021\/04\/29\/tydzien-z-patriotyzmem-w-mdk-trwa\/180633426_742745372997327_2216488098873297711_n\/'><img loading=\"lazy\" decoding=\"async\" width=\"150\" height=\"150\" src=\"https:\/\/mdkoswiecim.pl\/wp-content\/uploads\/2021\/04\/180633426_742745372997327_2216488098873297711_n-150x150.jpg\" class=\"attachment-thumbnail size-thumbnail\" alt=\"\" aria-describedby=\"gallery-1-13867\" srcset=\"https:\/\/mdkoswiecim.pl\/wp-content\/uploads\/2021\/04\/180633426_742745372997327_2216488098873297711_n-150x150.jpg 150w, https:\/\/mdkoswiecim.pl\/wp-content\/uploads\/2021\/04\/180633426_742745372997327_2216488098873297711_n-75x75.jpg 75w\" sizes=\"auto, (max-width: 150px) 100vw, 150px\" \/><\/a>\n\t\t\t<\/div>\n\t\t\t\t<figcaption class='wp-caption-text gallery-caption' id='gallery-1-13867'>\n\t\t\t\tDzieci graj\u0105ce w gry planszowe\n\t\t\t\t<\/figcaption><\/figure><figure class='gallery-item'>\n\t\t\t<div class='gallery-icon landscape'>\n\t\t\t\t<a href='https:\/\/mdkoswiecim.pl\/index.php\/2021\/04\/29\/tydzien-z-patriotyzmem-w-mdk-trwa\/179942497_475736830339180_2857194266566221501_n\/'><img loading=\"lazy\" decoding=\"async\" width=\"150\" height=\"150\" src=\"https:\/\/mdkoswiecim.pl\/wp-content\/uploads\/2021\/04\/179942497_475736830339180_2857194266566221501_n-150x150.jpg\" class=\"attachment-thumbnail size-thumbnail\" alt=\"\" aria-describedby=\"gallery-1-13866\" srcset=\"https:\/\/mdkoswiecim.pl\/wp-content\/uploads\/2021\/04\/179942497_475736830339180_2857194266566221501_n-150x150.jpg 150w, https:\/\/mdkoswiecim.pl\/wp-content\/uploads\/2021\/04\/179942497_475736830339180_2857194266566221501_n-75x75.jpg 75w\" sizes=\"auto, (max-width: 150px) 100vw, 150px\" \/><\/a>\n\t\t\t<\/div>\n\t\t\t\t<figcaption class='wp-caption-text gallery-caption' id='gallery-1-13866'>\n\t\t\t\tDzieci graj\u0105ce w gry planszowe\n\t\t\t\t<\/figcaption><\/figure><figure class='gallery-item'>\n\t\t\t<div class='gallery-icon landscape'>\n\t\t\t\t<a href='https:\/\/mdkoswiecim.pl\/index.php\/2021\/04\/29\/tydzien-z-patriotyzmem-w-mdk-trwa\/179815915_488369488965246_3470664840873160214_n\/'><img loading=\"lazy\" decoding=\"async\" width=\"150\" height=\"150\" src=\"https:\/\/mdkoswiecim.pl\/wp-content\/uploads\/2021\/04\/179815915_488369488965246_3470664840873160214_n-150x150.jpg\" class=\"attachment-thumbnail size-thumbnail\" alt=\"\" aria-describedby=\"gallery-1-13865\" srcset=\"https:\/\/mdkoswiecim.pl\/wp-content\/uploads\/2021\/04\/179815915_488369488965246_3470664840873160214_n-150x150.jpg 150w, https:\/\/mdkoswiecim.pl\/wp-content\/uploads\/2021\/04\/179815915_488369488965246_3470664840873160214_n-75x75.jpg 75w\" sizes=\"auto, (max-width: 150px) 100vw, 150px\" \/><\/a>\n\t\t\t<\/div>\n\t\t\t\t<figcaption class='wp-caption-text gallery-caption' id='gallery-1-13865'>\n\t\t\t\tDzieci graj\u0105ce w gry planszowe\n\t\t\t\t<\/figcaption><\/figure><figure class='gallery-item'>\n\t\t\t<div class='gallery-icon landscape'>\n\t\t\t\t<a href='https:\/\/mdkoswiecim.pl\/index.php\/2021\/04\/29\/tydzien-z-patriotyzmem-w-mdk-trwa\/179043842_2507108316101548_2517546673971941523_n\/'><img loading=\"lazy\" decoding=\"async\" width=\"150\" height=\"150\" src=\"https:\/\/mdkoswiecim.pl\/wp-content\/uploads\/2021\/04\/179043842_2507108316101548_2517546673971941523_n-150x150.jpg\" class=\"attachment-thumbnail size-thumbnail\" alt=\"\" aria-describedby=\"gallery-1-13864\" srcset=\"https:\/\/mdkoswiecim.pl\/wp-content\/uploads\/2021\/04\/179043842_2507108316101548_2517546673971941523_n-150x150.jpg 150w, https:\/\/mdkoswiecim.pl\/wp-content\/uploads\/2021\/04\/179043842_2507108316101548_2517546673971941523_n-75x75.jpg 75w\" sizes=\"auto, (max-width: 150px) 100vw, 150px\" \/><\/a>\n\t\t\t<\/div>\n\t\t\t\t<figcaption class='wp-caption-text gallery-caption' id='gallery-1-13864'>\n\t\t\t\tDzieci graj\u0105ce w gry planszowe\n\t\t\t\t<\/figcaption><\/figure><figure class='gallery-item'>\n\t\t\t<div class='gallery-icon portrait'>\n\t\t\t\t<a href='https:\/\/mdkoswiecim.pl\/index.php\/2021\/04\/29\/tydzien-z-patriotyzmem-w-mdk-trwa\/177957509_190635346234443_7058469390864295345_n\/'><img loading=\"lazy\" decoding=\"async\" width=\"150\" height=\"150\" src=\"https:\/\/mdkoswiecim.pl\/wp-content\/uploads\/2021\/04\/177957509_190635346234443_7058469390864295345_n-150x150.jpg\" class=\"attachment-thumbnail size-thumbnail\" alt=\"\" aria-describedby=\"gallery-1-13863\" srcset=\"https:\/\/mdkoswiecim.pl\/wp-content\/uploads\/2021\/04\/177957509_190635346234443_7058469390864295345_n-150x150.jpg 150w, https:\/\/mdkoswiecim.pl\/wp-content\/uploads\/2021\/04\/177957509_190635346234443_7058469390864295345_n-75x75.jpg 75w\" sizes=\"auto, (max-width: 150px) 100vw, 150px\" \/><\/a>\n\t\t\t<\/div>\n\t\t\t\t<figcaption class='wp-caption-text gallery-caption' id='gallery-1-13863'>\n\t\t\t\tBia\u0142o-czerwone kwiatki\n\t\t\t\t<\/figcaption><\/figure>\n\t\t<\/div>\n\n<p>[\/vc_column_text][\/vc_column][\/vc_row]<\/p>\n","protected":false},"excerpt":{"rendered":"<p>[vc_row][vc_column][vc_column_text]Zgodnie z planem, zaj\u0119cia w M\u0142odzie\u017cowym Domu Kultury w tygodniu poprzedzaj\u0105cym \u015bwi\u0119ta majowe odbywaj\u0105 si\u0119 pod has\u0142em patriotyzmu. Muzycy ucz\u0105 m.in. utworu &#8220;Witaj Majowa Jutrzenko&#8221;, plastycy wykonuj\u0105 z dzie\u0107mi ozdoby, kt\u00f3re upi\u0119kszaj\u0105 plac\u00f3wk\u0119, a w czasie zaj\u0119\u0107 z gier i zabaw, uczestnicy zmagaj\u0105 si\u0119 w rozgrywkach, kt\u00f3re przybli\u017caj\u0105 im histori\u0119 naszego kraju. W poni\u017cszej galerii [&hellip;]<\/p>\n","protected":false},"author":3,"featured_media":13872,"comment_status":"closed","ping_status":"open","sticky":false,"template":"","format":"standard","meta":{"footnotes":""},"categories":[108],"tags":[],"class_list":["post-13862","post","type-post","status-publish","format-standard","has-post-thumbnail","hentry","category-aktualnosci"],"yoast_head":"<!-- This site is optimized with the Yoast SEO plugin v16.1.1 - https:\/\/yoast.com\/wordpress\/plugins\/seo\/ -->\n<title>TYDZIE\u0143 Z PATRIOTYZMEM W MDK TRWA :) - MDK<\/title>\n<link rel=\"canonical\" href=\"https:\/\/mdkoswiecim.pl\/index.php\/2021\/04\/29\/tydzien-z-patriotyzmem-w-mdk-trwa\/\" \/>\n<meta property=\"og:locale\" content=\"pl_PL\" \/>\n<meta property=\"og:type\" content=\"article\" \/>\n<meta property=\"og:title\" content=\"TYDZIE\u0143 Z PATRIOTYZMEM W MDK TRWA :) - MDK\" \/>\n<meta property=\"og:description\" content=\"[vc_row][vc_column][vc_column_text]Zgodnie z planem, zaj\u0119cia w M\u0142odzie\u017cowym Domu Kultury w tygodniu poprzedzaj\u0105cym \u015bwi\u0119ta majowe odbywaj\u0105 si\u0119 pod has\u0142em patriotyzmu. Muzycy ucz\u0105 m.in. utworu &#8220;Witaj Majowa Jutrzenko&#8221;, plastycy wykonuj\u0105 z dzie\u0107mi ozdoby, kt\u00f3re upi\u0119kszaj\u0105 plac\u00f3wk\u0119, a w czasie zaj\u0119\u0107 z gier i zabaw, uczestnicy zmagaj\u0105 si\u0119 w rozgrywkach, kt\u00f3re przybli\u017caj\u0105 im histori\u0119 naszego kraju. W poni\u017cszej galerii [&hellip;]\" \/>\n<meta property=\"og:url\" content=\"https:\/\/mdkoswiecim.pl\/index.php\/2021\/04\/29\/tydzien-z-patriotyzmem-w-mdk-trwa\/\" \/>\n<meta property=\"og:site_name\" content=\"MDK\" \/>\n<meta property=\"article:published_time\" content=\"2021-04-29T11:03:03+00:00\" \/>\n<meta property=\"article:modified_time\" content=\"2021-04-29T14:26:56+00:00\" \/>\n<meta property=\"og:image\" content=\"https:\/\/mdkoswiecim.pl\/wp-content\/uploads\/2021\/04\/178727478_891933824716463_1733234517365359031_n-e1619706399532.jpg\" \/>\n\t<meta property=\"og:image:width\" content=\"1296\" \/>\n\t<meta property=\"og:image:height\" content=\"1062\" \/>\n<meta name=\"twitter:card\" content=\"summary_large_image\" \/>\n<meta name=\"twitter:label1\" content=\"Szacowany czas czytania\">\n\t<meta name=\"twitter:data1\" content=\"1 minuta\">\n<script type=\"application\/ld+json\" class=\"yoast-schema-graph\">{\"@context\":\"https:\/\/schema.org\",\"@graph\":[{\"@type\":\"WebSite\",\"@id\":\"https:\/\/mdkoswiecim.pl\/#website\",\"url\":\"https:\/\/mdkoswiecim.pl\/\",\"name\":\"MDK\",\"description\":\"M\\u0142odzie\\u017cowy Dom Kultury w O\\u015bwi\\u0119cimiu\",\"potentialAction\":[{\"@type\":\"SearchAction\",\"target\":\"https:\/\/mdkoswiecim.pl\/?s={search_term_string}\",\"query-input\":\"required name=search_term_string\"}],\"inLanguage\":\"pl-PL\"},{\"@type\":\"ImageObject\",\"@id\":\"https:\/\/mdkoswiecim.pl\/index.php\/2021\/04\/29\/tydzien-z-patriotyzmem-w-mdk-trwa\/#primaryimage\",\"inLanguage\":\"pl-PL\",\"url\":\"https:\/\/mdkoswiecim.pl\/wp-content\/uploads\/2021\/04\/178727478_891933824716463_1733234517365359031_n-e1619706399532.jpg\",\"contentUrl\":\"https:\/\/mdkoswiecim.pl\/wp-content\/uploads\/2021\/04\/178727478_891933824716463_1733234517365359031_n-e1619706399532.jpg\",\"width\":1296,\"height\":1062},{\"@type\":\"WebPage\",\"@id\":\"https:\/\/mdkoswiecim.pl\/index.php\/2021\/04\/29\/tydzien-z-patriotyzmem-w-mdk-trwa\/#webpage\",\"url\":\"https:\/\/mdkoswiecim.pl\/index.php\/2021\/04\/29\/tydzien-z-patriotyzmem-w-mdk-trwa\/\",\"name\":\"TYDZIE\\u0143 Z PATRIOTYZMEM W MDK TRWA :) - MDK\",\"isPartOf\":{\"@id\":\"https:\/\/mdkoswiecim.pl\/#website\"},\"primaryImageOfPage\":{\"@id\":\"https:\/\/mdkoswiecim.pl\/index.php\/2021\/04\/29\/tydzien-z-patriotyzmem-w-mdk-trwa\/#primaryimage\"},\"datePublished\":\"2021-04-29T11:03:03+00:00\",\"dateModified\":\"2021-04-29T14:26:56+00:00\",\"author\":{\"@id\":\"https:\/\/mdkoswiecim.pl\/#\/schema\/person\/d9c1081e4cfefcbccad7ec11fa250f7a\"},\"breadcrumb\":{\"@id\":\"https:\/\/mdkoswiecim.pl\/index.php\/2021\/04\/29\/tydzien-z-patriotyzmem-w-mdk-trwa\/#breadcrumb\"},\"inLanguage\":\"pl-PL\",\"potentialAction\":[{\"@type\":\"ReadAction\",\"target\":[\"https:\/\/mdkoswiecim.pl\/index.php\/2021\/04\/29\/tydzien-z-patriotyzmem-w-mdk-trwa\/\"]}]},{\"@type\":\"BreadcrumbList\",\"@id\":\"https:\/\/mdkoswiecim.pl\/index.php\/2021\/04\/29\/tydzien-z-patriotyzmem-w-mdk-trwa\/#breadcrumb\",\"itemListElement\":[{\"@type\":\"ListItem\",\"position\":1,\"item\":{\"@type\":\"WebPage\",\"@id\":\"https:\/\/mdkoswiecim.pl\/\",\"url\":\"https:\/\/mdkoswiecim.pl\/\",\"name\":\"Strona g\\u0142\\u00f3wna\"}},{\"@type\":\"ListItem\",\"position\":2,\"item\":{\"@type\":\"WebPage\",\"@id\":\"https:\/\/mdkoswiecim.pl\/index.php\/2021\/04\/29\/tydzien-z-patriotyzmem-w-mdk-trwa\/\",\"url\":\"https:\/\/mdkoswiecim.pl\/index.php\/2021\/04\/29\/tydzien-z-patriotyzmem-w-mdk-trwa\/\",\"name\":\"TYDZIE\\u0143 Z PATRIOTYZMEM W MDK TRWA :)\"}}]},{\"@type\":\"Person\",\"@id\":\"https:\/\/mdkoswiecim.pl\/#\/schema\/person\/d9c1081e4cfefcbccad7ec11fa250f7a\",\"name\":\"alina.kwarciak\",\"image\":{\"@type\":\"ImageObject\",\"@id\":\"https:\/\/mdkoswiecim.pl\/#personlogo\",\"inLanguage\":\"pl-PL\",\"url\":\"https:\/\/secure.gravatar.com\/avatar\/cce8f640650bbd69c0efc0afd2dddb7945a94129b978796401e58cac1eb8b87b?s=96&d=mm&r=g\",\"contentUrl\":\"https:\/\/secure.gravatar.com\/avatar\/cce8f640650bbd69c0efc0afd2dddb7945a94129b978796401e58cac1eb8b87b?s=96&d=mm&r=g\",\"caption\":\"alina.kwarciak\"}}]}<\/script>\n<!-- \/ Yoast SEO plugin. -->","_links":{"self":[{"href":"https:\/\/mdkoswiecim.pl\/index.php\/wp-json\/wp\/v2\/posts\/13862","targetHints":{"allow":["GET"]}}],"collection":[{"href":"https:\/\/mdkoswiecim.pl\/index.php\/wp-json\/wp\/v2\/posts"}],"about":[{"href":"https:\/\/mdkoswiecim.pl\/index.php\/wp-json\/wp\/v2\/types\/post"}],"author":[{"embeddable":true,"href":"https:\/\/mdkoswiecim.pl\/index.php\/wp-json\/wp\/v2\/users\/3"}],"replies":[{"embeddable":true,"href":"https:\/\/mdkoswiecim.pl\/index.php\/wp-json\/wp\/v2\/comments?post=13862"}],"version-history":[{"count":1,"href":"https:\/\/mdkoswiecim.pl\/index.php\/wp-json\/wp\/v2\/posts\/13862\/revisions"}],"predecessor-version":[{"id":13868,"href":"https:\/\/mdkoswiecim.pl\/index.php\/wp-json\/wp\/v2\/posts\/13862\/revisions\/13868"}],"wp:featuredmedia":[{"embeddable":true,"href":"https:\/\/mdkoswiecim.pl\/index.php\/wp-json\/wp\/v2\/media\/13872"}],"wp:attachment":[{"href":"https:\/\/mdkoswiecim.pl\/index.php\/wp-json\/wp\/v2\/media?parent=13862"}],"wp:term":[{"taxonomy":"category","embeddable":true,"href":"https:\/\/mdkoswiecim.pl\/index.php\/wp-json\/wp\/v2\/categories?post=13862"},{"taxonomy":"post_tag","embeddable":true,"href":"https:\/\/mdkoswiecim.pl\/index.php\/wp-json\/wp\/v2\/tags?post=13862"}],"curies":[{"name":"wp","href":"https:\/\/api.w.org\/{rel}","templated":true}]}}