{"id":13842,"date":"2021-04-27T09:21:24","date_gmt":"2021-04-27T07:21:24","guid":{"rendered":"https:\/\/mdkoswiecim.pl\/?p=13842"},"modified":"2021-04-27T09:24:03","modified_gmt":"2021-04-27T07:24:03","slug":"patriotyczny-tydzien-w-mdk","status":"publish","type":"post","link":"https:\/\/mdkoswiecim.pl\/index.php\/2021\/04\/27\/patriotyczny-tydzien-w-mdk\/","title":{"rendered":"Patriotyczny tydzie\u0144 w MDK"},"content":{"rendered":"\n<p>Z okazji zbli\u017caj\u0105cych si\u0119 \u015bwi\u0105t majowych &#8211; \u015awi\u0119ta Flagi Pa\u0144stwowej oraz \u015awi\u0119ta Konstytucji 3 Maja &#8211; w M\u0142odzie\u017cowym Domu Kultury zaplanowano cykl zaj\u0119\u0107, w czasie kt\u00f3rych dzieci i m\u0142odzie\u017c rozmawiaj\u0105 o tym, czym dla wsp\u00f3\u0142czesnego cz\u0142owieka jest patriotyzm, jak mo\u017cna go okazywa\u0107, czy jest nam potrzebny&#8230; Zaj\u0119cia plastyczne staj\u0105 si\u0119 dodatkowo okazj\u0105 do przygotowywania kotylion\u00f3w, plakat\u00f3w oraz innych ozd\u00f3b patriotycznych, kt\u00f3re upi\u0119ksz\u0105 MDK. W czasie zaj\u0119\u0107 muzycznych uczestnicy ucz\u0105 si\u0119 piosenek i pie\u015bni zwi\u0105zanych z majowymi \u015bwi\u0119tami, a zaj\u0119cia z gier logicznych bawi\u0105 dzieci i m\u0142odzie\u017c grami opartymi na historii Polski.<\/p>\n\n\n\n<p>Oto pierwsze efekty naszych zaj\u0119\u0107 &#8211; przygotowa\u0142a je grupa plastyczna z Che\u0142mka pod opiek\u0105 pani Agnieszki Muchy.<\/p>\n\n\n\n<figure class=\"wp-block-gallery columns-3 is-cropped wp-block-gallery-1 is-layout-flex wp-block-gallery-is-layout-flex\"><ul class=\"blocks-gallery-grid\"><li class=\"blocks-gallery-item\"><figure><img loading=\"lazy\" decoding=\"async\" width=\"768\" height=\"1024\" src=\"https:\/\/mdkoswiecim.pl\/wp-content\/uploads\/2021\/04\/20210426_154738-768x1024.jpg\" alt=\"\" data-id=\"13843\" data-link=\"https:\/\/mdkoswiecim.pl\/?attachment_id=13843\" class=\"wp-image-13843\" srcset=\"https:\/\/mdkoswiecim.pl\/wp-content\/uploads\/2021\/04\/20210426_154738-768x1024.jpg 768w, https:\/\/mdkoswiecim.pl\/wp-content\/uploads\/2021\/04\/20210426_154738-225x300.jpg 225w, https:\/\/mdkoswiecim.pl\/wp-content\/uploads\/2021\/04\/20210426_154738-1152x1536.jpg 1152w, https:\/\/mdkoswiecim.pl\/wp-content\/uploads\/2021\/04\/20210426_154738-1536x2048.jpg 1536w, https:\/\/mdkoswiecim.pl\/wp-content\/uploads\/2021\/04\/20210426_154738-scaled.jpg 1920w\" sizes=\"auto, (max-width: 768px) 100vw, 768px\" \/><figcaption class=\"blocks-gallery-item__caption\">Ch\u0142opiec z kotylionem<\/figcaption><\/figure><\/li><li class=\"blocks-gallery-item\"><figure><img loading=\"lazy\" decoding=\"async\" width=\"768\" height=\"1024\" src=\"https:\/\/mdkoswiecim.pl\/wp-content\/uploads\/2021\/04\/20210426_154824-768x1024.jpg\" alt=\"\" data-id=\"13844\" data-link=\"https:\/\/mdkoswiecim.pl\/?attachment_id=13844\" class=\"wp-image-13844\" srcset=\"https:\/\/mdkoswiecim.pl\/wp-content\/uploads\/2021\/04\/20210426_154824-768x1024.jpg 768w, https:\/\/mdkoswiecim.pl\/wp-content\/uploads\/2021\/04\/20210426_154824-225x300.jpg 225w, https:\/\/mdkoswiecim.pl\/wp-content\/uploads\/2021\/04\/20210426_154824-1152x1536.jpg 1152w, https:\/\/mdkoswiecim.pl\/wp-content\/uploads\/2021\/04\/20210426_154824-1536x2048.jpg 1536w, https:\/\/mdkoswiecim.pl\/wp-content\/uploads\/2021\/04\/20210426_154824-scaled.jpg 1920w\" sizes=\"auto, (max-width: 768px) 100vw, 768px\" \/><figcaption class=\"blocks-gallery-item__caption\">Przygotowywanie kotyliona<\/figcaption><\/figure><\/li><li class=\"blocks-gallery-item\"><figure><img loading=\"lazy\" decoding=\"async\" width=\"768\" height=\"1024\" src=\"https:\/\/mdkoswiecim.pl\/wp-content\/uploads\/2021\/04\/20210426_154928-768x1024.jpg\" alt=\"\" data-id=\"13845\" data-link=\"https:\/\/mdkoswiecim.pl\/?attachment_id=13845\" class=\"wp-image-13845\" srcset=\"https:\/\/mdkoswiecim.pl\/wp-content\/uploads\/2021\/04\/20210426_154928-768x1024.jpg 768w, https:\/\/mdkoswiecim.pl\/wp-content\/uploads\/2021\/04\/20210426_154928-225x300.jpg 225w, https:\/\/mdkoswiecim.pl\/wp-content\/uploads\/2021\/04\/20210426_154928-1152x1536.jpg 1152w, https:\/\/mdkoswiecim.pl\/wp-content\/uploads\/2021\/04\/20210426_154928-1536x2048.jpg 1536w, https:\/\/mdkoswiecim.pl\/wp-content\/uploads\/2021\/04\/20210426_154928-scaled.jpg 1920w\" sizes=\"auto, (max-width: 768px) 100vw, 768px\" \/><figcaption class=\"blocks-gallery-item__caption\">Kotyliony<\/figcaption><\/figure><\/li><li class=\"blocks-gallery-item\"><figure><img loading=\"lazy\" decoding=\"async\" width=\"768\" height=\"1024\" src=\"https:\/\/mdkoswiecim.pl\/wp-content\/uploads\/2021\/04\/20210426_154611-768x1024.jpg\" alt=\"\" data-id=\"13846\" data-full-url=\"https:\/\/mdkoswiecim.pl\/wp-content\/uploads\/2021\/04\/20210426_154611-scaled.jpg\" data-link=\"https:\/\/mdkoswiecim.pl\/?attachment_id=13846\" class=\"wp-image-13846\" srcset=\"https:\/\/mdkoswiecim.pl\/wp-content\/uploads\/2021\/04\/20210426_154611-768x1024.jpg 768w, https:\/\/mdkoswiecim.pl\/wp-content\/uploads\/2021\/04\/20210426_154611-225x300.jpg 225w, https:\/\/mdkoswiecim.pl\/wp-content\/uploads\/2021\/04\/20210426_154611-1152x1536.jpg 1152w, https:\/\/mdkoswiecim.pl\/wp-content\/uploads\/2021\/04\/20210426_154611-1536x2048.jpg 1536w, https:\/\/mdkoswiecim.pl\/wp-content\/uploads\/2021\/04\/20210426_154611-scaled.jpg 1920w\" sizes=\"auto, (max-width: 768px) 100vw, 768px\" \/><figcaption class=\"blocks-gallery-item__caption\">Dziewczynka z kotylionem<\/figcaption><\/figure><\/li><li class=\"blocks-gallery-item\"><figure><img loading=\"lazy\" decoding=\"async\" width=\"768\" height=\"1024\" src=\"https:\/\/mdkoswiecim.pl\/wp-content\/uploads\/2021\/04\/20210426_154653-768x1024.jpg\" alt=\"\" data-id=\"13847\" data-full-url=\"https:\/\/mdkoswiecim.pl\/wp-content\/uploads\/2021\/04\/20210426_154653-scaled.jpg\" data-link=\"https:\/\/mdkoswiecim.pl\/?attachment_id=13847\" class=\"wp-image-13847\" srcset=\"https:\/\/mdkoswiecim.pl\/wp-content\/uploads\/2021\/04\/20210426_154653-768x1024.jpg 768w, https:\/\/mdkoswiecim.pl\/wp-content\/uploads\/2021\/04\/20210426_154653-225x300.jpg 225w, https:\/\/mdkoswiecim.pl\/wp-content\/uploads\/2021\/04\/20210426_154653-1152x1536.jpg 1152w, https:\/\/mdkoswiecim.pl\/wp-content\/uploads\/2021\/04\/20210426_154653-1536x2048.jpg 1536w, https:\/\/mdkoswiecim.pl\/wp-content\/uploads\/2021\/04\/20210426_154653-scaled.jpg 1920w\" sizes=\"auto, (max-width: 768px) 100vw, 768px\" \/><figcaption class=\"blocks-gallery-item__caption\">Dziewczynki z kotylionami<\/figcaption><\/figure><\/li><\/ul><\/figure>\n","protected":false},"excerpt":{"rendered":"<p>Z okazji zbli\u017caj\u0105cych si\u0119 \u015bwi\u0105t majowych &#8211; \u015awi\u0119ta Flagi Pa\u0144stwowej oraz \u015awi\u0119ta Konstytucji 3 Maja &#8211; w M\u0142odzie\u017cowym Domu Kultury zaplanowano cykl zaj\u0119\u0107, w czasie kt\u00f3rych dzieci i m\u0142odzie\u017c rozmawiaj\u0105 o tym, czym dla wsp\u00f3\u0142czesnego cz\u0142owieka jest patriotyzm, jak mo\u017cna go okazywa\u0107, czy jest nam potrzebny&#8230; Zaj\u0119cia plastyczne staj\u0105 si\u0119 dodatkowo okazj\u0105 do przygotowywania kotylion\u00f3w, [&hellip;]<\/p>\n","protected":false},"author":3,"featured_media":13849,"comment_status":"closed","ping_status":"open","sticky":false,"template":"","format":"standard","meta":{"footnotes":""},"categories":[108],"tags":[],"class_list":["post-13842","post","type-post","status-publish","format-standard","has-post-thumbnail","hentry","category-aktualnosci"],"yoast_head":"<!-- This site is optimized with the Yoast SEO plugin v16.1.1 - https:\/\/yoast.com\/wordpress\/plugins\/seo\/ -->\n<title>Patriotyczny tydzie\u0144 w MDK - MDK<\/title>\n<link rel=\"canonical\" href=\"https:\/\/mdkoswiecim.pl\/index.php\/2021\/04\/27\/patriotyczny-tydzien-w-mdk\/\" \/>\n<meta property=\"og:locale\" content=\"pl_PL\" \/>\n<meta property=\"og:type\" content=\"article\" \/>\n<meta property=\"og:title\" content=\"Patriotyczny tydzie\u0144 w MDK - MDK\" \/>\n<meta property=\"og:description\" content=\"Z okazji zbli\u017caj\u0105cych si\u0119 \u015bwi\u0105t majowych &#8211; \u015awi\u0119ta Flagi Pa\u0144stwowej oraz \u015awi\u0119ta Konstytucji 3 Maja &#8211; w M\u0142odzie\u017cowym Domu Kultury zaplanowano cykl zaj\u0119\u0107, w czasie kt\u00f3rych dzieci i m\u0142odzie\u017c rozmawiaj\u0105 o tym, czym dla wsp\u00f3\u0142czesnego cz\u0142owieka jest patriotyzm, jak mo\u017cna go okazywa\u0107, czy jest nam potrzebny&#8230; Zaj\u0119cia plastyczne staj\u0105 si\u0119 dodatkowo okazj\u0105 do przygotowywania kotylion\u00f3w, [&hellip;]\" \/>\n<meta property=\"og:url\" content=\"https:\/\/mdkoswiecim.pl\/index.php\/2021\/04\/27\/patriotyczny-tydzien-w-mdk\/\" \/>\n<meta property=\"og:site_name\" content=\"MDK\" \/>\n<meta property=\"article:published_time\" content=\"2021-04-27T07:21:24+00:00\" \/>\n<meta property=\"article:modified_time\" content=\"2021-04-27T07:24:03+00:00\" \/>\n<meta property=\"og:image\" content=\"https:\/\/mdkoswiecim.pl\/wp-content\/uploads\/2021\/04\/20210426_154928-1-scaled-e1619508213530.jpg\" \/>\n\t<meta property=\"og:image:width\" content=\"1920\" \/>\n\t<meta property=\"og:image:height\" content=\"1376\" \/>\n<meta name=\"twitter:card\" content=\"summary_large_image\" \/>\n<meta name=\"twitter:label1\" content=\"Szacowany czas czytania\">\n\t<meta name=\"twitter:data1\" content=\"2 minuty\">\n<script type=\"application\/ld+json\" class=\"yoast-schema-graph\">{\"@context\":\"https:\/\/schema.org\",\"@graph\":[{\"@type\":\"WebSite\",\"@id\":\"https:\/\/mdkoswiecim.pl\/#website\",\"url\":\"https:\/\/mdkoswiecim.pl\/\",\"name\":\"MDK\",\"description\":\"M\\u0142odzie\\u017cowy Dom Kultury w O\\u015bwi\\u0119cimiu\",\"potentialAction\":[{\"@type\":\"SearchAction\",\"target\":\"https:\/\/mdkoswiecim.pl\/?s={search_term_string}\",\"query-input\":\"required name=search_term_string\"}],\"inLanguage\":\"pl-PL\"},{\"@type\":\"ImageObject\",\"@id\":\"https:\/\/mdkoswiecim.pl\/index.php\/2021\/04\/27\/patriotyczny-tydzien-w-mdk\/#primaryimage\",\"inLanguage\":\"pl-PL\",\"url\":\"https:\/\/mdkoswiecim.pl\/wp-content\/uploads\/2021\/04\/20210426_154928-1-scaled-e1619508213530.jpg\",\"contentUrl\":\"https:\/\/mdkoswiecim.pl\/wp-content\/uploads\/2021\/04\/20210426_154928-1-scaled-e1619508213530.jpg\",\"width\":1920,\"height\":1376},{\"@type\":\"WebPage\",\"@id\":\"https:\/\/mdkoswiecim.pl\/index.php\/2021\/04\/27\/patriotyczny-tydzien-w-mdk\/#webpage\",\"url\":\"https:\/\/mdkoswiecim.pl\/index.php\/2021\/04\/27\/patriotyczny-tydzien-w-mdk\/\",\"name\":\"Patriotyczny tydzie\\u0144 w MDK - MDK\",\"isPartOf\":{\"@id\":\"https:\/\/mdkoswiecim.pl\/#website\"},\"primaryImageOfPage\":{\"@id\":\"https:\/\/mdkoswiecim.pl\/index.php\/2021\/04\/27\/patriotyczny-tydzien-w-mdk\/#primaryimage\"},\"datePublished\":\"2021-04-27T07:21:24+00:00\",\"dateModified\":\"2021-04-27T07:24:03+00:00\",\"author\":{\"@id\":\"https:\/\/mdkoswiecim.pl\/#\/schema\/person\/d9c1081e4cfefcbccad7ec11fa250f7a\"},\"breadcrumb\":{\"@id\":\"https:\/\/mdkoswiecim.pl\/index.php\/2021\/04\/27\/patriotyczny-tydzien-w-mdk\/#breadcrumb\"},\"inLanguage\":\"pl-PL\",\"potentialAction\":[{\"@type\":\"ReadAction\",\"target\":[\"https:\/\/mdkoswiecim.pl\/index.php\/2021\/04\/27\/patriotyczny-tydzien-w-mdk\/\"]}]},{\"@type\":\"BreadcrumbList\",\"@id\":\"https:\/\/mdkoswiecim.pl\/index.php\/2021\/04\/27\/patriotyczny-tydzien-w-mdk\/#breadcrumb\",\"itemListElement\":[{\"@type\":\"ListItem\",\"position\":1,\"item\":{\"@type\":\"WebPage\",\"@id\":\"https:\/\/mdkoswiecim.pl\/\",\"url\":\"https:\/\/mdkoswiecim.pl\/\",\"name\":\"Strona g\\u0142\\u00f3wna\"}},{\"@type\":\"ListItem\",\"position\":2,\"item\":{\"@type\":\"WebPage\",\"@id\":\"https:\/\/mdkoswiecim.pl\/index.php\/2021\/04\/27\/patriotyczny-tydzien-w-mdk\/\",\"url\":\"https:\/\/mdkoswiecim.pl\/index.php\/2021\/04\/27\/patriotyczny-tydzien-w-mdk\/\",\"name\":\"Patriotyczny tydzie\\u0144 w MDK\"}}]},{\"@type\":\"Person\",\"@id\":\"https:\/\/mdkoswiecim.pl\/#\/schema\/person\/d9c1081e4cfefcbccad7ec11fa250f7a\",\"name\":\"alina.kwarciak\",\"image\":{\"@type\":\"ImageObject\",\"@id\":\"https:\/\/mdkoswiecim.pl\/#personlogo\",\"inLanguage\":\"pl-PL\",\"url\":\"https:\/\/secure.gravatar.com\/avatar\/cce8f640650bbd69c0efc0afd2dddb7945a94129b978796401e58cac1eb8b87b?s=96&d=mm&r=g\",\"contentUrl\":\"https:\/\/secure.gravatar.com\/avatar\/cce8f640650bbd69c0efc0afd2dddb7945a94129b978796401e58cac1eb8b87b?s=96&d=mm&r=g\",\"caption\":\"alina.kwarciak\"}}]}<\/script>\n<!-- \/ Yoast SEO plugin. -->","_links":{"self":[{"href":"https:\/\/mdkoswiecim.pl\/index.php\/wp-json\/wp\/v2\/posts\/13842","targetHints":{"allow":["GET"]}}],"collection":[{"href":"https:\/\/mdkoswiecim.pl\/index.php\/wp-json\/wp\/v2\/posts"}],"about":[{"href":"https:\/\/mdkoswiecim.pl\/index.php\/wp-json\/wp\/v2\/types\/post"}],"author":[{"embeddable":true,"href":"https:\/\/mdkoswiecim.pl\/index.php\/wp-json\/wp\/v2\/users\/3"}],"replies":[{"embeddable":true,"href":"https:\/\/mdkoswiecim.pl\/index.php\/wp-json\/wp\/v2\/comments?post=13842"}],"version-history":[{"count":1,"href":"https:\/\/mdkoswiecim.pl\/index.php\/wp-json\/wp\/v2\/posts\/13842\/revisions"}],"predecessor-version":[{"id":13848,"href":"https:\/\/mdkoswiecim.pl\/index.php\/wp-json\/wp\/v2\/posts\/13842\/revisions\/13848"}],"wp:featuredmedia":[{"embeddable":true,"href":"https:\/\/mdkoswiecim.pl\/index.php\/wp-json\/wp\/v2\/media\/13849"}],"wp:attachment":[{"href":"https:\/\/mdkoswiecim.pl\/index.php\/wp-json\/wp\/v2\/media?parent=13842"}],"wp:term":[{"taxonomy":"category","embeddable":true,"href":"https:\/\/mdkoswiecim.pl\/index.php\/wp-json\/wp\/v2\/categories?post=13842"},{"taxonomy":"post_tag","embeddable":true,"href":"https:\/\/mdkoswiecim.pl\/index.php\/wp-json\/wp\/v2\/tags?post=13842"}],"curies":[{"name":"wp","href":"https:\/\/api.w.org\/{rel}","templated":true}]}}