{"id":13604,"date":"2021-03-24T10:13:23","date_gmt":"2021-03-24T09:13:23","guid":{"rendered":"http:\/\/mdrncmp.webd.pro\/mdkfortest\/?p=13604"},"modified":"2021-04-08T14:27:26","modified_gmt":"2021-04-08T12:27:26","slug":"zajecia-w-mdk-informacja","status":"publish","type":"post","link":"https:\/\/mdkoswiecim.pl\/index.php\/2021\/03\/24\/zajecia-w-mdk-informacja\/","title":{"rendered":"Zaj\u0119cia w MDK \u2013 informacja!"},"content":{"rendered":"<p>[vc_row][vc_column][vc_column_text]Informujemy, \u017ce zaj\u0119cia w M\u0142odzie\u017cowym Domu Kultury odbywaj\u0105 si\u0119 w trybie stacjonarnym z wyj\u0105tkiem:<\/p>\n<p><!--more--><\/p>\n<ol type=\"1\">\n<li><strong>Od dnia 22 marca 2021 r. do dnia 11 kwietnia 2021 r. niekt\u00f3re zaj\u0119cia prowadzone s\u0105 z\u00a0wykorzystaniem metod i technik kszta\u0142cenia na odleg\u0142o\u015b\u0107. Zaj\u0119cia prowadzone w systemie zdalnym:<\/strong><\/li>\n<\/ol>\n<ul>\n<li>Gry logiczne (Che\u0142mek) \u2013 p. Jadwiga Fuda\u0142a<\/li>\n<\/ul>\n<ul>\n<li>Plastyka 1, Plastyka 2 (Che\u0142mek) \u2013 p. Agnieszka Mucha<\/li>\n<\/ul>\n<ul>\n<li>Gra na gitarze (grupa pocz\u0105tkuj\u0105ca Brzeszcze) \u2013 p. Janusz Majcherek<\/li>\n<\/ul>\n<ul>\n<li>Plastyka (grupa Rajsko) \u2013 p. Anetta Sanak.<\/li>\n<\/ul>\n<p><strong>2. Od dnia 22 marca 2021 r. do dnia 11 kwietnia 2021 r. zmienia si\u0119 miejsce realizacji niekt\u00f3rych zaj\u0119\u0107:<\/strong><\/p>\n<ul>\n<li>Zaj\u0119cia teatralne (SP 8 w O\u015bwi\u0119cimiu) \u2013 p. Anna Chodacka \u2013 realizowane s\u0105 w M\u0142odzie\u017cowej Piwnicy Artystycznej MDK<\/li>\n<\/ul>\n<ul>\n<li>Techniki uczenia si\u0119 (SP9 w O\u015bwi\u0119cimiu) \u2013 p. Alina Kwarciak \u2013 realizowane s\u0105 w siedzibie MDK<\/li>\n<\/ul>\n<ul>\n<li>Analiza tekst\u00f3w kultury (PZ 9 K\u0119ty) \u2013 p. Izabela Paszko \u2013 realizowane s\u0105 w siedzibie MDK<\/li>\n<\/ul>\n<ul>\n<li>Gra na gitarze (grupa pocz\u0105tkuj\u0105ca Che\u0142mek, grupa \u015bredniozaawansowana Che\u0142mek) \u2013 p.\u00a0Kamila Sibik \u2013 realizowane s\u0105 w siedzibie MDK.<\/li>\n<\/ul>\n<p>[\/vc_column_text][\/vc_column][\/vc_row]<\/p>\n","protected":false},"excerpt":{"rendered":"<p>[vc_row][vc_column][vc_column_text]Informujemy, \u017ce zaj\u0119cia w M\u0142odzie\u017cowym Domu Kultury odbywaj\u0105 si\u0119 w trybie stacjonarnym z wyj\u0105tkiem:<\/p>\n","protected":false},"author":1,"featured_media":13699,"comment_status":"closed","ping_status":"open","sticky":false,"template":"","format":"standard","meta":{"footnotes":""},"categories":[108],"tags":[],"class_list":["post-13604","post","type-post","status-publish","format-standard","has-post-thumbnail","hentry","category-aktualnosci"],"yoast_head":"<!-- This site is optimized with the Yoast SEO plugin v16.1.1 - https:\/\/yoast.com\/wordpress\/plugins\/seo\/ -->\n<title>Zaj\u0119cia w MDK \u2013 informacja! - MDK<\/title>\n<link rel=\"canonical\" href=\"https:\/\/mdkoswiecim.pl\/index.php\/2021\/03\/24\/zajecia-w-mdk-informacja\/\" \/>\n<meta property=\"og:locale\" content=\"pl_PL\" \/>\n<meta property=\"og:type\" content=\"article\" \/>\n<meta property=\"og:title\" content=\"Zaj\u0119cia w MDK \u2013 informacja! - MDK\" \/>\n<meta property=\"og:description\" content=\"[vc_row][vc_column][vc_column_text]Informujemy, \u017ce zaj\u0119cia w M\u0142odzie\u017cowym Domu Kultury odbywaj\u0105 si\u0119 w trybie stacjonarnym z wyj\u0105tkiem:\" \/>\n<meta property=\"og:url\" content=\"https:\/\/mdkoswiecim.pl\/index.php\/2021\/03\/24\/zajecia-w-mdk-informacja\/\" \/>\n<meta property=\"og:site_name\" content=\"MDK\" \/>\n<meta property=\"article:published_time\" content=\"2021-03-24T09:13:23+00:00\" \/>\n<meta property=\"article:modified_time\" content=\"2021-04-08T12:27:26+00:00\" \/>\n<meta property=\"og:image\" content=\"https:\/\/mdkoswiecim.pl\/wp-content\/uploads\/2021\/03\/DSC_3288-scaled.jpg\" \/>\n\t<meta property=\"og:image:width\" content=\"2560\" \/>\n\t<meta property=\"og:image:height\" content=\"1702\" \/>\n<meta name=\"twitter:card\" content=\"summary_large_image\" \/>\n<meta name=\"twitter:label1\" content=\"Szacowany czas czytania\">\n\t<meta name=\"twitter:data1\" content=\"1 minuta\">\n<script type=\"application\/ld+json\" class=\"yoast-schema-graph\">{\"@context\":\"https:\/\/schema.org\",\"@graph\":[{\"@type\":\"WebSite\",\"@id\":\"https:\/\/mdkoswiecim.pl\/#website\",\"url\":\"https:\/\/mdkoswiecim.pl\/\",\"name\":\"MDK\",\"description\":\"M\\u0142odzie\\u017cowy Dom Kultury w O\\u015bwi\\u0119cimiu\",\"potentialAction\":[{\"@type\":\"SearchAction\",\"target\":\"https:\/\/mdkoswiecim.pl\/?s={search_term_string}\",\"query-input\":\"required name=search_term_string\"}],\"inLanguage\":\"pl-PL\"},{\"@type\":\"ImageObject\",\"@id\":\"https:\/\/mdkoswiecim.pl\/index.php\/2021\/03\/24\/zajecia-w-mdk-informacja\/#primaryimage\",\"inLanguage\":\"pl-PL\",\"url\":\"https:\/\/mdkoswiecim.pl\/wp-content\/uploads\/2021\/03\/DSC_3288-scaled.jpg\",\"contentUrl\":\"https:\/\/mdkoswiecim.pl\/wp-content\/uploads\/2021\/03\/DSC_3288-scaled.jpg\",\"width\":2560,\"height\":1702},{\"@type\":\"WebPage\",\"@id\":\"https:\/\/mdkoswiecim.pl\/index.php\/2021\/03\/24\/zajecia-w-mdk-informacja\/#webpage\",\"url\":\"https:\/\/mdkoswiecim.pl\/index.php\/2021\/03\/24\/zajecia-w-mdk-informacja\/\",\"name\":\"Zaj\\u0119cia w MDK \\u2013 informacja! - MDK\",\"isPartOf\":{\"@id\":\"https:\/\/mdkoswiecim.pl\/#website\"},\"primaryImageOfPage\":{\"@id\":\"https:\/\/mdkoswiecim.pl\/index.php\/2021\/03\/24\/zajecia-w-mdk-informacja\/#primaryimage\"},\"datePublished\":\"2021-03-24T09:13:23+00:00\",\"dateModified\":\"2021-04-08T12:27:26+00:00\",\"author\":{\"@id\":\"https:\/\/mdkoswiecim.pl\/#\/schema\/person\/0e7cbc6adf0824f1eef81bd40fa6bd02\"},\"breadcrumb\":{\"@id\":\"https:\/\/mdkoswiecim.pl\/index.php\/2021\/03\/24\/zajecia-w-mdk-informacja\/#breadcrumb\"},\"inLanguage\":\"pl-PL\",\"potentialAction\":[{\"@type\":\"ReadAction\",\"target\":[\"https:\/\/mdkoswiecim.pl\/index.php\/2021\/03\/24\/zajecia-w-mdk-informacja\/\"]}]},{\"@type\":\"BreadcrumbList\",\"@id\":\"https:\/\/mdkoswiecim.pl\/index.php\/2021\/03\/24\/zajecia-w-mdk-informacja\/#breadcrumb\",\"itemListElement\":[{\"@type\":\"ListItem\",\"position\":1,\"item\":{\"@type\":\"WebPage\",\"@id\":\"https:\/\/mdkoswiecim.pl\/\",\"url\":\"https:\/\/mdkoswiecim.pl\/\",\"name\":\"Strona g\\u0142\\u00f3wna\"}},{\"@type\":\"ListItem\",\"position\":2,\"item\":{\"@type\":\"WebPage\",\"@id\":\"https:\/\/mdkoswiecim.pl\/index.php\/2021\/03\/24\/zajecia-w-mdk-informacja\/\",\"url\":\"https:\/\/mdkoswiecim.pl\/index.php\/2021\/03\/24\/zajecia-w-mdk-informacja\/\",\"name\":\"Zaj\\u0119cia w MDK \\u2013 informacja!\"}}]},{\"@type\":\"Person\",\"@id\":\"https:\/\/mdkoswiecim.pl\/#\/schema\/person\/0e7cbc6adf0824f1eef81bd40fa6bd02\",\"name\":\"administrator\",\"image\":{\"@type\":\"ImageObject\",\"@id\":\"https:\/\/mdkoswiecim.pl\/#personlogo\",\"inLanguage\":\"pl-PL\",\"url\":\"https:\/\/secure.gravatar.com\/avatar\/6e9d257abb087139c4a57fd62b4f5246da1ae07278ea0e7cb7b596051975afd6?s=96&d=mm&r=g\",\"contentUrl\":\"https:\/\/secure.gravatar.com\/avatar\/6e9d257abb087139c4a57fd62b4f5246da1ae07278ea0e7cb7b596051975afd6?s=96&d=mm&r=g\",\"caption\":\"administrator\"},\"sameAs\":[\"http:\/\/mdrncmp.webd.pro\/mdkfortest\"]}]}<\/script>\n<!-- \/ Yoast SEO plugin. -->","_links":{"self":[{"href":"https:\/\/mdkoswiecim.pl\/index.php\/wp-json\/wp\/v2\/posts\/13604","targetHints":{"allow":["GET"]}}],"collection":[{"href":"https:\/\/mdkoswiecim.pl\/index.php\/wp-json\/wp\/v2\/posts"}],"about":[{"href":"https:\/\/mdkoswiecim.pl\/index.php\/wp-json\/wp\/v2\/types\/post"}],"author":[{"embeddable":true,"href":"https:\/\/mdkoswiecim.pl\/index.php\/wp-json\/wp\/v2\/users\/1"}],"replies":[{"embeddable":true,"href":"https:\/\/mdkoswiecim.pl\/index.php\/wp-json\/wp\/v2\/comments?post=13604"}],"version-history":[{"count":4,"href":"https:\/\/mdkoswiecim.pl\/index.php\/wp-json\/wp\/v2\/posts\/13604\/revisions"}],"predecessor-version":[{"id":13698,"href":"https:\/\/mdkoswiecim.pl\/index.php\/wp-json\/wp\/v2\/posts\/13604\/revisions\/13698"}],"wp:featuredmedia":[{"embeddable":true,"href":"https:\/\/mdkoswiecim.pl\/index.php\/wp-json\/wp\/v2\/media\/13699"}],"wp:attachment":[{"href":"https:\/\/mdkoswiecim.pl\/index.php\/wp-json\/wp\/v2\/media?parent=13604"}],"wp:term":[{"taxonomy":"category","embeddable":true,"href":"https:\/\/mdkoswiecim.pl\/index.php\/wp-json\/wp\/v2\/categories?post=13604"},{"taxonomy":"post_tag","embeddable":true,"href":"https:\/\/mdkoswiecim.pl\/index.php\/wp-json\/wp\/v2\/tags?post=13604"}],"curies":[{"name":"wp","href":"https:\/\/api.w.org\/{rel}","templated":true}]}}