{"id":13597,"date":"2021-03-19T15:59:53","date_gmt":"2021-03-19T14:59:53","guid":{"rendered":"http:\/\/mdrncmp.webd.pro\/mdkfortest\/?p=13597"},"modified":"2021-03-22T16:00:49","modified_gmt":"2021-03-22T15:00:49","slug":"kreatywni-2021-wyniki-pz9-i-i-lo-w-ketach","status":"publish","type":"post","link":"https:\/\/mdkoswiecim.pl\/index.php\/2021\/03\/19\/kreatywni-2021-wyniki-pz9-i-i-lo-w-ketach\/","title":{"rendered":"KREATYWNI 2021 \u2013 wyniki PZ9 i I LO w K\u0119tach."},"content":{"rendered":"<p>[vc_row][vc_column][vc_column_text]W dniu 16.02 oraz 18.02 w PZ 9 oraz I LO w K\u0119tach odby\u0142y si\u0119 przes\u0142uchania do Powiatowego Przegl\u0105du Artystycznego KREATYWNI 2021.<\/p>\n<p>Jury z M\u0142odzie\u017cowego Domu Kultury w O\u015bwi\u0119cimiu w sk\u0142adzie: Alina Kwarciak, El\u017cbieta Wardza\u0142a- Sere\u015b, Kamila Sibik i Janusz Majcherek, obejrza\u0142o wyst\u0119py artystyczne oraz prace konkursowe utalentowanej m\u0142odzie\u017cy powiatowych szk\u00f3\u0142 \u015brednich.<!--more--><\/p>\n<p>Poni\u017cej prezentujemy laureat\u00f3w oraz wyr\u00f3\u017cnionych w przegl\u0105dzie:<\/p>\n<p><strong>I LO w K\u0119tach<\/strong><\/p>\n<p>LAUREACI:<\/p>\n<p>&nbsp;<\/p>\n<ul>\n<li>Kinga Kizner \u2013 \u015bpiew<\/li>\n<li>Natalia Boba \u2013 \u015bpiew<\/li>\n<li>Weronika Oboza \u2013 \u015bpiew<\/li>\n<li>Joanna M\u0142ynarska \u2013 grafika komputerowa<\/li>\n<li>Szymon Zu\u017ca\u0142ek \u2013 taniec<\/li>\n<\/ul>\n<p>WYR\u00d3\u017bNIENIA:<\/p>\n<ul>\n<li>Micha\u0142 S\u0119dziak \u2013 taniec<\/li>\n<li>Zuzanna Buryan \u2013 literatura\/recytacja<\/li>\n<li>Daria Skwarczy\u0144ska \u2013 \u015bpiew<\/li>\n<li>Wiktoria Mi\u0142o\u0144 \u2013 rysunek<\/li>\n<\/ul>\n<p><a href=\"https:\/\/fb.watch\/4ko6_ogfC8\/\">https:\/\/fb.watch\/4ko6_ogfC8\/<\/a><\/p>\n<p><strong>PZ 9<\/strong>:<\/p>\n<p>LAUREACI:<\/p>\n<ul>\n<li>Dominika Wiero\u0144ska \u2013 rysunek<\/li>\n<li>El\u017cbieta Walczak \u2013 \u015bpiew<\/li>\n<li>Karina Skwarczy\u0144ska \u2013 \u015bpiew<\/li>\n<li>Maja Moskwik \u2013 prace literackie<\/li>\n<li>Maria Tomiczek \u2013 skrzypce<\/li>\n<\/ul>\n<p>WYR\u00d3\u017bNIENIA:<\/p>\n<ul>\n<li>Nikodem Kowalski \u2013 taniec<\/li>\n<li>Karolina Dr\u017ca\u0142a \u2013 rysunek<\/li>\n<li>Rozalia Drewniany \u2013 kostiumy<\/li>\n<li>Klaudia Ga\u0142uszka \u2013 \u015bpiew<\/li>\n<li>Kinga Kubi\u015b \u2013 literatura<\/li>\n<\/ul>\n<p><a href=\"https:\/\/www.facebook.com\/media\/set\/?vanity=dabrowskakety&amp;set=a.3902920619775270\">https:\/\/www.facebook.com\/media\/set\/?vanity=dabrowskakety&amp;set=a.3902920619775270<\/a><\/p>\n<p>Wszystkim laureatom oraz wyr\u00f3\u017cnionym serdecznie gratulujemy![\/vc_column_text][\/vc_column][\/vc_row]<\/p>\n","protected":false},"excerpt":{"rendered":"<p>[vc_row][vc_column][vc_column_text]W dniu 16.02 oraz 18.02 w PZ 9 oraz I LO w K\u0119tach odby\u0142y si\u0119 przes\u0142uchania do Powiatowego Przegl\u0105du Artystycznego KREATYWNI 2021. Jury z M\u0142odzie\u017cowego Domu Kultury w O\u015bwi\u0119cimiu w sk\u0142adzie: Alina Kwarciak, El\u017cbieta Wardza\u0142a- Sere\u015b, Kamila Sibik i Janusz Majcherek, obejrza\u0142o wyst\u0119py artystyczne oraz prace konkursowe utalentowanej m\u0142odzie\u017cy powiatowych szk\u00f3\u0142 \u015brednich.<\/p>\n","protected":false},"author":1,"featured_media":13583,"comment_status":"closed","ping_status":"open","sticky":false,"template":"","format":"standard","meta":{"footnotes":""},"categories":[108],"tags":[],"class_list":["post-13597","post","type-post","status-publish","format-standard","has-post-thumbnail","hentry","category-aktualnosci"],"yoast_head":"<!-- This site is optimized with the Yoast SEO plugin v16.1.1 - https:\/\/yoast.com\/wordpress\/plugins\/seo\/ -->\n<title>KREATYWNI 2021 \u2013 wyniki PZ9 i I LO w K\u0119tach. - MDK<\/title>\n<link rel=\"canonical\" href=\"https:\/\/mdkoswiecim.pl\/index.php\/2021\/03\/19\/kreatywni-2021-wyniki-pz9-i-i-lo-w-ketach\/\" \/>\n<meta property=\"og:locale\" content=\"pl_PL\" \/>\n<meta property=\"og:type\" content=\"article\" \/>\n<meta property=\"og:title\" content=\"KREATYWNI 2021 \u2013 wyniki PZ9 i I LO w K\u0119tach. - MDK\" \/>\n<meta property=\"og:description\" content=\"[vc_row][vc_column][vc_column_text]W dniu 16.02 oraz 18.02 w PZ 9 oraz I LO w K\u0119tach odby\u0142y si\u0119 przes\u0142uchania do Powiatowego Przegl\u0105du Artystycznego KREATYWNI 2021. Jury z M\u0142odzie\u017cowego Domu Kultury w O\u015bwi\u0119cimiu w sk\u0142adzie: Alina Kwarciak, El\u017cbieta Wardza\u0142a- Sere\u015b, Kamila Sibik i Janusz Majcherek, obejrza\u0142o wyst\u0119py artystyczne oraz prace konkursowe utalentowanej m\u0142odzie\u017cy powiatowych szk\u00f3\u0142 \u015brednich.\" \/>\n<meta property=\"og:url\" content=\"https:\/\/mdkoswiecim.pl\/index.php\/2021\/03\/19\/kreatywni-2021-wyniki-pz9-i-i-lo-w-ketach\/\" \/>\n<meta property=\"og:site_name\" content=\"MDK\" \/>\n<meta property=\"article:published_time\" content=\"2021-03-19T14:59:53+00:00\" \/>\n<meta property=\"article:modified_time\" content=\"2021-03-22T15:00:49+00:00\" \/>\n<meta property=\"og:image\" content=\"https:\/\/mdkoswiecim.pl\/wp-content\/uploads\/2021\/03\/plakat-kreatywni1-a2-1-1360x765-1.jpg\" \/>\n\t<meta property=\"og:image:width\" content=\"1360\" \/>\n\t<meta property=\"og:image:height\" content=\"765\" \/>\n<meta name=\"twitter:card\" content=\"summary_large_image\" \/>\n<meta name=\"twitter:label1\" content=\"Szacowany czas czytania\">\n\t<meta name=\"twitter:data1\" content=\"1 minuta\">\n<script type=\"application\/ld+json\" class=\"yoast-schema-graph\">{\"@context\":\"https:\/\/schema.org\",\"@graph\":[{\"@type\":\"WebSite\",\"@id\":\"https:\/\/mdkoswiecim.pl\/#website\",\"url\":\"https:\/\/mdkoswiecim.pl\/\",\"name\":\"MDK\",\"description\":\"M\\u0142odzie\\u017cowy Dom Kultury w O\\u015bwi\\u0119cimiu\",\"potentialAction\":[{\"@type\":\"SearchAction\",\"target\":\"https:\/\/mdkoswiecim.pl\/?s={search_term_string}\",\"query-input\":\"required name=search_term_string\"}],\"inLanguage\":\"pl-PL\"},{\"@type\":\"ImageObject\",\"@id\":\"https:\/\/mdkoswiecim.pl\/index.php\/2021\/03\/19\/kreatywni-2021-wyniki-pz9-i-i-lo-w-ketach\/#primaryimage\",\"inLanguage\":\"pl-PL\",\"url\":\"https:\/\/mdkoswiecim.pl\/wp-content\/uploads\/2021\/03\/plakat-kreatywni1-a2-1-1360x765-1.jpg\",\"contentUrl\":\"https:\/\/mdkoswiecim.pl\/wp-content\/uploads\/2021\/03\/plakat-kreatywni1-a2-1-1360x765-1.jpg\",\"width\":1360,\"height\":765},{\"@type\":\"WebPage\",\"@id\":\"https:\/\/mdkoswiecim.pl\/index.php\/2021\/03\/19\/kreatywni-2021-wyniki-pz9-i-i-lo-w-ketach\/#webpage\",\"url\":\"https:\/\/mdkoswiecim.pl\/index.php\/2021\/03\/19\/kreatywni-2021-wyniki-pz9-i-i-lo-w-ketach\/\",\"name\":\"KREATYWNI 2021 \\u2013 wyniki PZ9 i I LO w K\\u0119tach. - MDK\",\"isPartOf\":{\"@id\":\"https:\/\/mdkoswiecim.pl\/#website\"},\"primaryImageOfPage\":{\"@id\":\"https:\/\/mdkoswiecim.pl\/index.php\/2021\/03\/19\/kreatywni-2021-wyniki-pz9-i-i-lo-w-ketach\/#primaryimage\"},\"datePublished\":\"2021-03-19T14:59:53+00:00\",\"dateModified\":\"2021-03-22T15:00:49+00:00\",\"author\":{\"@id\":\"https:\/\/mdkoswiecim.pl\/#\/schema\/person\/0e7cbc6adf0824f1eef81bd40fa6bd02\"},\"breadcrumb\":{\"@id\":\"https:\/\/mdkoswiecim.pl\/index.php\/2021\/03\/19\/kreatywni-2021-wyniki-pz9-i-i-lo-w-ketach\/#breadcrumb\"},\"inLanguage\":\"pl-PL\",\"potentialAction\":[{\"@type\":\"ReadAction\",\"target\":[\"https:\/\/mdkoswiecim.pl\/index.php\/2021\/03\/19\/kreatywni-2021-wyniki-pz9-i-i-lo-w-ketach\/\"]}]},{\"@type\":\"BreadcrumbList\",\"@id\":\"https:\/\/mdkoswiecim.pl\/index.php\/2021\/03\/19\/kreatywni-2021-wyniki-pz9-i-i-lo-w-ketach\/#breadcrumb\",\"itemListElement\":[{\"@type\":\"ListItem\",\"position\":1,\"item\":{\"@type\":\"WebPage\",\"@id\":\"https:\/\/mdkoswiecim.pl\/\",\"url\":\"https:\/\/mdkoswiecim.pl\/\",\"name\":\"Strona g\\u0142\\u00f3wna\"}},{\"@type\":\"ListItem\",\"position\":2,\"item\":{\"@type\":\"WebPage\",\"@id\":\"https:\/\/mdkoswiecim.pl\/index.php\/2021\/03\/19\/kreatywni-2021-wyniki-pz9-i-i-lo-w-ketach\/\",\"url\":\"https:\/\/mdkoswiecim.pl\/index.php\/2021\/03\/19\/kreatywni-2021-wyniki-pz9-i-i-lo-w-ketach\/\",\"name\":\"KREATYWNI 2021 \\u2013 wyniki PZ9 i I LO w K\\u0119tach.\"}}]},{\"@type\":\"Person\",\"@id\":\"https:\/\/mdkoswiecim.pl\/#\/schema\/person\/0e7cbc6adf0824f1eef81bd40fa6bd02\",\"name\":\"administrator\",\"image\":{\"@type\":\"ImageObject\",\"@id\":\"https:\/\/mdkoswiecim.pl\/#personlogo\",\"inLanguage\":\"pl-PL\",\"url\":\"https:\/\/secure.gravatar.com\/avatar\/6e9d257abb087139c4a57fd62b4f5246da1ae07278ea0e7cb7b596051975afd6?s=96&d=mm&r=g\",\"contentUrl\":\"https:\/\/secure.gravatar.com\/avatar\/6e9d257abb087139c4a57fd62b4f5246da1ae07278ea0e7cb7b596051975afd6?s=96&d=mm&r=g\",\"caption\":\"administrator\"},\"sameAs\":[\"http:\/\/mdrncmp.webd.pro\/mdkfortest\"]}]}<\/script>\n<!-- \/ Yoast SEO plugin. -->","_links":{"self":[{"href":"https:\/\/mdkoswiecim.pl\/index.php\/wp-json\/wp\/v2\/posts\/13597","targetHints":{"allow":["GET"]}}],"collection":[{"href":"https:\/\/mdkoswiecim.pl\/index.php\/wp-json\/wp\/v2\/posts"}],"about":[{"href":"https:\/\/mdkoswiecim.pl\/index.php\/wp-json\/wp\/v2\/types\/post"}],"author":[{"embeddable":true,"href":"https:\/\/mdkoswiecim.pl\/index.php\/wp-json\/wp\/v2\/users\/1"}],"replies":[{"embeddable":true,"href":"https:\/\/mdkoswiecim.pl\/index.php\/wp-json\/wp\/v2\/comments?post=13597"}],"version-history":[{"count":2,"href":"https:\/\/mdkoswiecim.pl\/index.php\/wp-json\/wp\/v2\/posts\/13597\/revisions"}],"predecessor-version":[{"id":13599,"href":"https:\/\/mdkoswiecim.pl\/index.php\/wp-json\/wp\/v2\/posts\/13597\/revisions\/13599"}],"wp:featuredmedia":[{"embeddable":true,"href":"https:\/\/mdkoswiecim.pl\/index.php\/wp-json\/wp\/v2\/media\/13583"}],"wp:attachment":[{"href":"https:\/\/mdkoswiecim.pl\/index.php\/wp-json\/wp\/v2\/media?parent=13597"}],"wp:term":[{"taxonomy":"category","embeddable":true,"href":"https:\/\/mdkoswiecim.pl\/index.php\/wp-json\/wp\/v2\/categories?post=13597"},{"taxonomy":"post_tag","embeddable":true,"href":"https:\/\/mdkoswiecim.pl\/index.php\/wp-json\/wp\/v2\/tags?post=13597"}],"curies":[{"name":"wp","href":"https:\/\/api.w.org\/{rel}","templated":true}]}}