{"id":13595,"date":"2021-03-16T15:59:06","date_gmt":"2021-03-16T14:59:06","guid":{"rendered":"http:\/\/mdrncmp.webd.pro\/mdkfortest\/?p=13595"},"modified":"2021-03-22T16:01:56","modified_gmt":"2021-03-22T15:01:56","slug":"ankieta-dotyczaca-respektowania-norm-spolecznych-w-mdk","status":"publish","type":"post","link":"https:\/\/mdkoswiecim.pl\/index.php\/2021\/03\/16\/ankieta-dotyczaca-respektowania-norm-spolecznych-w-mdk\/","title":{"rendered":"Ankieta dotycz\u0105ca respektowania norm spo\u0142ecznych w MDK."},"content":{"rendered":"<p>[vc_row][vc_column][vc_column_text]Drodzy Rodzice i Uczniowie,<\/p>\n<p>w tym roku analizujemy poziom respektowania norm spo\u0142ecznych w naszej plac\u00f3wce. W tym celu chcieliby\u015bmy pozna\u0107 opinie Pa\u0144stwa, Drodzy Rodzice i Wasze, Drodzy Uczniowie i dowiedzie\u0107 si\u0119, czy czujecie si\u0119 tu, w MDK, bezpiecznie.<!--more--><\/p>\n<p>Prosimy Rodzic\u00f3w o wype\u0142nienie anonimowej ankiety online pod tym linkiem:<br \/>\nLINK DO ANKIETY DLA RODZIC\u00d3W:\u00a0<a href=\"https:\/\/forms.gle\/AVnMmQvvp9NcPhQX7\">https:\/\/forms.gle\/AVnMmQvvp9NcPhQX7<\/a><\/p>\n<p>Dzieci i m\u0142odzie\u017c powy\u017cej 10 roku \u017cycia prosimy o wype\u0142nienie osobnej anonimowej ankiety online pod tym linkiem:<br \/>\nLINK DO ANKIETY DLA DZIECI OD 10 ROKU \u017bYCIA:\u00a0<a href=\"https:\/\/forms.gle\/6SpJt7rBcSKXSFUEA\">https:\/\/forms.gle\/6SpJt7rBcSKXSFUEA<\/a><\/p>\n<p>Dzieci m\u0142odsze prosimy o wzi\u0119cie udzia\u0142u w zabawie na Kahoot, gdzie b\u0119d\u0105 mogli oceni\u0107 sytuacje przedstawione na zdj\u0119ciach:<br \/>\nLINK DO GRY DLA DZIECI DO 9 ROKU \u017bYCIA (przedszkole, klasy I-III SP):<br \/>\n<a href=\"https:\/\/kahoot.it\/challenge\/04886067?challenge-id=f2cf9257-3d54-4ea4-9663-2994f1d296ca_1613994076425\">https:\/\/kahoot.it\/challenge\/04886067?challenge-id=f2cf9257-3d54-4ea4-9663-2994f1d296ca_1613994076425<\/a><\/p>\n<p>Ponadto, udost\u0119pniamy te\u017c tablic\u0119 na Padlet.com, na kt\u00f3rej wszyscy uczniowie mog\u0105 (anonimowo lub podpisuj\u0105c si\u0119 imieniem i pierwsz\u0105 liter\u0105 nazwiska) umieszcza\u0107 swoje prace plastyczne, nagrania lub wypowiedzi pisemne na temat bezpiecze\u0144stwa i respektowania norm spo\u0142\u0119cznych:<br \/>\nLINK DO PADLET:\u00a0<a href=\"https:\/\/padlet.com\/madasia\/uhz5hnp2wzujpk4y\">https:\/\/padlet.com\/madasia\/uhz5hnp2wzujpk4y<\/a><br \/>\nHAS\u0141O WST\u0118PU: MDK<\/p>\n<p>Bardzo dzi\u0119kujemy za udzia\u0142 w badaniu, informacje zebrane na podstawie ankiet pomog\u0105 nam wyci\u0105gn\u0105\u0107 wnioski na przysz\u0142o\u015b\u0107 i zapewni\u0107 naszym wychowankom lepsze warunki do rozwijania swoich pasji.[\/vc_column_text][\/vc_column][\/vc_row]<\/p>\n","protected":false},"excerpt":{"rendered":"<p>[vc_row][vc_column][vc_column_text]Drodzy Rodzice i Uczniowie, w tym roku analizujemy poziom respektowania norm spo\u0142ecznych w naszej plac\u00f3wce. W tym celu chcieliby\u015bmy pozna\u0107 opinie Pa\u0144stwa, Drodzy Rodzice i Wasze, Drodzy Uczniowie i dowiedzie\u0107 si\u0119, czy czujecie si\u0119 tu, w MDK, bezpiecznie.<\/p>\n","protected":false},"author":1,"featured_media":0,"comment_status":"closed","ping_status":"open","sticky":false,"template":"","format":"standard","meta":{"footnotes":""},"categories":[108],"tags":[],"class_list":["post-13595","post","type-post","status-publish","format-standard","hentry","category-aktualnosci"],"yoast_head":"<!-- This site is optimized with the Yoast SEO plugin v16.1.1 - https:\/\/yoast.com\/wordpress\/plugins\/seo\/ -->\n<title>Ankieta dotycz\u0105ca respektowania norm spo\u0142ecznych w MDK. - MDK<\/title>\n<link rel=\"canonical\" href=\"https:\/\/mdkoswiecim.pl\/index.php\/2021\/03\/16\/ankieta-dotyczaca-respektowania-norm-spolecznych-w-mdk\/\" \/>\n<meta property=\"og:locale\" content=\"pl_PL\" \/>\n<meta property=\"og:type\" content=\"article\" \/>\n<meta property=\"og:title\" content=\"Ankieta dotycz\u0105ca respektowania norm spo\u0142ecznych w MDK. - MDK\" \/>\n<meta property=\"og:description\" content=\"[vc_row][vc_column][vc_column_text]Drodzy Rodzice i Uczniowie, w tym roku analizujemy poziom respektowania norm spo\u0142ecznych w naszej plac\u00f3wce. W tym celu chcieliby\u015bmy pozna\u0107 opinie Pa\u0144stwa, Drodzy Rodzice i Wasze, Drodzy Uczniowie i dowiedzie\u0107 si\u0119, czy czujecie si\u0119 tu, w MDK, bezpiecznie.\" \/>\n<meta property=\"og:url\" content=\"https:\/\/mdkoswiecim.pl\/index.php\/2021\/03\/16\/ankieta-dotyczaca-respektowania-norm-spolecznych-w-mdk\/\" \/>\n<meta property=\"og:site_name\" content=\"MDK\" \/>\n<meta property=\"article:published_time\" content=\"2021-03-16T14:59:06+00:00\" \/>\n<meta property=\"article:modified_time\" content=\"2021-03-22T15:01:56+00:00\" \/>\n<meta name=\"twitter:card\" content=\"summary_large_image\" \/>\n<meta name=\"twitter:label1\" content=\"Szacowany czas czytania\">\n\t<meta name=\"twitter:data1\" content=\"1 minuta\">\n<script type=\"application\/ld+json\" class=\"yoast-schema-graph\">{\"@context\":\"https:\/\/schema.org\",\"@graph\":[{\"@type\":\"WebSite\",\"@id\":\"https:\/\/mdkoswiecim.pl\/#website\",\"url\":\"https:\/\/mdkoswiecim.pl\/\",\"name\":\"MDK\",\"description\":\"M\\u0142odzie\\u017cowy Dom Kultury w O\\u015bwi\\u0119cimiu\",\"potentialAction\":[{\"@type\":\"SearchAction\",\"target\":\"https:\/\/mdkoswiecim.pl\/?s={search_term_string}\",\"query-input\":\"required name=search_term_string\"}],\"inLanguage\":\"pl-PL\"},{\"@type\":\"WebPage\",\"@id\":\"https:\/\/mdkoswiecim.pl\/index.php\/2021\/03\/16\/ankieta-dotyczaca-respektowania-norm-spolecznych-w-mdk\/#webpage\",\"url\":\"https:\/\/mdkoswiecim.pl\/index.php\/2021\/03\/16\/ankieta-dotyczaca-respektowania-norm-spolecznych-w-mdk\/\",\"name\":\"Ankieta dotycz\\u0105ca respektowania norm spo\\u0142ecznych w MDK. - MDK\",\"isPartOf\":{\"@id\":\"https:\/\/mdkoswiecim.pl\/#website\"},\"datePublished\":\"2021-03-16T14:59:06+00:00\",\"dateModified\":\"2021-03-22T15:01:56+00:00\",\"author\":{\"@id\":\"https:\/\/mdkoswiecim.pl\/#\/schema\/person\/0e7cbc6adf0824f1eef81bd40fa6bd02\"},\"breadcrumb\":{\"@id\":\"https:\/\/mdkoswiecim.pl\/index.php\/2021\/03\/16\/ankieta-dotyczaca-respektowania-norm-spolecznych-w-mdk\/#breadcrumb\"},\"inLanguage\":\"pl-PL\",\"potentialAction\":[{\"@type\":\"ReadAction\",\"target\":[\"https:\/\/mdkoswiecim.pl\/index.php\/2021\/03\/16\/ankieta-dotyczaca-respektowania-norm-spolecznych-w-mdk\/\"]}]},{\"@type\":\"BreadcrumbList\",\"@id\":\"https:\/\/mdkoswiecim.pl\/index.php\/2021\/03\/16\/ankieta-dotyczaca-respektowania-norm-spolecznych-w-mdk\/#breadcrumb\",\"itemListElement\":[{\"@type\":\"ListItem\",\"position\":1,\"item\":{\"@type\":\"WebPage\",\"@id\":\"https:\/\/mdkoswiecim.pl\/\",\"url\":\"https:\/\/mdkoswiecim.pl\/\",\"name\":\"Strona g\\u0142\\u00f3wna\"}},{\"@type\":\"ListItem\",\"position\":2,\"item\":{\"@type\":\"WebPage\",\"@id\":\"https:\/\/mdkoswiecim.pl\/index.php\/2021\/03\/16\/ankieta-dotyczaca-respektowania-norm-spolecznych-w-mdk\/\",\"url\":\"https:\/\/mdkoswiecim.pl\/index.php\/2021\/03\/16\/ankieta-dotyczaca-respektowania-norm-spolecznych-w-mdk\/\",\"name\":\"Ankieta dotycz\\u0105ca respektowania norm spo\\u0142ecznych w MDK.\"}}]},{\"@type\":\"Person\",\"@id\":\"https:\/\/mdkoswiecim.pl\/#\/schema\/person\/0e7cbc6adf0824f1eef81bd40fa6bd02\",\"name\":\"administrator\",\"image\":{\"@type\":\"ImageObject\",\"@id\":\"https:\/\/mdkoswiecim.pl\/#personlogo\",\"inLanguage\":\"pl-PL\",\"url\":\"https:\/\/secure.gravatar.com\/avatar\/6e9d257abb087139c4a57fd62b4f5246da1ae07278ea0e7cb7b596051975afd6?s=96&d=mm&r=g\",\"contentUrl\":\"https:\/\/secure.gravatar.com\/avatar\/6e9d257abb087139c4a57fd62b4f5246da1ae07278ea0e7cb7b596051975afd6?s=96&d=mm&r=g\",\"caption\":\"administrator\"},\"sameAs\":[\"http:\/\/mdrncmp.webd.pro\/mdkfortest\"]}]}<\/script>\n<!-- \/ Yoast SEO plugin. -->","_links":{"self":[{"href":"https:\/\/mdkoswiecim.pl\/index.php\/wp-json\/wp\/v2\/posts\/13595","targetHints":{"allow":["GET"]}}],"collection":[{"href":"https:\/\/mdkoswiecim.pl\/index.php\/wp-json\/wp\/v2\/posts"}],"about":[{"href":"https:\/\/mdkoswiecim.pl\/index.php\/wp-json\/wp\/v2\/types\/post"}],"author":[{"embeddable":true,"href":"https:\/\/mdkoswiecim.pl\/index.php\/wp-json\/wp\/v2\/users\/1"}],"replies":[{"embeddable":true,"href":"https:\/\/mdkoswiecim.pl\/index.php\/wp-json\/wp\/v2\/comments?post=13595"}],"version-history":[{"count":2,"href":"https:\/\/mdkoswiecim.pl\/index.php\/wp-json\/wp\/v2\/posts\/13595\/revisions"}],"predecessor-version":[{"id":13602,"href":"https:\/\/mdkoswiecim.pl\/index.php\/wp-json\/wp\/v2\/posts\/13595\/revisions\/13602"}],"wp:attachment":[{"href":"https:\/\/mdkoswiecim.pl\/index.php\/wp-json\/wp\/v2\/media?parent=13595"}],"wp:term":[{"taxonomy":"category","embeddable":true,"href":"https:\/\/mdkoswiecim.pl\/index.php\/wp-json\/wp\/v2\/categories?post=13595"},{"taxonomy":"post_tag","embeddable":true,"href":"https:\/\/mdkoswiecim.pl\/index.php\/wp-json\/wp\/v2\/tags?post=13595"}],"curies":[{"name":"wp","href":"https:\/\/api.w.org\/{rel}","templated":true}]}}