{"id":13557,"date":"2021-02-26T17:08:40","date_gmt":"2021-02-26T16:08:40","guid":{"rendered":"http:\/\/mdrncmp.webd.pro\/mdkfortest2\/?p=13557"},"modified":"2021-04-19T08:29:18","modified_gmt":"2021-04-19T06:29:18","slug":"nowe-zajecia-dla-uczniow-szkol-srednich","status":"publish","type":"post","link":"https:\/\/mdkoswiecim.pl\/index.php\/2021\/02\/26\/nowe-zajecia-dla-uczniow-szkol-srednich\/","title":{"rendered":"NOWE ZAJ\u0118CIA DLA UCZNI\u00d3W SZK\u00d3\u0141 \u015aREDNICH!!!"},"content":{"rendered":"<p>[vc_row][vc_column][vc_column_text]<em>Zapraszamy do wzi\u0119cia udzia\u0142u w darmowych warsztatach prowadzonych przez wolontariuszki z Gruzji!\u00a0Ana i Khato dzia\u0142aj\u0105 w Powiatowym Zespole Nr 4 Szk\u00f3\u0142 Ekonomiczno-Gastronomicznych im. Komisji Edukacji Narodowej\u00a0 w ramach Projektu wolontariatu Europejskiego\u00a0Korpusu Solidarno\u015bci. Go\u015bcinie b\u0119d\u0105 prowadzi\u0107 r\u00f3wnie\u017c warsztaty u nas! Spotkajcie si\u0119 z nimi ju\u017c w marcu w MDK! Poznajcie tajniki komunikacji oraz podstawy z zakresu przedsi\u0119biorczo\u015bci. Zrelaksujcie si\u0119 kolorami oraz po\u0142\u0105czcie wyraz artystyczny z ekologi\u0105. Poznajcie inn\u0105 kultur\u0119 wraz z dziewczynami! <\/em><!--more--><\/p>\n<p><em>Zapraszamy na:<\/em><\/p>\n<p><em><strong>Warsztaty z komunikacji<\/strong> \u2013 \u015arody, 16:30 \u2013 17:30, MDK<\/em><\/p>\n<p><em><strong>Warsztaty z przedsi\u0119biorczo\u015bci<\/strong> \u2013 \u015arody, 17:45 \u2013 18:45, MDK<\/em><\/p>\n<p><em><strong>Warsztaty artystyczno-ekologiczne<\/strong> \u2013 wtorki, 15:00 \u2013 16:00, MDK<\/em><\/p>\n<p><em><strong>Warsztaty arteterapii<\/strong> \u2013 pi\u0105tki, 16:30 \u2013 17:30<\/em><\/p>\n<p><em>Wszystkie warsztaty prowadzone s\u0105 w j. angielskim.<br \/>\n<\/em>[\/vc_column_text][vc_gallery type=&#8221;flexslider_slide&#8221; interval=&#8221;3&#8243; images=&#8221;13799,13798,13797,13796,13795,13794,13793&#8243; img_size=&#8221;medium&#8221;][\/vc_column][\/vc_row][vc_row][vc_column width=&#8221;1\/3&#8243;][vc_single_image image=&#8221;13558&#8243; img_size=&#8221;large&#8221; alignment=&#8221;center&#8221;][\/vc_column][\/vc_row][vc_row][vc_column][\/vc_column][\/vc_row]<\/p>\n","protected":false},"excerpt":{"rendered":"<p>[vc_row][vc_column][vc_column_text]Zapraszamy do wzi\u0119cia udzia\u0142u w darmowych warsztatach prowadzonych przez wolontariuszki z Gruzji!\u00a0Ana i Khato dzia\u0142aj\u0105 w Powiatowym Zespole Nr 4 Szk\u00f3\u0142 Ekonomiczno-Gastronomicznych im. Komisji Edukacji Narodowej\u00a0 w ramach Projektu wolontariatu Europejskiego\u00a0Korpusu Solidarno\u015bci. Go\u015bcinie b\u0119d\u0105 prowadzi\u0107 r\u00f3wnie\u017c warsztaty u nas! Spotkajcie si\u0119 z nimi ju\u017c w marcu w MDK! Poznajcie tajniki komunikacji oraz podstawy z zakresu [&hellip;]<\/p>\n","protected":false},"author":1,"featured_media":3658,"comment_status":"closed","ping_status":"open","sticky":false,"template":"","format":"standard","meta":{"footnotes":""},"categories":[108],"tags":[],"class_list":["post-13557","post","type-post","status-publish","format-standard","has-post-thumbnail","hentry","category-aktualnosci"],"yoast_head":"<!-- This site is optimized with the Yoast SEO plugin v16.1.1 - https:\/\/yoast.com\/wordpress\/plugins\/seo\/ -->\n<title>NOWE ZAJ\u0118CIA DLA UCZNI\u00d3W SZK\u00d3\u0141 \u015aREDNICH!!! - MDK<\/title>\n<link rel=\"canonical\" href=\"https:\/\/mdkoswiecim.pl\/index.php\/2021\/02\/26\/nowe-zajecia-dla-uczniow-szkol-srednich\/\" \/>\n<meta property=\"og:locale\" content=\"pl_PL\" \/>\n<meta property=\"og:type\" content=\"article\" \/>\n<meta property=\"og:title\" content=\"NOWE ZAJ\u0118CIA DLA UCZNI\u00d3W SZK\u00d3\u0141 \u015aREDNICH!!! - MDK\" \/>\n<meta property=\"og:description\" content=\"[vc_row][vc_column][vc_column_text]Zapraszamy do wzi\u0119cia udzia\u0142u w darmowych warsztatach prowadzonych przez wolontariuszki z Gruzji!\u00a0Ana i Khato dzia\u0142aj\u0105 w Powiatowym Zespole Nr 4 Szk\u00f3\u0142 Ekonomiczno-Gastronomicznych im. Komisji Edukacji Narodowej\u00a0 w ramach Projektu wolontariatu Europejskiego\u00a0Korpusu Solidarno\u015bci. Go\u015bcinie b\u0119d\u0105 prowadzi\u0107 r\u00f3wnie\u017c warsztaty u nas! Spotkajcie si\u0119 z nimi ju\u017c w marcu w MDK! Poznajcie tajniki komunikacji oraz podstawy z zakresu [&hellip;]\" \/>\n<meta property=\"og:url\" content=\"https:\/\/mdkoswiecim.pl\/index.php\/2021\/02\/26\/nowe-zajecia-dla-uczniow-szkol-srednich\/\" \/>\n<meta property=\"og:site_name\" content=\"MDK\" \/>\n<meta property=\"article:published_time\" content=\"2021-02-26T16:08:40+00:00\" \/>\n<meta property=\"article:modified_time\" content=\"2021-04-19T06:29:18+00:00\" \/>\n<meta property=\"og:image\" content=\"https:\/\/mdkoswiecim.pl\/wp-content\/uploads\/2021\/02\/school-1782427_640.jpg\" \/>\n\t<meta property=\"og:image:width\" content=\"640\" \/>\n\t<meta property=\"og:image:height\" content=\"422\" \/>\n<meta name=\"twitter:card\" content=\"summary_large_image\" \/>\n<meta name=\"twitter:label1\" content=\"Szacowany czas czytania\">\n\t<meta name=\"twitter:data1\" content=\"1 minuta\">\n<script type=\"application\/ld+json\" class=\"yoast-schema-graph\">{\"@context\":\"https:\/\/schema.org\",\"@graph\":[{\"@type\":\"WebSite\",\"@id\":\"https:\/\/mdkoswiecim.pl\/#website\",\"url\":\"https:\/\/mdkoswiecim.pl\/\",\"name\":\"MDK\",\"description\":\"M\\u0142odzie\\u017cowy Dom Kultury w O\\u015bwi\\u0119cimiu\",\"potentialAction\":[{\"@type\":\"SearchAction\",\"target\":\"https:\/\/mdkoswiecim.pl\/?s={search_term_string}\",\"query-input\":\"required name=search_term_string\"}],\"inLanguage\":\"pl-PL\"},{\"@type\":\"ImageObject\",\"@id\":\"https:\/\/mdkoswiecim.pl\/index.php\/2021\/02\/26\/nowe-zajecia-dla-uczniow-szkol-srednich\/#primaryimage\",\"inLanguage\":\"pl-PL\",\"url\":\"https:\/\/mdkoswiecim.pl\/wp-content\/uploads\/2021\/02\/school-1782427_640.jpg\",\"contentUrl\":\"https:\/\/mdkoswiecim.pl\/wp-content\/uploads\/2021\/02\/school-1782427_640.jpg\",\"width\":640,\"height\":422,\"caption\":\"school-1782427_640\"},{\"@type\":\"WebPage\",\"@id\":\"https:\/\/mdkoswiecim.pl\/index.php\/2021\/02\/26\/nowe-zajecia-dla-uczniow-szkol-srednich\/#webpage\",\"url\":\"https:\/\/mdkoswiecim.pl\/index.php\/2021\/02\/26\/nowe-zajecia-dla-uczniow-szkol-srednich\/\",\"name\":\"NOWE ZAJ\\u0118CIA DLA UCZNI\\u00d3W SZK\\u00d3\\u0141 \\u015aREDNICH!!! - MDK\",\"isPartOf\":{\"@id\":\"https:\/\/mdkoswiecim.pl\/#website\"},\"primaryImageOfPage\":{\"@id\":\"https:\/\/mdkoswiecim.pl\/index.php\/2021\/02\/26\/nowe-zajecia-dla-uczniow-szkol-srednich\/#primaryimage\"},\"datePublished\":\"2021-02-26T16:08:40+00:00\",\"dateModified\":\"2021-04-19T06:29:18+00:00\",\"author\":{\"@id\":\"https:\/\/mdkoswiecim.pl\/#\/schema\/person\/0e7cbc6adf0824f1eef81bd40fa6bd02\"},\"breadcrumb\":{\"@id\":\"https:\/\/mdkoswiecim.pl\/index.php\/2021\/02\/26\/nowe-zajecia-dla-uczniow-szkol-srednich\/#breadcrumb\"},\"inLanguage\":\"pl-PL\",\"potentialAction\":[{\"@type\":\"ReadAction\",\"target\":[\"https:\/\/mdkoswiecim.pl\/index.php\/2021\/02\/26\/nowe-zajecia-dla-uczniow-szkol-srednich\/\"]}]},{\"@type\":\"BreadcrumbList\",\"@id\":\"https:\/\/mdkoswiecim.pl\/index.php\/2021\/02\/26\/nowe-zajecia-dla-uczniow-szkol-srednich\/#breadcrumb\",\"itemListElement\":[{\"@type\":\"ListItem\",\"position\":1,\"item\":{\"@type\":\"WebPage\",\"@id\":\"https:\/\/mdkoswiecim.pl\/\",\"url\":\"https:\/\/mdkoswiecim.pl\/\",\"name\":\"Strona g\\u0142\\u00f3wna\"}},{\"@type\":\"ListItem\",\"position\":2,\"item\":{\"@type\":\"WebPage\",\"@id\":\"https:\/\/mdkoswiecim.pl\/index.php\/2021\/02\/26\/nowe-zajecia-dla-uczniow-szkol-srednich\/\",\"url\":\"https:\/\/mdkoswiecim.pl\/index.php\/2021\/02\/26\/nowe-zajecia-dla-uczniow-szkol-srednich\/\",\"name\":\"NOWE ZAJ\\u0118CIA DLA UCZNI\\u00d3W SZK\\u00d3\\u0141 \\u015aREDNICH!!!\"}}]},{\"@type\":\"Person\",\"@id\":\"https:\/\/mdkoswiecim.pl\/#\/schema\/person\/0e7cbc6adf0824f1eef81bd40fa6bd02\",\"name\":\"administrator\",\"image\":{\"@type\":\"ImageObject\",\"@id\":\"https:\/\/mdkoswiecim.pl\/#personlogo\",\"inLanguage\":\"pl-PL\",\"url\":\"https:\/\/secure.gravatar.com\/avatar\/6e9d257abb087139c4a57fd62b4f5246da1ae07278ea0e7cb7b596051975afd6?s=96&d=mm&r=g\",\"contentUrl\":\"https:\/\/secure.gravatar.com\/avatar\/6e9d257abb087139c4a57fd62b4f5246da1ae07278ea0e7cb7b596051975afd6?s=96&d=mm&r=g\",\"caption\":\"administrator\"},\"sameAs\":[\"http:\/\/mdrncmp.webd.pro\/mdkfortest\"]}]}<\/script>\n<!-- \/ Yoast SEO plugin. -->","_links":{"self":[{"href":"https:\/\/mdkoswiecim.pl\/index.php\/wp-json\/wp\/v2\/posts\/13557","targetHints":{"allow":["GET"]}}],"collection":[{"href":"https:\/\/mdkoswiecim.pl\/index.php\/wp-json\/wp\/v2\/posts"}],"about":[{"href":"https:\/\/mdkoswiecim.pl\/index.php\/wp-json\/wp\/v2\/types\/post"}],"author":[{"embeddable":true,"href":"https:\/\/mdkoswiecim.pl\/index.php\/wp-json\/wp\/v2\/users\/1"}],"replies":[{"embeddable":true,"href":"https:\/\/mdkoswiecim.pl\/index.php\/wp-json\/wp\/v2\/comments?post=13557"}],"version-history":[{"count":5,"href":"https:\/\/mdkoswiecim.pl\/index.php\/wp-json\/wp\/v2\/posts\/13557\/revisions"}],"predecessor-version":[{"id":13806,"href":"https:\/\/mdkoswiecim.pl\/index.php\/wp-json\/wp\/v2\/posts\/13557\/revisions\/13806"}],"wp:featuredmedia":[{"embeddable":true,"href":"https:\/\/mdkoswiecim.pl\/index.php\/wp-json\/wp\/v2\/media\/3658"}],"wp:attachment":[{"href":"https:\/\/mdkoswiecim.pl\/index.php\/wp-json\/wp\/v2\/media?parent=13557"}],"wp:term":[{"taxonomy":"category","embeddable":true,"href":"https:\/\/mdkoswiecim.pl\/index.php\/wp-json\/wp\/v2\/categories?post=13557"},{"taxonomy":"post_tag","embeddable":true,"href":"https:\/\/mdkoswiecim.pl\/index.php\/wp-json\/wp\/v2\/tags?post=13557"}],"curies":[{"name":"wp","href":"https:\/\/api.w.org\/{rel}","templated":true}]}}