{"id":12448,"date":"2021-01-22T17:35:37","date_gmt":"2021-01-22T16:35:37","guid":{"rendered":"http:\/\/mdkoswiecim.pl\/?p=12448"},"modified":"2021-01-22T17:35:37","modified_gmt":"2021-01-22T16:35:37","slug":"wieczor-koled-i-pastoralek","status":"publish","type":"post","link":"https:\/\/mdkoswiecim.pl\/index.php\/2021\/01\/22\/wieczor-koled-i-pastoralek\/","title":{"rendered":"WIECZ\u00d3R KOL\u0118D i PASTORA\u0141EK"},"content":{"rendered":"\n<p>Serdecznie zapraszamy na Wiecz\u00f3r Kol\u0119d w wykonaniu  zespo\u0142u muzycznego MDK , kt\u00f3ry odb\u0119dzie si\u0119 w Sanktuarium Matki Bo\u017cej Wspomo\u017cenia Wiernych w O\u015bwi\u0119cimiu w najbli\u017csz\u0105 niedziel\u0119 24.01.2021 o g. 17:00.<\/p>\n\n\n\n<p>B\u0119dzie okazja wsp\u00f3lnie pos\u0142ucha\u0107 i po\u015bpiewa\u0107 kol\u0119dy i pastora\u0142ki, oczywi\u015bcie z zachowaniem re\u017cimu sanitarnego. <\/p>\n\n\n\n<p> <\/p>\n","protected":false},"excerpt":{"rendered":"<p>Serdecznie zapraszamy na Wiecz\u00f3r Kol\u0119d w wykonaniu zespo\u0142u muzycznego MDK , kt\u00f3ry odb\u0119dzie si\u0119 w Sanktuarium Matki Bo\u017cej Wspomo\u017cenia Wiernych w O\u015bwi\u0119cimiu w najbli\u017csz\u0105 niedziel\u0119 24.01.2021 o g. 17:00. B\u0119dzie okazja wsp\u00f3lnie pos\u0142ucha\u0107 i po\u015bpiewa\u0107 kol\u0119dy i pastora\u0142ki, oczywi\u015bcie z zachowaniem re\u017cimu sanitarnego.<\/p>\n","protected":false},"author":1,"featured_media":12449,"comment_status":"closed","ping_status":"closed","sticky":false,"template":"","format":"standard","meta":{"footnotes":""},"categories":[108],"tags":[],"class_list":["post-12448","post","type-post","status-publish","format-standard","has-post-thumbnail","hentry","category-aktualnosci"],"yoast_head":"<!-- This site is optimized with the Yoast SEO plugin v16.1.1 - https:\/\/yoast.com\/wordpress\/plugins\/seo\/ -->\n<title>WIECZ\u00d3R KOL\u0118D i PASTORA\u0141EK - MDK<\/title>\n<link rel=\"canonical\" href=\"https:\/\/mdkoswiecim.pl\/index.php\/2021\/01\/22\/wieczor-koled-i-pastoralek\/\" \/>\n<meta property=\"og:locale\" content=\"pl_PL\" \/>\n<meta property=\"og:type\" content=\"article\" \/>\n<meta property=\"og:title\" content=\"WIECZ\u00d3R KOL\u0118D i PASTORA\u0141EK - MDK\" \/>\n<meta property=\"og:description\" content=\"Serdecznie zapraszamy na Wiecz\u00f3r Kol\u0119d w wykonaniu zespo\u0142u muzycznego MDK , kt\u00f3ry odb\u0119dzie si\u0119 w Sanktuarium Matki Bo\u017cej Wspomo\u017cenia Wiernych w O\u015bwi\u0119cimiu w najbli\u017csz\u0105 niedziel\u0119 24.01.2021 o g. 17:00. B\u0119dzie okazja wsp\u00f3lnie pos\u0142ucha\u0107 i po\u015bpiewa\u0107 kol\u0119dy i pastora\u0142ki, oczywi\u015bcie z zachowaniem re\u017cimu sanitarnego.\" \/>\n<meta property=\"og:url\" content=\"https:\/\/mdkoswiecim.pl\/index.php\/2021\/01\/22\/wieczor-koled-i-pastoralek\/\" \/>\n<meta property=\"og:site_name\" content=\"MDK\" \/>\n<meta property=\"article:published_time\" content=\"2021-01-22T16:35:37+00:00\" \/>\n<meta name=\"twitter:card\" content=\"summary_large_image\" \/>\n<meta name=\"twitter:label1\" content=\"Szacowany czas czytania\">\n\t<meta name=\"twitter:data1\" content=\"1 minuta\">\n<script type=\"application\/ld+json\" class=\"yoast-schema-graph\">{\"@context\":\"https:\/\/schema.org\",\"@graph\":[{\"@type\":\"WebSite\",\"@id\":\"https:\/\/mdkoswiecim.pl\/#website\",\"url\":\"https:\/\/mdkoswiecim.pl\/\",\"name\":\"MDK\",\"description\":\"M\\u0142odzie\\u017cowy Dom Kultury w O\\u015bwi\\u0119cimiu\",\"potentialAction\":[{\"@type\":\"SearchAction\",\"target\":\"https:\/\/mdkoswiecim.pl\/?s={search_term_string}\",\"query-input\":\"required name=search_term_string\"}],\"inLanguage\":\"pl-PL\"},{\"@type\":\"ImageObject\",\"@id\":\"https:\/\/mdkoswiecim.pl\/index.php\/2021\/01\/22\/wieczor-koled-i-pastoralek\/#primaryimage\",\"inLanguage\":\"pl-PL\",\"url\":\"\",\"contentUrl\":\"\"},{\"@type\":\"WebPage\",\"@id\":\"https:\/\/mdkoswiecim.pl\/index.php\/2021\/01\/22\/wieczor-koled-i-pastoralek\/#webpage\",\"url\":\"https:\/\/mdkoswiecim.pl\/index.php\/2021\/01\/22\/wieczor-koled-i-pastoralek\/\",\"name\":\"WIECZ\\u00d3R KOL\\u0118D i PASTORA\\u0141EK - MDK\",\"isPartOf\":{\"@id\":\"https:\/\/mdkoswiecim.pl\/#website\"},\"primaryImageOfPage\":{\"@id\":\"https:\/\/mdkoswiecim.pl\/index.php\/2021\/01\/22\/wieczor-koled-i-pastoralek\/#primaryimage\"},\"datePublished\":\"2021-01-22T16:35:37+00:00\",\"dateModified\":\"2021-01-22T16:35:37+00:00\",\"author\":{\"@id\":\"https:\/\/mdkoswiecim.pl\/#\/schema\/person\/0e7cbc6adf0824f1eef81bd40fa6bd02\"},\"breadcrumb\":{\"@id\":\"https:\/\/mdkoswiecim.pl\/index.php\/2021\/01\/22\/wieczor-koled-i-pastoralek\/#breadcrumb\"},\"inLanguage\":\"pl-PL\",\"potentialAction\":[{\"@type\":\"ReadAction\",\"target\":[\"https:\/\/mdkoswiecim.pl\/index.php\/2021\/01\/22\/wieczor-koled-i-pastoralek\/\"]}]},{\"@type\":\"BreadcrumbList\",\"@id\":\"https:\/\/mdkoswiecim.pl\/index.php\/2021\/01\/22\/wieczor-koled-i-pastoralek\/#breadcrumb\",\"itemListElement\":[{\"@type\":\"ListItem\",\"position\":1,\"item\":{\"@type\":\"WebPage\",\"@id\":\"https:\/\/mdkoswiecim.pl\/\",\"url\":\"https:\/\/mdkoswiecim.pl\/\",\"name\":\"Strona g\\u0142\\u00f3wna\"}},{\"@type\":\"ListItem\",\"position\":2,\"item\":{\"@type\":\"WebPage\",\"@id\":\"https:\/\/mdkoswiecim.pl\/index.php\/2021\/01\/22\/wieczor-koled-i-pastoralek\/\",\"url\":\"https:\/\/mdkoswiecim.pl\/index.php\/2021\/01\/22\/wieczor-koled-i-pastoralek\/\",\"name\":\"WIECZ\\u00d3R KOL\\u0118D i PASTORA\\u0141EK\"}}]},{\"@type\":\"Person\",\"@id\":\"https:\/\/mdkoswiecim.pl\/#\/schema\/person\/0e7cbc6adf0824f1eef81bd40fa6bd02\",\"name\":\"administrator\",\"image\":{\"@type\":\"ImageObject\",\"@id\":\"https:\/\/mdkoswiecim.pl\/#personlogo\",\"inLanguage\":\"pl-PL\",\"url\":\"https:\/\/secure.gravatar.com\/avatar\/6e9d257abb087139c4a57fd62b4f5246da1ae07278ea0e7cb7b596051975afd6?s=96&d=mm&r=g\",\"contentUrl\":\"https:\/\/secure.gravatar.com\/avatar\/6e9d257abb087139c4a57fd62b4f5246da1ae07278ea0e7cb7b596051975afd6?s=96&d=mm&r=g\",\"caption\":\"administrator\"},\"sameAs\":[\"http:\/\/mdrncmp.webd.pro\/mdkfortest\"]}]}<\/script>\n<!-- \/ Yoast SEO plugin. -->","_links":{"self":[{"href":"https:\/\/mdkoswiecim.pl\/index.php\/wp-json\/wp\/v2\/posts\/12448","targetHints":{"allow":["GET"]}}],"collection":[{"href":"https:\/\/mdkoswiecim.pl\/index.php\/wp-json\/wp\/v2\/posts"}],"about":[{"href":"https:\/\/mdkoswiecim.pl\/index.php\/wp-json\/wp\/v2\/types\/post"}],"author":[{"embeddable":true,"href":"https:\/\/mdkoswiecim.pl\/index.php\/wp-json\/wp\/v2\/users\/1"}],"replies":[{"embeddable":true,"href":"https:\/\/mdkoswiecim.pl\/index.php\/wp-json\/wp\/v2\/comments?post=12448"}],"version-history":[{"count":0,"href":"https:\/\/mdkoswiecim.pl\/index.php\/wp-json\/wp\/v2\/posts\/12448\/revisions"}],"wp:featuredmedia":[{"embeddable":true,"href":"https:\/\/mdkoswiecim.pl\/index.php\/wp-json\/"}],"wp:attachment":[{"href":"https:\/\/mdkoswiecim.pl\/index.php\/wp-json\/wp\/v2\/media?parent=12448"}],"wp:term":[{"taxonomy":"category","embeddable":true,"href":"https:\/\/mdkoswiecim.pl\/index.php\/wp-json\/wp\/v2\/categories?post=12448"},{"taxonomy":"post_tag","embeddable":true,"href":"https:\/\/mdkoswiecim.pl\/index.php\/wp-json\/wp\/v2\/tags?post=12448"}],"curies":[{"name":"wp","href":"https:\/\/api.w.org\/{rel}","templated":true}]}}