{"id":12303,"date":"2020-12-30T13:09:02","date_gmt":"2020-12-30T12:09:02","guid":{"rendered":"http:\/\/mdkoswiecim.pl\/?p=12303"},"modified":"2020-12-30T13:09:02","modified_gmt":"2020-12-30T12:09:02","slug":"wznowienie-zajec-stacjonarnych-w-mdk","status":"publish","type":"post","link":"https:\/\/mdkoswiecim.pl\/index.php\/2020\/12\/30\/wznowienie-zajec-stacjonarnych-w-mdk\/","title":{"rendered":"Wznowienie zaj\u0119\u0107 stacjonarnych w MDK"},"content":{"rendered":"\n<p>Dyrektor M\u0142odzie\u017cowego Domu Kultury w O\u015bwi\u0119cimiu informuje, \u017ce od 4 stycznia MDK wznawia swoj\u0105 dzia\u0142alno\u015b\u0107 stacjonarn\u0105. Wyj\u0105tkiem s\u0105 grupy, kt\u00f3rych zaj\u0119cia odbywaj\u0105 si\u0119 w SZS-P nr 2 w Che\u0142mku, ZSZTS w O\u015bwi\u0119cimiu oraz w o\u015bwi\u0119cimskim Domu Dziecka. Te zaj\u0119cia odbywa\u0107 b\u0119d\u0105 si\u0119 w formie zdalnej. <\/p>\n\n\n\n<p>Wszelkich informacji udzielaj\u0105 nauczyciele prowadz\u0105cy grupy &#8211; informacje zosta\u0142y przes\u0142ane na wskazane w kartach zapisu dziecka na zaj\u0119cia adresy mailowe ich rodzic\u00f3w i prawnych opiekun\u00f3w.<\/p>\n","protected":false},"excerpt":{"rendered":"<p>Dyrektor M\u0142odzie\u017cowego Domu Kultury w O\u015bwi\u0119cimiu informuje, \u017ce od 4 stycznia MDK wznawia swoj\u0105 dzia\u0142alno\u015b\u0107 stacjonarn\u0105. Wyj\u0105tkiem s\u0105 grupy, kt\u00f3rych zaj\u0119cia odbywaj\u0105 si\u0119 w SZS-P nr 2 w Che\u0142mku, ZSZTS w O\u015bwi\u0119cimiu oraz w o\u015bwi\u0119cimskim Domu Dziecka. Te zaj\u0119cia odbywa\u0107 b\u0119d\u0105 si\u0119 w formie zdalnej. Wszelkich informacji udzielaj\u0105 nauczyciele prowadz\u0105cy grupy &#8211; informacje zosta\u0142y przes\u0142ane [&hellip;]<\/p>\n","protected":false},"author":1,"featured_media":12203,"comment_status":"closed","ping_status":"closed","sticky":false,"template":"","format":"standard","meta":{"footnotes":""},"categories":[108],"tags":[],"class_list":["post-12303","post","type-post","status-publish","format-standard","has-post-thumbnail","hentry","category-aktualnosci"],"yoast_head":"<!-- This site is optimized with the Yoast SEO plugin v16.1.1 - https:\/\/yoast.com\/wordpress\/plugins\/seo\/ -->\n<title>Wznowienie zaj\u0119\u0107 stacjonarnych w MDK - MDK<\/title>\n<link rel=\"canonical\" href=\"https:\/\/mdkoswiecim.pl\/index.php\/2020\/12\/30\/wznowienie-zajec-stacjonarnych-w-mdk\/\" \/>\n<meta property=\"og:locale\" content=\"pl_PL\" \/>\n<meta property=\"og:type\" content=\"article\" \/>\n<meta property=\"og:title\" content=\"Wznowienie zaj\u0119\u0107 stacjonarnych w MDK - MDK\" \/>\n<meta property=\"og:description\" content=\"Dyrektor M\u0142odzie\u017cowego Domu Kultury w O\u015bwi\u0119cimiu informuje, \u017ce od 4 stycznia MDK wznawia swoj\u0105 dzia\u0142alno\u015b\u0107 stacjonarn\u0105. Wyj\u0105tkiem s\u0105 grupy, kt\u00f3rych zaj\u0119cia odbywaj\u0105 si\u0119 w SZS-P nr 2 w Che\u0142mku, ZSZTS w O\u015bwi\u0119cimiu oraz w o\u015bwi\u0119cimskim Domu Dziecka. Te zaj\u0119cia odbywa\u0107 b\u0119d\u0105 si\u0119 w formie zdalnej. Wszelkich informacji udzielaj\u0105 nauczyciele prowadz\u0105cy grupy &#8211; informacje zosta\u0142y przes\u0142ane [&hellip;]\" \/>\n<meta property=\"og:url\" content=\"https:\/\/mdkoswiecim.pl\/index.php\/2020\/12\/30\/wznowienie-zajec-stacjonarnych-w-mdk\/\" \/>\n<meta property=\"og:site_name\" content=\"MDK\" \/>\n<meta property=\"article:published_time\" content=\"2020-12-30T12:09:02+00:00\" \/>\n<meta name=\"twitter:card\" content=\"summary_large_image\" \/>\n<script type=\"application\/ld+json\" class=\"yoast-schema-graph\">{\"@context\":\"https:\/\/schema.org\",\"@graph\":[{\"@type\":\"WebSite\",\"@id\":\"https:\/\/mdkoswiecim.pl\/#website\",\"url\":\"https:\/\/mdkoswiecim.pl\/\",\"name\":\"MDK\",\"description\":\"M\\u0142odzie\\u017cowy Dom Kultury w O\\u015bwi\\u0119cimiu\",\"potentialAction\":[{\"@type\":\"SearchAction\",\"target\":\"https:\/\/mdkoswiecim.pl\/?s={search_term_string}\",\"query-input\":\"required name=search_term_string\"}],\"inLanguage\":\"pl-PL\"},{\"@type\":\"ImageObject\",\"@id\":\"https:\/\/mdkoswiecim.pl\/index.php\/2020\/12\/30\/wznowienie-zajec-stacjonarnych-w-mdk\/#primaryimage\",\"inLanguage\":\"pl-PL\",\"url\":\"\",\"contentUrl\":\"\"},{\"@type\":\"WebPage\",\"@id\":\"https:\/\/mdkoswiecim.pl\/index.php\/2020\/12\/30\/wznowienie-zajec-stacjonarnych-w-mdk\/#webpage\",\"url\":\"https:\/\/mdkoswiecim.pl\/index.php\/2020\/12\/30\/wznowienie-zajec-stacjonarnych-w-mdk\/\",\"name\":\"Wznowienie zaj\\u0119\\u0107 stacjonarnych w MDK - MDK\",\"isPartOf\":{\"@id\":\"https:\/\/mdkoswiecim.pl\/#website\"},\"primaryImageOfPage\":{\"@id\":\"https:\/\/mdkoswiecim.pl\/index.php\/2020\/12\/30\/wznowienie-zajec-stacjonarnych-w-mdk\/#primaryimage\"},\"datePublished\":\"2020-12-30T12:09:02+00:00\",\"dateModified\":\"2020-12-30T12:09:02+00:00\",\"author\":{\"@id\":\"https:\/\/mdkoswiecim.pl\/#\/schema\/person\/0e7cbc6adf0824f1eef81bd40fa6bd02\"},\"breadcrumb\":{\"@id\":\"https:\/\/mdkoswiecim.pl\/index.php\/2020\/12\/30\/wznowienie-zajec-stacjonarnych-w-mdk\/#breadcrumb\"},\"inLanguage\":\"pl-PL\",\"potentialAction\":[{\"@type\":\"ReadAction\",\"target\":[\"https:\/\/mdkoswiecim.pl\/index.php\/2020\/12\/30\/wznowienie-zajec-stacjonarnych-w-mdk\/\"]}]},{\"@type\":\"BreadcrumbList\",\"@id\":\"https:\/\/mdkoswiecim.pl\/index.php\/2020\/12\/30\/wznowienie-zajec-stacjonarnych-w-mdk\/#breadcrumb\",\"itemListElement\":[{\"@type\":\"ListItem\",\"position\":1,\"item\":{\"@type\":\"WebPage\",\"@id\":\"https:\/\/mdkoswiecim.pl\/\",\"url\":\"https:\/\/mdkoswiecim.pl\/\",\"name\":\"Strona g\\u0142\\u00f3wna\"}},{\"@type\":\"ListItem\",\"position\":2,\"item\":{\"@type\":\"WebPage\",\"@id\":\"https:\/\/mdkoswiecim.pl\/index.php\/2020\/12\/30\/wznowienie-zajec-stacjonarnych-w-mdk\/\",\"url\":\"https:\/\/mdkoswiecim.pl\/index.php\/2020\/12\/30\/wznowienie-zajec-stacjonarnych-w-mdk\/\",\"name\":\"Wznowienie zaj\\u0119\\u0107 stacjonarnych w MDK\"}}]},{\"@type\":\"Person\",\"@id\":\"https:\/\/mdkoswiecim.pl\/#\/schema\/person\/0e7cbc6adf0824f1eef81bd40fa6bd02\",\"name\":\"administrator\",\"image\":{\"@type\":\"ImageObject\",\"@id\":\"https:\/\/mdkoswiecim.pl\/#personlogo\",\"inLanguage\":\"pl-PL\",\"url\":\"https:\/\/secure.gravatar.com\/avatar\/6e9d257abb087139c4a57fd62b4f5246da1ae07278ea0e7cb7b596051975afd6?s=96&d=mm&r=g\",\"contentUrl\":\"https:\/\/secure.gravatar.com\/avatar\/6e9d257abb087139c4a57fd62b4f5246da1ae07278ea0e7cb7b596051975afd6?s=96&d=mm&r=g\",\"caption\":\"administrator\"},\"sameAs\":[\"http:\/\/mdrncmp.webd.pro\/mdkfortest\"]}]}<\/script>\n<!-- \/ Yoast SEO plugin. -->","_links":{"self":[{"href":"https:\/\/mdkoswiecim.pl\/index.php\/wp-json\/wp\/v2\/posts\/12303","targetHints":{"allow":["GET"]}}],"collection":[{"href":"https:\/\/mdkoswiecim.pl\/index.php\/wp-json\/wp\/v2\/posts"}],"about":[{"href":"https:\/\/mdkoswiecim.pl\/index.php\/wp-json\/wp\/v2\/types\/post"}],"author":[{"embeddable":true,"href":"https:\/\/mdkoswiecim.pl\/index.php\/wp-json\/wp\/v2\/users\/1"}],"replies":[{"embeddable":true,"href":"https:\/\/mdkoswiecim.pl\/index.php\/wp-json\/wp\/v2\/comments?post=12303"}],"version-history":[{"count":0,"href":"https:\/\/mdkoswiecim.pl\/index.php\/wp-json\/wp\/v2\/posts\/12303\/revisions"}],"wp:featuredmedia":[{"embeddable":true,"href":"https:\/\/mdkoswiecim.pl\/index.php\/wp-json\/"}],"wp:attachment":[{"href":"https:\/\/mdkoswiecim.pl\/index.php\/wp-json\/wp\/v2\/media?parent=12303"}],"wp:term":[{"taxonomy":"category","embeddable":true,"href":"https:\/\/mdkoswiecim.pl\/index.php\/wp-json\/wp\/v2\/categories?post=12303"},{"taxonomy":"post_tag","embeddable":true,"href":"https:\/\/mdkoswiecim.pl\/index.php\/wp-json\/wp\/v2\/tags?post=12303"}],"curies":[{"name":"wp","href":"https:\/\/api.w.org\/{rel}","templated":true}]}}