{"id":12248,"date":"2020-12-07T12:11:06","date_gmt":"2020-12-07T11:11:06","guid":{"rendered":"http:\/\/mdkoswiecim.pl\/?p=12248"},"modified":"2020-12-07T12:11:06","modified_gmt":"2020-12-07T11:11:06","slug":"prace-naszych-uczniow","status":"publish","type":"post","link":"https:\/\/mdkoswiecim.pl\/index.php\/2020\/12\/07\/prace-naszych-uczniow\/","title":{"rendered":"Prace naszych uczni\u00f3w"},"content":{"rendered":"\n<p>W naszej galerii pojawiaj\u0105 si\u0119 tym razem prace plastyczne i techniczne. Zapraszamy do ogl\u0105dania.<\/p>\n\n\n\n<figure class=\"wp-block-gallery columns-4 is-cropped wp-block-gallery-1 is-layout-flex wp-block-gallery-is-layout-flex\"><ul class=\"blocks-gallery-grid\"><li class=\"blocks-gallery-item\"><figure><img decoding=\"async\" src=\"https:\/\/mdkoswiecim.pl\/wp-content\/uploads\/2020\/12\/20201203_151119-576x1024.jpg\" alt=\"\" data-id=\"12249\" data-full-url=\"https:\/\/mdkoswiecim.pl\/wp-content\/uploads\/2020\/12\/20201203_151119-scaled.jpg\" data-link=\"https:\/\/mdkoswiecim.pl\/?attachment_id=12249\" class=\"wp-image-12249\"\/><figcaption class=\"blocks-gallery-item__caption\">Girlanda z paieru &#8211; autor: Anto\u015b<\/figcaption><\/figure><\/li><li class=\"blocks-gallery-item\"><figure><img decoding=\"async\" src=\"https:\/\/mdkoswiecim.pl\/wp-content\/uploads\/2020\/12\/20201203_154221-576x1024.jpg\" alt=\"\" data-id=\"12250\" data-full-url=\"https:\/\/mdkoswiecim.pl\/wp-content\/uploads\/2020\/12\/20201203_154221-scaled.jpg\" data-link=\"https:\/\/mdkoswiecim.pl\/?attachment_id=12250\" class=\"wp-image-12250\"\/><figcaption class=\"blocks-gallery-item__caption\">\u017byrafa z gazety &#8211; autor: Anto\u015b<\/figcaption><\/figure><\/li><li class=\"blocks-gallery-item\"><figure><img decoding=\"async\" src=\"https:\/\/mdkoswiecim.pl\/wp-content\/uploads\/2020\/12\/Antos-576x1024.jpg\" alt=\"\" data-id=\"12251\" data-full-url=\"https:\/\/mdkoswiecim.pl\/wp-content\/uploads\/2020\/12\/Antos-scaled.jpg\" data-link=\"https:\/\/mdkoswiecim.pl\/?attachment_id=12251\" class=\"wp-image-12251\"\/><figcaption class=\"blocks-gallery-item__caption\">Samolot i samochody z kartonu &#8211; autor: Anto\u015b<\/figcaption><\/figure><\/li><li class=\"blocks-gallery-item\"><figure><img decoding=\"async\" src=\"https:\/\/mdkoswiecim.pl\/wp-content\/uploads\/2020\/12\/samolot-z-kartonu-rotated.jpg\" alt=\"\" data-id=\"12256\" data-full-url=\"https:\/\/mdkoswiecim.pl\/wp-content\/uploads\/2020\/12\/samolot-z-kartonu-rotated.jpg\" data-link=\"https:\/\/mdkoswiecim.pl\/?attachment_id=12256\" class=\"wp-image-12256\"\/><figcaption class=\"blocks-gallery-item__caption\">amolot z kartonu &#8211; autor: Anto\u015b<\/figcaption><\/figure><\/li><li class=\"blocks-gallery-item\"><figure><img decoding=\"async\" src=\"https:\/\/mdkoswiecim.pl\/wp-content\/uploads\/2020\/12\/Emilia-Scierska1-piorka.jpg\" alt=\"\" data-id=\"12252\" data-full-url=\"https:\/\/mdkoswiecim.pl\/wp-content\/uploads\/2020\/12\/Emilia-Scierska1-piorka.jpg\" data-link=\"https:\/\/mdkoswiecim.pl\/?attachment_id=12252\" class=\"wp-image-12252\"\/><figcaption class=\"blocks-gallery-item__caption\">Pi\u00f3rko z w\u0142\u00f3czki &#8211; autor: Emilia \u015acierska<\/figcaption><\/figure><\/li><li class=\"blocks-gallery-item\"><figure><img decoding=\"async\" src=\"https:\/\/mdkoswiecim.pl\/wp-content\/uploads\/2020\/12\/Emilia-Scierska-piorka.jpg\" alt=\"\" data-id=\"12253\" data-full-url=\"https:\/\/mdkoswiecim.pl\/wp-content\/uploads\/2020\/12\/Emilia-Scierska-piorka.jpg\" data-link=\"https:\/\/mdkoswiecim.pl\/?attachment_id=12253\" class=\"wp-image-12253\"\/><figcaption class=\"blocks-gallery-item__caption\">Pi\u00f3rko z w\u0142\u00f3czki &#8211; autor: Emilia \u015acierska<\/figcaption><\/figure><\/li><li class=\"blocks-gallery-item\"><figure><img decoding=\"async\" src=\"https:\/\/mdkoswiecim.pl\/wp-content\/uploads\/2020\/12\/Paulina-Jamrozik-monotypia-768x1024.jpg\" alt=\"\" data-id=\"12254\" data-full-url=\"https:\/\/mdkoswiecim.pl\/wp-content\/uploads\/2020\/12\/Paulina-Jamrozik-monotypia-scaled.jpg\" data-link=\"https:\/\/mdkoswiecim.pl\/?attachment_id=12254\" class=\"wp-image-12254\"\/><figcaption class=\"blocks-gallery-item__caption\">Ptaszek &#8211; autor: Paulina Jamrozik<\/figcaption><\/figure><\/li><li class=\"blocks-gallery-item\"><figure><img decoding=\"async\" src=\"https:\/\/mdkoswiecim.pl\/wp-content\/uploads\/2020\/12\/Paulina-Jamrozik-piorka-1024x768.jpg\" alt=\"\" data-id=\"12255\" data-full-url=\"https:\/\/mdkoswiecim.pl\/wp-content\/uploads\/2020\/12\/Paulina-Jamrozik-piorka-scaled.jpg\" data-link=\"https:\/\/mdkoswiecim.pl\/?attachment_id=12255\" class=\"wp-image-12255\"\/><figcaption class=\"blocks-gallery-item__caption\">Pi\u00f3rka z w\u0142\u00f3czki &#8211; autor: Paulina Jamrozik<\/figcaption><\/figure><\/li><\/ul><\/figure>\n","protected":false},"excerpt":{"rendered":"<p>W naszej galerii pojawiaj\u0105 si\u0119 tym razem prace plastyczne i techniczne. Zapraszamy do ogl\u0105dania.<\/p>\n","protected":false},"author":1,"featured_media":12253,"comment_status":"closed","ping_status":"closed","sticky":false,"template":"","format":"standard","meta":{"footnotes":""},"categories":[108],"tags":[],"class_list":["post-12248","post","type-post","status-publish","format-standard","has-post-thumbnail","hentry","category-aktualnosci"],"yoast_head":"<!-- This site is optimized with the Yoast SEO plugin v16.1.1 - https:\/\/yoast.com\/wordpress\/plugins\/seo\/ -->\n<title>Prace naszych uczni\u00f3w - MDK<\/title>\n<link rel=\"canonical\" href=\"https:\/\/mdkoswiecim.pl\/index.php\/2020\/12\/07\/prace-naszych-uczniow\/\" \/>\n<meta property=\"og:locale\" content=\"pl_PL\" \/>\n<meta property=\"og:type\" content=\"article\" \/>\n<meta property=\"og:title\" content=\"Prace naszych uczni\u00f3w - MDK\" \/>\n<meta property=\"og:description\" content=\"W naszej galerii pojawiaj\u0105 si\u0119 tym razem prace plastyczne i techniczne. Zapraszamy do ogl\u0105dania.\" \/>\n<meta property=\"og:url\" content=\"https:\/\/mdkoswiecim.pl\/index.php\/2020\/12\/07\/prace-naszych-uczniow\/\" \/>\n<meta property=\"og:site_name\" content=\"MDK\" \/>\n<meta property=\"article:published_time\" content=\"2020-12-07T11:11:06+00:00\" \/>\n<meta name=\"twitter:card\" content=\"summary_large_image\" \/>\n<script type=\"application\/ld+json\" class=\"yoast-schema-graph\">{\"@context\":\"https:\/\/schema.org\",\"@graph\":[{\"@type\":\"WebSite\",\"@id\":\"https:\/\/mdkoswiecim.pl\/#website\",\"url\":\"https:\/\/mdkoswiecim.pl\/\",\"name\":\"MDK\",\"description\":\"M\\u0142odzie\\u017cowy Dom Kultury w O\\u015bwi\\u0119cimiu\",\"potentialAction\":[{\"@type\":\"SearchAction\",\"target\":\"https:\/\/mdkoswiecim.pl\/?s={search_term_string}\",\"query-input\":\"required name=search_term_string\"}],\"inLanguage\":\"pl-PL\"},{\"@type\":\"ImageObject\",\"@id\":\"https:\/\/mdkoswiecim.pl\/index.php\/2020\/12\/07\/prace-naszych-uczniow\/#primaryimage\",\"inLanguage\":\"pl-PL\",\"url\":\"\",\"contentUrl\":\"\"},{\"@type\":\"WebPage\",\"@id\":\"https:\/\/mdkoswiecim.pl\/index.php\/2020\/12\/07\/prace-naszych-uczniow\/#webpage\",\"url\":\"https:\/\/mdkoswiecim.pl\/index.php\/2020\/12\/07\/prace-naszych-uczniow\/\",\"name\":\"Prace naszych uczni\\u00f3w - MDK\",\"isPartOf\":{\"@id\":\"https:\/\/mdkoswiecim.pl\/#website\"},\"primaryImageOfPage\":{\"@id\":\"https:\/\/mdkoswiecim.pl\/index.php\/2020\/12\/07\/prace-naszych-uczniow\/#primaryimage\"},\"datePublished\":\"2020-12-07T11:11:06+00:00\",\"dateModified\":\"2020-12-07T11:11:06+00:00\",\"author\":{\"@id\":\"https:\/\/mdkoswiecim.pl\/#\/schema\/person\/0e7cbc6adf0824f1eef81bd40fa6bd02\"},\"breadcrumb\":{\"@id\":\"https:\/\/mdkoswiecim.pl\/index.php\/2020\/12\/07\/prace-naszych-uczniow\/#breadcrumb\"},\"inLanguage\":\"pl-PL\",\"potentialAction\":[{\"@type\":\"ReadAction\",\"target\":[\"https:\/\/mdkoswiecim.pl\/index.php\/2020\/12\/07\/prace-naszych-uczniow\/\"]}]},{\"@type\":\"BreadcrumbList\",\"@id\":\"https:\/\/mdkoswiecim.pl\/index.php\/2020\/12\/07\/prace-naszych-uczniow\/#breadcrumb\",\"itemListElement\":[{\"@type\":\"ListItem\",\"position\":1,\"item\":{\"@type\":\"WebPage\",\"@id\":\"https:\/\/mdkoswiecim.pl\/\",\"url\":\"https:\/\/mdkoswiecim.pl\/\",\"name\":\"Strona g\\u0142\\u00f3wna\"}},{\"@type\":\"ListItem\",\"position\":2,\"item\":{\"@type\":\"WebPage\",\"@id\":\"https:\/\/mdkoswiecim.pl\/index.php\/2020\/12\/07\/prace-naszych-uczniow\/\",\"url\":\"https:\/\/mdkoswiecim.pl\/index.php\/2020\/12\/07\/prace-naszych-uczniow\/\",\"name\":\"Prace naszych uczni\\u00f3w\"}}]},{\"@type\":\"Person\",\"@id\":\"https:\/\/mdkoswiecim.pl\/#\/schema\/person\/0e7cbc6adf0824f1eef81bd40fa6bd02\",\"name\":\"administrator\",\"image\":{\"@type\":\"ImageObject\",\"@id\":\"https:\/\/mdkoswiecim.pl\/#personlogo\",\"inLanguage\":\"pl-PL\",\"url\":\"https:\/\/secure.gravatar.com\/avatar\/6e9d257abb087139c4a57fd62b4f5246da1ae07278ea0e7cb7b596051975afd6?s=96&d=mm&r=g\",\"contentUrl\":\"https:\/\/secure.gravatar.com\/avatar\/6e9d257abb087139c4a57fd62b4f5246da1ae07278ea0e7cb7b596051975afd6?s=96&d=mm&r=g\",\"caption\":\"administrator\"},\"sameAs\":[\"http:\/\/mdrncmp.webd.pro\/mdkfortest\"]}]}<\/script>\n<!-- \/ Yoast SEO plugin. -->","_links":{"self":[{"href":"https:\/\/mdkoswiecim.pl\/index.php\/wp-json\/wp\/v2\/posts\/12248","targetHints":{"allow":["GET"]}}],"collection":[{"href":"https:\/\/mdkoswiecim.pl\/index.php\/wp-json\/wp\/v2\/posts"}],"about":[{"href":"https:\/\/mdkoswiecim.pl\/index.php\/wp-json\/wp\/v2\/types\/post"}],"author":[{"embeddable":true,"href":"https:\/\/mdkoswiecim.pl\/index.php\/wp-json\/wp\/v2\/users\/1"}],"replies":[{"embeddable":true,"href":"https:\/\/mdkoswiecim.pl\/index.php\/wp-json\/wp\/v2\/comments?post=12248"}],"version-history":[{"count":0,"href":"https:\/\/mdkoswiecim.pl\/index.php\/wp-json\/wp\/v2\/posts\/12248\/revisions"}],"wp:featuredmedia":[{"embeddable":true,"href":"https:\/\/mdkoswiecim.pl\/index.php\/wp-json\/"}],"wp:attachment":[{"href":"https:\/\/mdkoswiecim.pl\/index.php\/wp-json\/wp\/v2\/media?parent=12248"}],"wp:term":[{"taxonomy":"category","embeddable":true,"href":"https:\/\/mdkoswiecim.pl\/index.php\/wp-json\/wp\/v2\/categories?post=12248"},{"taxonomy":"post_tag","embeddable":true,"href":"https:\/\/mdkoswiecim.pl\/index.php\/wp-json\/wp\/v2\/tags?post=12248"}],"curies":[{"name":"wp","href":"https:\/\/api.w.org\/{rel}","templated":true}]}}