{"id":12204,"date":"2020-11-27T18:41:43","date_gmt":"2020-11-27T17:41:43","guid":{"rendered":"http:\/\/mdkoswiecim.pl\/?p=12204"},"modified":"2020-11-27T18:41:43","modified_gmt":"2020-11-27T17:41:43","slug":"chearleaderki","status":"publish","type":"post","link":"https:\/\/mdkoswiecim.pl\/index.php\/2020\/11\/27\/chearleaderki\/","title":{"rendered":"Chearleaderki"},"content":{"rendered":"\n<p>W okresie nauczania zdalnego, dla przypomnienia, \u017ce kiedy\u015b by\u0142o inaczej i z nadziej\u0105, \u017ce wkr\u00f3tce wr\u00f3cimy do normalno\u015bci, przedstawiamy kilka fotek i film\u00f3w z zaj\u0119\u0107 m\u0142odszej grupy chearleaderek.  Ch\u0119tnych do wst\u0105pienia w szeregi zapraszamy na zaj\u0119cia. Mamy nadziej\u0119, \u017ce od 2 stycznia b\u0119d\u0105 ju\u017c prowadzone stacjonarnie \ud83d\ude42<\/p>\n\n\n\n<figure class=\"wp-block-gallery columns-2 is-cropped wp-block-gallery-1 is-layout-flex wp-block-gallery-is-layout-flex\"><ul class=\"blocks-gallery-grid\"><li class=\"blocks-gallery-item\"><figure><a href=\"https:\/\/mdkoswiecim.pl\/wp-content\/uploads\/2020\/11\/IMG_20201026_153926-scaled.jpg\"><img decoding=\"async\" src=\"https:\/\/mdkoswiecim.pl\/wp-content\/uploads\/2020\/11\/IMG_20201026_153926-1024x767.jpg\" alt=\"\" data-id=\"12205\" data-full-url=\"https:\/\/mdkoswiecim.pl\/wp-content\/uploads\/2020\/11\/IMG_20201026_153926-scaled.jpg\" data-link=\"https:\/\/mdkoswiecim.pl\/?attachment_id=12205\" class=\"wp-image-12205\"\/><\/a><figcaption class=\"blocks-gallery-item__caption\">Zaj\u0119cia chearleaderek<\/figcaption><\/figure><\/li><li class=\"blocks-gallery-item\"><figure><a href=\"https:\/\/mdkoswiecim.pl\/wp-content\/uploads\/2020\/11\/IMG_20201026_153953-scaled.jpg\"><img decoding=\"async\" src=\"https:\/\/mdkoswiecim.pl\/wp-content\/uploads\/2020\/11\/IMG_20201026_153953-1024x767.jpg\" alt=\"\" data-id=\"12206\" data-full-url=\"https:\/\/mdkoswiecim.pl\/wp-content\/uploads\/2020\/11\/IMG_20201026_153953-scaled.jpg\" data-link=\"https:\/\/mdkoswiecim.pl\/?attachment_id=12206\" class=\"wp-image-12206\"\/><\/a><figcaption class=\"blocks-gallery-item__caption\">Zaj\u0119cia chearleaderek<\/figcaption><\/figure><\/li><li class=\"blocks-gallery-item\"><figure><a href=\"https:\/\/mdkoswiecim.pl\/wp-content\/uploads\/2020\/11\/IMG_20201026_155856-scaled.jpg\"><img decoding=\"async\" src=\"https:\/\/mdkoswiecim.pl\/wp-content\/uploads\/2020\/11\/IMG_20201026_155856-1024x767.jpg\" alt=\"\" data-id=\"12207\" data-full-url=\"https:\/\/mdkoswiecim.pl\/wp-content\/uploads\/2020\/11\/IMG_20201026_155856-scaled.jpg\" data-link=\"https:\/\/mdkoswiecim.pl\/?attachment_id=12207\" class=\"wp-image-12207\"\/><\/a><figcaption class=\"blocks-gallery-item__caption\">Zaj\u0119cia chearleaderek<\/figcaption><\/figure><\/li><li class=\"blocks-gallery-item\"><figure><a href=\"https:\/\/mdkoswiecim.pl\/wp-content\/uploads\/2020\/11\/IMG_20201026_161901-scaled.jpg\"><img decoding=\"async\" src=\"https:\/\/mdkoswiecim.pl\/wp-content\/uploads\/2020\/11\/IMG_20201026_161901-767x1024.jpg\" alt=\"\" data-id=\"12208\" data-full-url=\"https:\/\/mdkoswiecim.pl\/wp-content\/uploads\/2020\/11\/IMG_20201026_161901-scaled.jpg\" data-link=\"https:\/\/mdkoswiecim.pl\/?attachment_id=12208\" class=\"wp-image-12208\"\/><\/a><figcaption class=\"blocks-gallery-item__caption\">Zaj\u0119cia chearleaderek<\/figcaption><\/figure><\/li><\/ul><figcaption class=\"blocks-gallery-caption\">Zaj\u0119cia chearleaderek<\/figcaption><\/figure>\n\n\n\n<figure class=\"wp-block-video\"><video controls src=\"https:\/\/mdkoswiecim.pl\/wp-content\/uploads\/2020\/11\/VID_20201026_153817.mp4\"><\/video><figcaption>Zaj\u0119cia chearleaderek<\/figcaption><\/figure>\n\n\n\n<figure class=\"wp-block-video\"><video controls src=\"https:\/\/mdkoswiecim.pl\/wp-content\/uploads\/2020\/11\/VID_20201026_161021.mp4\"><\/video><figcaption>Zaj\u0119cia chearleaderek<\/figcaption><\/figure>\n\n\n\n<figure class=\"wp-block-video\"><video controls src=\"https:\/\/mdkoswiecim.pl\/wp-content\/uploads\/2020\/11\/VID_20201026_161144.mp4\"><\/video><figcaption>Zaj\u0119cia chearleaderek<\/figcaption><\/figure>\n\n\n\n<figure class=\"wp-block-video\"><video controls src=\"https:\/\/mdkoswiecim.pl\/wp-content\/uploads\/2020\/11\/VID_20201026_161201.mp4\"><\/video><figcaption>Zaj\u0119cia chearleaderek<\/figcaption><\/figure>\n","protected":false},"excerpt":{"rendered":"<p>W okresie nauczania zdalnego, dla przypomnienia, \u017ce kiedy\u015b by\u0142o inaczej i z nadziej\u0105, \u017ce wkr\u00f3tce wr\u00f3cimy do normalno\u015bci, przedstawiamy kilka fotek i film\u00f3w z zaj\u0119\u0107 m\u0142odszej grupy chearleaderek. Ch\u0119tnych do wst\u0105pienia w szeregi zapraszamy na zaj\u0119cia. Mamy nadziej\u0119, \u017ce od 2 stycznia b\u0119d\u0105 ju\u017c prowadzone stacjonarnie \ud83d\ude42<\/p>\n","protected":false},"author":1,"featured_media":12213,"comment_status":"closed","ping_status":"closed","sticky":false,"template":"","format":"standard","meta":{"footnotes":""},"categories":[108],"tags":[],"class_list":["post-12204","post","type-post","status-publish","format-standard","has-post-thumbnail","hentry","category-aktualnosci"],"yoast_head":"<!-- This site is optimized with the Yoast SEO plugin v16.1.1 - https:\/\/yoast.com\/wordpress\/plugins\/seo\/ -->\n<title>Chearleaderki - MDK<\/title>\n<link rel=\"canonical\" href=\"https:\/\/mdkoswiecim.pl\/index.php\/2020\/11\/27\/chearleaderki\/\" \/>\n<meta property=\"og:locale\" content=\"pl_PL\" \/>\n<meta property=\"og:type\" content=\"article\" \/>\n<meta property=\"og:title\" content=\"Chearleaderki - MDK\" \/>\n<meta property=\"og:description\" content=\"W okresie nauczania zdalnego, dla przypomnienia, \u017ce kiedy\u015b by\u0142o inaczej i z nadziej\u0105, \u017ce wkr\u00f3tce wr\u00f3cimy do normalno\u015bci, przedstawiamy kilka fotek i film\u00f3w z zaj\u0119\u0107 m\u0142odszej grupy chearleaderek. Ch\u0119tnych do wst\u0105pienia w szeregi zapraszamy na zaj\u0119cia. Mamy nadziej\u0119, \u017ce od 2 stycznia b\u0119d\u0105 ju\u017c prowadzone stacjonarnie \ud83d\ude42\" \/>\n<meta property=\"og:url\" content=\"https:\/\/mdkoswiecim.pl\/index.php\/2020\/11\/27\/chearleaderki\/\" \/>\n<meta property=\"og:site_name\" content=\"MDK\" \/>\n<meta property=\"article:published_time\" content=\"2020-11-27T17:41:43+00:00\" \/>\n<meta name=\"twitter:card\" content=\"summary_large_image\" \/>\n<script type=\"application\/ld+json\" class=\"yoast-schema-graph\">{\"@context\":\"https:\/\/schema.org\",\"@graph\":[{\"@type\":\"WebSite\",\"@id\":\"https:\/\/mdkoswiecim.pl\/#website\",\"url\":\"https:\/\/mdkoswiecim.pl\/\",\"name\":\"MDK\",\"description\":\"M\\u0142odzie\\u017cowy Dom Kultury w O\\u015bwi\\u0119cimiu\",\"potentialAction\":[{\"@type\":\"SearchAction\",\"target\":\"https:\/\/mdkoswiecim.pl\/?s={search_term_string}\",\"query-input\":\"required name=search_term_string\"}],\"inLanguage\":\"pl-PL\"},{\"@type\":\"ImageObject\",\"@id\":\"https:\/\/mdkoswiecim.pl\/index.php\/2020\/11\/27\/chearleaderki\/#primaryimage\",\"inLanguage\":\"pl-PL\",\"url\":\"\",\"contentUrl\":\"\"},{\"@type\":\"WebPage\",\"@id\":\"https:\/\/mdkoswiecim.pl\/index.php\/2020\/11\/27\/chearleaderki\/#webpage\",\"url\":\"https:\/\/mdkoswiecim.pl\/index.php\/2020\/11\/27\/chearleaderki\/\",\"name\":\"Chearleaderki - MDK\",\"isPartOf\":{\"@id\":\"https:\/\/mdkoswiecim.pl\/#website\"},\"primaryImageOfPage\":{\"@id\":\"https:\/\/mdkoswiecim.pl\/index.php\/2020\/11\/27\/chearleaderki\/#primaryimage\"},\"datePublished\":\"2020-11-27T17:41:43+00:00\",\"dateModified\":\"2020-11-27T17:41:43+00:00\",\"author\":{\"@id\":\"https:\/\/mdkoswiecim.pl\/#\/schema\/person\/0e7cbc6adf0824f1eef81bd40fa6bd02\"},\"breadcrumb\":{\"@id\":\"https:\/\/mdkoswiecim.pl\/index.php\/2020\/11\/27\/chearleaderki\/#breadcrumb\"},\"inLanguage\":\"pl-PL\",\"potentialAction\":[{\"@type\":\"ReadAction\",\"target\":[\"https:\/\/mdkoswiecim.pl\/index.php\/2020\/11\/27\/chearleaderki\/\"]}]},{\"@type\":\"BreadcrumbList\",\"@id\":\"https:\/\/mdkoswiecim.pl\/index.php\/2020\/11\/27\/chearleaderki\/#breadcrumb\",\"itemListElement\":[{\"@type\":\"ListItem\",\"position\":1,\"item\":{\"@type\":\"WebPage\",\"@id\":\"https:\/\/mdkoswiecim.pl\/\",\"url\":\"https:\/\/mdkoswiecim.pl\/\",\"name\":\"Strona g\\u0142\\u00f3wna\"}},{\"@type\":\"ListItem\",\"position\":2,\"item\":{\"@type\":\"WebPage\",\"@id\":\"https:\/\/mdkoswiecim.pl\/index.php\/2020\/11\/27\/chearleaderki\/\",\"url\":\"https:\/\/mdkoswiecim.pl\/index.php\/2020\/11\/27\/chearleaderki\/\",\"name\":\"Chearleaderki\"}}]},{\"@type\":\"Person\",\"@id\":\"https:\/\/mdkoswiecim.pl\/#\/schema\/person\/0e7cbc6adf0824f1eef81bd40fa6bd02\",\"name\":\"administrator\",\"image\":{\"@type\":\"ImageObject\",\"@id\":\"https:\/\/mdkoswiecim.pl\/#personlogo\",\"inLanguage\":\"pl-PL\",\"url\":\"https:\/\/secure.gravatar.com\/avatar\/6e9d257abb087139c4a57fd62b4f5246da1ae07278ea0e7cb7b596051975afd6?s=96&d=mm&r=g\",\"contentUrl\":\"https:\/\/secure.gravatar.com\/avatar\/6e9d257abb087139c4a57fd62b4f5246da1ae07278ea0e7cb7b596051975afd6?s=96&d=mm&r=g\",\"caption\":\"administrator\"},\"sameAs\":[\"http:\/\/mdrncmp.webd.pro\/mdkfortest\"]}]}<\/script>\n<!-- \/ Yoast SEO plugin. -->","_links":{"self":[{"href":"https:\/\/mdkoswiecim.pl\/index.php\/wp-json\/wp\/v2\/posts\/12204","targetHints":{"allow":["GET"]}}],"collection":[{"href":"https:\/\/mdkoswiecim.pl\/index.php\/wp-json\/wp\/v2\/posts"}],"about":[{"href":"https:\/\/mdkoswiecim.pl\/index.php\/wp-json\/wp\/v2\/types\/post"}],"author":[{"embeddable":true,"href":"https:\/\/mdkoswiecim.pl\/index.php\/wp-json\/wp\/v2\/users\/1"}],"replies":[{"embeddable":true,"href":"https:\/\/mdkoswiecim.pl\/index.php\/wp-json\/wp\/v2\/comments?post=12204"}],"version-history":[{"count":0,"href":"https:\/\/mdkoswiecim.pl\/index.php\/wp-json\/wp\/v2\/posts\/12204\/revisions"}],"wp:featuredmedia":[{"embeddable":true,"href":"https:\/\/mdkoswiecim.pl\/index.php\/wp-json\/"}],"wp:attachment":[{"href":"https:\/\/mdkoswiecim.pl\/index.php\/wp-json\/wp\/v2\/media?parent=12204"}],"wp:term":[{"taxonomy":"category","embeddable":true,"href":"https:\/\/mdkoswiecim.pl\/index.php\/wp-json\/wp\/v2\/categories?post=12204"},{"taxonomy":"post_tag","embeddable":true,"href":"https:\/\/mdkoswiecim.pl\/index.php\/wp-json\/wp\/v2\/tags?post=12204"}],"curies":[{"name":"wp","href":"https:\/\/api.w.org\/{rel}","templated":true}]}}