{"id":12201,"date":"2020-11-27T12:36:02","date_gmt":"2020-11-27T11:36:02","guid":{"rendered":"http:\/\/mdkoswiecim.pl\/?p=12201"},"modified":"2020-11-27T12:36:02","modified_gmt":"2020-11-27T11:36:02","slug":"informacje-dotyczace-organizacji-pracy-w-mdk","status":"publish","type":"post","link":"https:\/\/mdkoswiecim.pl\/index.php\/2020\/11\/27\/informacje-dotyczace-organizacji-pracy-w-mdk\/","title":{"rendered":"Informacje dotycz\u0105ce organizacji pracy w MDK"},"content":{"rendered":"\n<p>Dyrektor MDK informuje, \u017ce od 30 listopada do 31 grudnia 2020 r. wszystkie zaj\u0119cia MDK b\u0119d\u0105 si\u0119 odbywa\u0107 w formie zdalnej. Nauczyciele b\u0119d\u0105 si\u0119 kontaktowa\u0107 z Pa\u0144stwem i dzie\u0107mi w formie obowi\u0105zuj\u0105cej od 7 listopada.<\/p>\n\n\n\n<p>Sekretariat MDK otwarty jest od poniedzia\u0142ku do pi\u0105tku w godzinach 7.00-15.00.<\/p>\n\n\n\n<p>\u017byczymy zdrowia i duuuu\u017co si\u0142y oraz wiary, \u017ce z ko\u0144cem roku kalendarzowego sko\u0144cz\u0105 si\u0119 te\u017c uci\u0105\u017cliwo\u015bci zwi\u0105zane z trwaj\u0105c\u0105 pandemi\u0105 \ud83d\ude42<\/p>\n","protected":false},"excerpt":{"rendered":"<p>Dyrektor MDK informuje, \u017ce od 30 listopada do 31 grudnia 2020 r. wszystkie zaj\u0119cia MDK b\u0119d\u0105 si\u0119 odbywa\u0107 w formie zdalnej. Nauczyciele b\u0119d\u0105 si\u0119 kontaktowa\u0107 z Pa\u0144stwem i dzie\u0107mi w formie obowi\u0105zuj\u0105cej od 7 listopada. Sekretariat MDK otwarty jest od poniedzia\u0142ku do pi\u0105tku w godzinach 7.00-15.00. \u017byczymy zdrowia i duuuu\u017co si\u0142y oraz wiary, \u017ce z [&hellip;]<\/p>\n","protected":false},"author":1,"featured_media":12203,"comment_status":"closed","ping_status":"closed","sticky":false,"template":"","format":"standard","meta":{"footnotes":""},"categories":[108],"tags":[],"class_list":["post-12201","post","type-post","status-publish","format-standard","has-post-thumbnail","hentry","category-aktualnosci"],"yoast_head":"<!-- This site is optimized with the Yoast SEO plugin v16.1.1 - https:\/\/yoast.com\/wordpress\/plugins\/seo\/ -->\n<title>Informacje dotycz\u0105ce organizacji pracy w MDK - MDK<\/title>\n<link rel=\"canonical\" href=\"https:\/\/mdkoswiecim.pl\/index.php\/2020\/11\/27\/informacje-dotyczace-organizacji-pracy-w-mdk\/\" \/>\n<meta property=\"og:locale\" content=\"pl_PL\" \/>\n<meta property=\"og:type\" content=\"article\" \/>\n<meta property=\"og:title\" content=\"Informacje dotycz\u0105ce organizacji pracy w MDK - MDK\" \/>\n<meta property=\"og:description\" content=\"Dyrektor MDK informuje, \u017ce od 30 listopada do 31 grudnia 2020 r. wszystkie zaj\u0119cia MDK b\u0119d\u0105 si\u0119 odbywa\u0107 w formie zdalnej. Nauczyciele b\u0119d\u0105 si\u0119 kontaktowa\u0107 z Pa\u0144stwem i dzie\u0107mi w formie obowi\u0105zuj\u0105cej od 7 listopada. Sekretariat MDK otwarty jest od poniedzia\u0142ku do pi\u0105tku w godzinach 7.00-15.00. \u017byczymy zdrowia i duuuu\u017co si\u0142y oraz wiary, \u017ce z [&hellip;]\" \/>\n<meta property=\"og:url\" content=\"https:\/\/mdkoswiecim.pl\/index.php\/2020\/11\/27\/informacje-dotyczace-organizacji-pracy-w-mdk\/\" \/>\n<meta property=\"og:site_name\" content=\"MDK\" \/>\n<meta property=\"article:published_time\" content=\"2020-11-27T11:36:02+00:00\" \/>\n<meta name=\"twitter:card\" content=\"summary_large_image\" \/>\n<script type=\"application\/ld+json\" class=\"yoast-schema-graph\">{\"@context\":\"https:\/\/schema.org\",\"@graph\":[{\"@type\":\"WebSite\",\"@id\":\"https:\/\/mdkoswiecim.pl\/#website\",\"url\":\"https:\/\/mdkoswiecim.pl\/\",\"name\":\"MDK\",\"description\":\"M\\u0142odzie\\u017cowy Dom Kultury w O\\u015bwi\\u0119cimiu\",\"potentialAction\":[{\"@type\":\"SearchAction\",\"target\":\"https:\/\/mdkoswiecim.pl\/?s={search_term_string}\",\"query-input\":\"required name=search_term_string\"}],\"inLanguage\":\"pl-PL\"},{\"@type\":\"ImageObject\",\"@id\":\"https:\/\/mdkoswiecim.pl\/index.php\/2020\/11\/27\/informacje-dotyczace-organizacji-pracy-w-mdk\/#primaryimage\",\"inLanguage\":\"pl-PL\",\"url\":\"\",\"contentUrl\":\"\"},{\"@type\":\"WebPage\",\"@id\":\"https:\/\/mdkoswiecim.pl\/index.php\/2020\/11\/27\/informacje-dotyczace-organizacji-pracy-w-mdk\/#webpage\",\"url\":\"https:\/\/mdkoswiecim.pl\/index.php\/2020\/11\/27\/informacje-dotyczace-organizacji-pracy-w-mdk\/\",\"name\":\"Informacje dotycz\\u0105ce organizacji pracy w MDK - MDK\",\"isPartOf\":{\"@id\":\"https:\/\/mdkoswiecim.pl\/#website\"},\"primaryImageOfPage\":{\"@id\":\"https:\/\/mdkoswiecim.pl\/index.php\/2020\/11\/27\/informacje-dotyczace-organizacji-pracy-w-mdk\/#primaryimage\"},\"datePublished\":\"2020-11-27T11:36:02+00:00\",\"dateModified\":\"2020-11-27T11:36:02+00:00\",\"author\":{\"@id\":\"https:\/\/mdkoswiecim.pl\/#\/schema\/person\/0e7cbc6adf0824f1eef81bd40fa6bd02\"},\"breadcrumb\":{\"@id\":\"https:\/\/mdkoswiecim.pl\/index.php\/2020\/11\/27\/informacje-dotyczace-organizacji-pracy-w-mdk\/#breadcrumb\"},\"inLanguage\":\"pl-PL\",\"potentialAction\":[{\"@type\":\"ReadAction\",\"target\":[\"https:\/\/mdkoswiecim.pl\/index.php\/2020\/11\/27\/informacje-dotyczace-organizacji-pracy-w-mdk\/\"]}]},{\"@type\":\"BreadcrumbList\",\"@id\":\"https:\/\/mdkoswiecim.pl\/index.php\/2020\/11\/27\/informacje-dotyczace-organizacji-pracy-w-mdk\/#breadcrumb\",\"itemListElement\":[{\"@type\":\"ListItem\",\"position\":1,\"item\":{\"@type\":\"WebPage\",\"@id\":\"https:\/\/mdkoswiecim.pl\/\",\"url\":\"https:\/\/mdkoswiecim.pl\/\",\"name\":\"Strona g\\u0142\\u00f3wna\"}},{\"@type\":\"ListItem\",\"position\":2,\"item\":{\"@type\":\"WebPage\",\"@id\":\"https:\/\/mdkoswiecim.pl\/index.php\/2020\/11\/27\/informacje-dotyczace-organizacji-pracy-w-mdk\/\",\"url\":\"https:\/\/mdkoswiecim.pl\/index.php\/2020\/11\/27\/informacje-dotyczace-organizacji-pracy-w-mdk\/\",\"name\":\"Informacje dotycz\\u0105ce organizacji pracy w MDK\"}}]},{\"@type\":\"Person\",\"@id\":\"https:\/\/mdkoswiecim.pl\/#\/schema\/person\/0e7cbc6adf0824f1eef81bd40fa6bd02\",\"name\":\"administrator\",\"image\":{\"@type\":\"ImageObject\",\"@id\":\"https:\/\/mdkoswiecim.pl\/#personlogo\",\"inLanguage\":\"pl-PL\",\"url\":\"https:\/\/secure.gravatar.com\/avatar\/6e9d257abb087139c4a57fd62b4f5246da1ae07278ea0e7cb7b596051975afd6?s=96&d=mm&r=g\",\"contentUrl\":\"https:\/\/secure.gravatar.com\/avatar\/6e9d257abb087139c4a57fd62b4f5246da1ae07278ea0e7cb7b596051975afd6?s=96&d=mm&r=g\",\"caption\":\"administrator\"},\"sameAs\":[\"http:\/\/mdrncmp.webd.pro\/mdkfortest\"]}]}<\/script>\n<!-- \/ Yoast SEO plugin. -->","_links":{"self":[{"href":"https:\/\/mdkoswiecim.pl\/index.php\/wp-json\/wp\/v2\/posts\/12201","targetHints":{"allow":["GET"]}}],"collection":[{"href":"https:\/\/mdkoswiecim.pl\/index.php\/wp-json\/wp\/v2\/posts"}],"about":[{"href":"https:\/\/mdkoswiecim.pl\/index.php\/wp-json\/wp\/v2\/types\/post"}],"author":[{"embeddable":true,"href":"https:\/\/mdkoswiecim.pl\/index.php\/wp-json\/wp\/v2\/users\/1"}],"replies":[{"embeddable":true,"href":"https:\/\/mdkoswiecim.pl\/index.php\/wp-json\/wp\/v2\/comments?post=12201"}],"version-history":[{"count":0,"href":"https:\/\/mdkoswiecim.pl\/index.php\/wp-json\/wp\/v2\/posts\/12201\/revisions"}],"wp:featuredmedia":[{"embeddable":true,"href":"https:\/\/mdkoswiecim.pl\/index.php\/wp-json\/"}],"wp:attachment":[{"href":"https:\/\/mdkoswiecim.pl\/index.php\/wp-json\/wp\/v2\/media?parent=12201"}],"wp:term":[{"taxonomy":"category","embeddable":true,"href":"https:\/\/mdkoswiecim.pl\/index.php\/wp-json\/wp\/v2\/categories?post=12201"},{"taxonomy":"post_tag","embeddable":true,"href":"https:\/\/mdkoswiecim.pl\/index.php\/wp-json\/wp\/v2\/tags?post=12201"}],"curies":[{"name":"wp","href":"https:\/\/api.w.org\/{rel}","templated":true}]}}