{"id":12021,"date":"2020-11-09T10:10:50","date_gmt":"2020-11-09T09:10:50","guid":{"rendered":"http:\/\/mdkoswiecim.pl\/?p=12021"},"modified":"2020-11-09T10:10:50","modified_gmt":"2020-11-09T09:10:50","slug":"zmiana-organizacji-zajec","status":"publish","type":"post","link":"https:\/\/mdkoswiecim.pl\/index.php\/2020\/11\/09\/zmiana-organizacji-zajec\/","title":{"rendered":"ZMIANA ORGANIZACJI ZAJ\u0118\u0106"},"content":{"rendered":"\n<p>Informujemy, \u017ce od 9 do 29 listopada 2020 r. wszystkie zaj\u0119cia M\u0142odzie\u017cowego Domu Kultury w O\u015bwi\u0119cimiu odbywaj\u0105 si\u0119 w formie zdalnej.<\/p>\n\n\n\n<p><strong>SEKRETARIAT MDK OTWARTY JEST OD PONIEDZIA\u0141KU DO PI\u0104TKU W GODZINACH OD 7.00 DO 15.00<\/strong><\/p>\n","protected":false},"excerpt":{"rendered":"<p>Informujemy, \u017ce od 9 do 29 listopada 2020 r. wszystkie zaj\u0119cia M\u0142odzie\u017cowego Domu Kultury w O\u015bwi\u0119cimiu odbywaj\u0105 si\u0119 w formie zdalnej. SEKRETARIAT MDK OTWARTY JEST OD PONIEDZIA\u0141KU DO PI\u0104TKU W GODZINACH OD 7.00 DO 15.00<\/p>\n","protected":false},"author":1,"featured_media":5068,"comment_status":"closed","ping_status":"closed","sticky":false,"template":"","format":"standard","meta":{"footnotes":""},"categories":[108],"tags":[],"class_list":["post-12021","post","type-post","status-publish","format-standard","has-post-thumbnail","hentry","category-aktualnosci"],"yoast_head":"<!-- This site is optimized with the Yoast SEO plugin v16.1.1 - https:\/\/yoast.com\/wordpress\/plugins\/seo\/ -->\n<title>ZMIANA ORGANIZACJI ZAJ\u0118\u0106 - MDK<\/title>\n<link rel=\"canonical\" href=\"https:\/\/mdkoswiecim.pl\/index.php\/2020\/11\/09\/zmiana-organizacji-zajec\/\" \/>\n<meta property=\"og:locale\" content=\"pl_PL\" \/>\n<meta property=\"og:type\" content=\"article\" \/>\n<meta property=\"og:title\" content=\"ZMIANA ORGANIZACJI ZAJ\u0118\u0106 - MDK\" \/>\n<meta property=\"og:description\" content=\"Informujemy, \u017ce od 9 do 29 listopada 2020 r. wszystkie zaj\u0119cia M\u0142odzie\u017cowego Domu Kultury w O\u015bwi\u0119cimiu odbywaj\u0105 si\u0119 w formie zdalnej. SEKRETARIAT MDK OTWARTY JEST OD PONIEDZIA\u0141KU DO PI\u0104TKU W GODZINACH OD 7.00 DO 15.00\" \/>\n<meta property=\"og:url\" content=\"https:\/\/mdkoswiecim.pl\/index.php\/2020\/11\/09\/zmiana-organizacji-zajec\/\" \/>\n<meta property=\"og:site_name\" content=\"MDK\" \/>\n<meta property=\"article:published_time\" content=\"2020-11-09T09:10:50+00:00\" \/>\n<meta name=\"twitter:card\" content=\"summary_large_image\" \/>\n<script type=\"application\/ld+json\" class=\"yoast-schema-graph\">{\"@context\":\"https:\/\/schema.org\",\"@graph\":[{\"@type\":\"WebSite\",\"@id\":\"https:\/\/mdkoswiecim.pl\/#website\",\"url\":\"https:\/\/mdkoswiecim.pl\/\",\"name\":\"MDK\",\"description\":\"M\\u0142odzie\\u017cowy Dom Kultury w O\\u015bwi\\u0119cimiu\",\"potentialAction\":[{\"@type\":\"SearchAction\",\"target\":\"https:\/\/mdkoswiecim.pl\/?s={search_term_string}\",\"query-input\":\"required name=search_term_string\"}],\"inLanguage\":\"pl-PL\"},{\"@type\":\"ImageObject\",\"@id\":\"https:\/\/mdkoswiecim.pl\/index.php\/2020\/11\/09\/zmiana-organizacji-zajec\/#primaryimage\",\"inLanguage\":\"pl-PL\",\"url\":\"\",\"contentUrl\":\"\"},{\"@type\":\"WebPage\",\"@id\":\"https:\/\/mdkoswiecim.pl\/index.php\/2020\/11\/09\/zmiana-organizacji-zajec\/#webpage\",\"url\":\"https:\/\/mdkoswiecim.pl\/index.php\/2020\/11\/09\/zmiana-organizacji-zajec\/\",\"name\":\"ZMIANA ORGANIZACJI ZAJ\\u0118\\u0106 - MDK\",\"isPartOf\":{\"@id\":\"https:\/\/mdkoswiecim.pl\/#website\"},\"primaryImageOfPage\":{\"@id\":\"https:\/\/mdkoswiecim.pl\/index.php\/2020\/11\/09\/zmiana-organizacji-zajec\/#primaryimage\"},\"datePublished\":\"2020-11-09T09:10:50+00:00\",\"dateModified\":\"2020-11-09T09:10:50+00:00\",\"author\":{\"@id\":\"https:\/\/mdkoswiecim.pl\/#\/schema\/person\/0e7cbc6adf0824f1eef81bd40fa6bd02\"},\"breadcrumb\":{\"@id\":\"https:\/\/mdkoswiecim.pl\/index.php\/2020\/11\/09\/zmiana-organizacji-zajec\/#breadcrumb\"},\"inLanguage\":\"pl-PL\",\"potentialAction\":[{\"@type\":\"ReadAction\",\"target\":[\"https:\/\/mdkoswiecim.pl\/index.php\/2020\/11\/09\/zmiana-organizacji-zajec\/\"]}]},{\"@type\":\"BreadcrumbList\",\"@id\":\"https:\/\/mdkoswiecim.pl\/index.php\/2020\/11\/09\/zmiana-organizacji-zajec\/#breadcrumb\",\"itemListElement\":[{\"@type\":\"ListItem\",\"position\":1,\"item\":{\"@type\":\"WebPage\",\"@id\":\"https:\/\/mdkoswiecim.pl\/\",\"url\":\"https:\/\/mdkoswiecim.pl\/\",\"name\":\"Strona g\\u0142\\u00f3wna\"}},{\"@type\":\"ListItem\",\"position\":2,\"item\":{\"@type\":\"WebPage\",\"@id\":\"https:\/\/mdkoswiecim.pl\/index.php\/2020\/11\/09\/zmiana-organizacji-zajec\/\",\"url\":\"https:\/\/mdkoswiecim.pl\/index.php\/2020\/11\/09\/zmiana-organizacji-zajec\/\",\"name\":\"ZMIANA ORGANIZACJI ZAJ\\u0118\\u0106\"}}]},{\"@type\":\"Person\",\"@id\":\"https:\/\/mdkoswiecim.pl\/#\/schema\/person\/0e7cbc6adf0824f1eef81bd40fa6bd02\",\"name\":\"administrator\",\"image\":{\"@type\":\"ImageObject\",\"@id\":\"https:\/\/mdkoswiecim.pl\/#personlogo\",\"inLanguage\":\"pl-PL\",\"url\":\"https:\/\/secure.gravatar.com\/avatar\/6e9d257abb087139c4a57fd62b4f5246da1ae07278ea0e7cb7b596051975afd6?s=96&d=mm&r=g\",\"contentUrl\":\"https:\/\/secure.gravatar.com\/avatar\/6e9d257abb087139c4a57fd62b4f5246da1ae07278ea0e7cb7b596051975afd6?s=96&d=mm&r=g\",\"caption\":\"administrator\"},\"sameAs\":[\"http:\/\/mdrncmp.webd.pro\/mdkfortest\"]}]}<\/script>\n<!-- \/ Yoast SEO plugin. -->","_links":{"self":[{"href":"https:\/\/mdkoswiecim.pl\/index.php\/wp-json\/wp\/v2\/posts\/12021","targetHints":{"allow":["GET"]}}],"collection":[{"href":"https:\/\/mdkoswiecim.pl\/index.php\/wp-json\/wp\/v2\/posts"}],"about":[{"href":"https:\/\/mdkoswiecim.pl\/index.php\/wp-json\/wp\/v2\/types\/post"}],"author":[{"embeddable":true,"href":"https:\/\/mdkoswiecim.pl\/index.php\/wp-json\/wp\/v2\/users\/1"}],"replies":[{"embeddable":true,"href":"https:\/\/mdkoswiecim.pl\/index.php\/wp-json\/wp\/v2\/comments?post=12021"}],"version-history":[{"count":0,"href":"https:\/\/mdkoswiecim.pl\/index.php\/wp-json\/wp\/v2\/posts\/12021\/revisions"}],"wp:featuredmedia":[{"embeddable":true,"href":"https:\/\/mdkoswiecim.pl\/index.php\/wp-json\/"}],"wp:attachment":[{"href":"https:\/\/mdkoswiecim.pl\/index.php\/wp-json\/wp\/v2\/media?parent=12021"}],"wp:term":[{"taxonomy":"category","embeddable":true,"href":"https:\/\/mdkoswiecim.pl\/index.php\/wp-json\/wp\/v2\/categories?post=12021"},{"taxonomy":"post_tag","embeddable":true,"href":"https:\/\/mdkoswiecim.pl\/index.php\/wp-json\/wp\/v2\/tags?post=12021"}],"curies":[{"name":"wp","href":"https:\/\/api.w.org\/{rel}","templated":true}]}}