{"id":12006,"date":"2020-10-27T16:17:27","date_gmt":"2020-10-27T15:17:27","guid":{"rendered":"http:\/\/mdkoswiecim.pl\/?p=12006"},"modified":"2020-10-27T16:17:27","modified_gmt":"2020-10-27T15:17:27","slug":"organizacja-zajec-mdk","status":"publish","type":"post","link":"https:\/\/mdkoswiecim.pl\/index.php\/2020\/10\/27\/organizacja-zajec-mdk\/","title":{"rendered":"ORGANIZACJA ZAJ\u0118\u0106 MDK od 26.10.2020 r."},"content":{"rendered":"\n<p>Informujemy, \u017ce Rozporz\u0105dzenie MEiN z dnia 23 pa\u017adziernika 2020r. zmieniaj\u0105ce rozporz\u0105dzenie w sprawie czasowego ograniczenia funkcjonowania jednostek systemu o\u015bwiaty w zwi\u0105zku z zapobieganiem, przeciwdzia\u0142aniem i zwalczaniem COVID-19 nie ogranicza si\u0119 funkcjonowania MDK.<\/p>\n\n\n\n<p>Dlatego zaj\u0119cia w MDK od 26 pa\u017adziernika 2020r. b\u0119d\u0105 odbywa\u0107 si\u0119 w formie stacjonarnej. ZMIANIE ULEG\u0141O MIEJSCE PROWADZENIA ZAJ\u0118\u0106 ODBYWAJ\u0104CYCH SI\u0118 POZA G\u0141\u00d3WN\u0104 SIEDZIB\u0104 MDK.  Zmiana miejsca zaj\u0119\u0107 znajduje si\u0119 poni\u017cej.<\/p>\n\n\n\n<p>W uzasadnionych przypadkach, zaj\u0119cia niekt\u00f3rych grup mog\u0105 by\u0107 prowadzone w formie zdalnej. W tym wypadku informacj\u0119 o tej sytuacji przeka\u017ce Pa\u0144stwu bezpo\u015brednio nauczyciel prowadz\u0105cy zaj\u0119cia.<\/p>\n\n\n\n<p>Jednocze\u015bnie przypominamy o bezwzgl\u0119dnym przestrzeganiu procedur i regulamin\u00f3w dotycz\u0105cych bezpiecze\u0144stwa zwi\u0105zanego z pandemi\u0105 COVID \u2013 19 obowi\u0105zuj\u0105cych w MDK O\u015bwi\u0119cim (ww. dokumenty s\u0105 dost\u0119pne na stronie MDK). Dla wszystkich nauczycieli MDK niezwykle wa\u017cna i istotna jest bezpo\u015brednia praca z wychowankiem. To taka forma daje najlepsze rezultaty w naszej pracy. Dlatego bezwzgl\u0119dnie przestrzegajmy re\u017cimu sanitarnego i procedur, aby\u015bmy nie byli zmuszeni do zawieszenia&nbsp; zaj\u0119\u0107.<\/p>\n\n\n\n<p>Przypominam jednocze\u015bnie, \u017ce na podstawie Rozporz\u0105dzenia Rady Ministr\u00f3w z dnia 23 pa\u017adziernika 2020r. zmieniaj\u0105cego rozporz\u0105dzenie w sprawie ustanowienia okre\u015blonych ogranicze\u0144, nakaz\u00f3w i zakaz\u00f3w w zwi\u0105zku z wyst\u0105pieniem stanu epidemii, obowi\u0105zuje zakaz przemieszczania si\u0119 dla m\u0142odzie\u017cy w wieku do 16 lat bez opieki osoby doros\u0142ej. Zakaz ten obowi\u0105zuje w godzinach 8-16, za wyj\u0105tkiem drogi do i ze szko\u0142y, plac\u00f3wki o\u015bwiatowej.<\/p>\n\n\n\n<figure class=\"wp-block-table\"><table><tbody><tr><td>RODZAJ ZAJ\u0118\u0106<\/td><td>IMI\u0118 NAZWISKO INSTRUKTORA<\/td><td>DZIE\u0143<\/td><td>PIERWOTNE MIEJSCE ZAJ\u0118\u0106<\/td><td>NOWE MIEJSCE ZAJ\u0118\u0106<\/td><\/tr><tr><td>Zaj\u0119cia teatralne<\/td><td>Anna Chodacka<\/td><td>poniedzia\u0142ek i czwartek<\/td><td>SP8 O\u015bwi\u0119cim<br>SOSW<\/td><td>Piwnica Artystyczna MDK O\u015bwi\u0119cim, ul. Bema 4<\/td><\/tr><tr><td>J\u0119zyk angielski, j\u0119zyk niemiecki<\/td><td>Magdalena Galladro Ku\u017ama<\/td><td>poniedzia\u0142ek<\/td><td>SP2 O\u015bwi\u0119cim<\/td><td>MDK O\u015bwi\u0119cim, ul. Olszewskiego 1<\/td><\/tr><tr><td>Rysunek i malarstwo<\/td><td>El\u017cbieta Wardza\u0142a-Sere\u015b<\/td><td>poniedzia\u0142ek<\/td><td>ZSZTS<\/td><td>MDK O\u015bwi\u0119cim, ul. Olszewskiego 1<\/td><\/tr><tr><td>Gra na gitarze<\/td><td>Kamila Sibik<\/td><td>poniedzia\u0142ek<\/td><td>PZ11 K\u0119ty<\/td><td>MDK O\u015bwi\u0119cim, ul. Olszewskiego 1<\/td><\/tr><tr><td>Plastyka<\/td><td>Anetta Sanak<\/td><td>wtorek<\/td><td>OSP Rajsko<\/td><td>MDK O\u015bwi\u0119cim, ul. Olszewskiego 1<\/td><\/tr><tr><td>Techniki uczenia si\u0119<\/td><td>Alina Kwarciak<\/td><td>\u015broda<\/td><td>SP9 O\u015bwi\u0119cim<\/td><td>MDK O\u015bwi\u0119cim, ul. Olszewskiego 1<\/td><\/tr><tr><td>Gra na gitarze<\/td><td>Janusz Majcherek<\/td><td>\u015broda<\/td><td>PZ6 Brzeszcze<\/td><td>MDK O\u015bwi\u0119cim, ul. Olszewskiego 1<\/td><\/tr><tr><td>Gry logiczne<\/td><td>Jadwiga Fuda\u0142a<\/td><td>\u015broda<\/td><td>SP2 Che\u0142mek<\/td><td>MDK O\u015bwi\u0119cim, ul. Olszewskiego 1<\/td><\/tr><tr><td>J\u0119zyk niemiecki<\/td><td>Magdalena Gallardo Ku\u017ama<\/td><td>\u015broda<\/td><td>SP2 O\u015bwi\u0119cim<\/td><td>MDK O\u015bwi\u0119cim, ul. Olszewskiego 1<\/td><\/tr><tr><td>Zaj\u0119cia techniczne<\/td><td>Piotr Kazanowski<\/td><td>czwartek<\/td><td>SP2 O\u015bwi\u0119cim<\/td><td>MDK O\u015bwi\u0119cim, ul. Olszewskiego 1<\/td><\/tr><tr><td>Plastyka<\/td><td>Agnieszka Mucha<\/td><td>czwartek<\/td><td>ZSZP2 Che\u0142mek<\/td><td>MDK O\u015bwi\u0119cim, ul. Olszewskiego 1<\/td><\/tr><tr><td>R\u0119kodzie\u0142o artystyczne<\/td><td>Anetta Sanak<\/td><td>czwartek<\/td><td>SP8 O\u015bwi\u0119cim<\/td><td>MDK O\u015bwi\u0119cim, ul. Olszewskiego 1<\/td><\/tr><tr><td>Techniki uczenia si\u0119<\/td><td>Alina Kwarciak<\/td><td>pi\u0105tek<\/td><td>SP9 O\u015bwi\u0119cim<\/td><td>MDK O\u015bwi\u0119cim, ul. Olszewskiego 1<\/td><\/tr><tr><td>Gra na gitarze<\/td><td>Kamila Sibik<\/td><td>pi\u0105tek<\/td><td>SZS1 Che\u0142mek<\/td><td>MDK O\u015bwi\u0119cim, ul. Olszewskiego 1<\/td><\/tr><\/tbody><\/table><\/figure>\n\n\n\n<p>W ZWI\u0104ZKU Z LICZNYMI NIEOBECNO\u015aCIAMI NAUCZYCIELI PROSIMY O SPRAWDZANIE INFORMACJI W ZAK\u0141ADCE &#8220;NIEOBECNO\u015aCI NAUCZYCIELI&#8221;.<\/p>\n\n\n\n<p>\u017byczymy zdrowia i pogody ducha \ud83d\ude42<\/p>\n\n\n\n<p>Pracownicy MDK<\/p>\n","protected":false},"excerpt":{"rendered":"<p>Informujemy, \u017ce Rozporz\u0105dzenie MEiN z dnia 23 pa\u017adziernika 2020r. zmieniaj\u0105ce rozporz\u0105dzenie w sprawie czasowego ograniczenia funkcjonowania jednostek systemu o\u015bwiaty w zwi\u0105zku z zapobieganiem, przeciwdzia\u0142aniem i zwalczaniem COVID-19 nie ogranicza si\u0119 funkcjonowania MDK. Dlatego zaj\u0119cia w MDK od 26 pa\u017adziernika 2020r. b\u0119d\u0105 odbywa\u0107 si\u0119 w formie stacjonarnej. ZMIANIE ULEG\u0141O MIEJSCE PROWADZENIA ZAJ\u0118\u0106 ODBYWAJ\u0104CYCH SI\u0118 POZA G\u0141\u00d3WN\u0104 [&hellip;]<\/p>\n","protected":false},"author":1,"featured_media":5068,"comment_status":"closed","ping_status":"closed","sticky":false,"template":"","format":"standard","meta":{"footnotes":""},"categories":[108],"tags":[],"class_list":["post-12006","post","type-post","status-publish","format-standard","has-post-thumbnail","hentry","category-aktualnosci"],"yoast_head":"<!-- This site is optimized with the Yoast SEO plugin v16.1.1 - https:\/\/yoast.com\/wordpress\/plugins\/seo\/ -->\n<title>ORGANIZACJA ZAJ\u0118\u0106 MDK od 26.10.2020 r. - MDK<\/title>\n<link rel=\"canonical\" href=\"https:\/\/mdkoswiecim.pl\/index.php\/2020\/10\/27\/organizacja-zajec-mdk\/\" \/>\n<meta property=\"og:locale\" content=\"pl_PL\" \/>\n<meta property=\"og:type\" content=\"article\" \/>\n<meta property=\"og:title\" content=\"ORGANIZACJA ZAJ\u0118\u0106 MDK od 26.10.2020 r. - MDK\" \/>\n<meta property=\"og:description\" content=\"Informujemy, \u017ce Rozporz\u0105dzenie MEiN z dnia 23 pa\u017adziernika 2020r. zmieniaj\u0105ce rozporz\u0105dzenie w sprawie czasowego ograniczenia funkcjonowania jednostek systemu o\u015bwiaty w zwi\u0105zku z zapobieganiem, przeciwdzia\u0142aniem i zwalczaniem COVID-19 nie ogranicza si\u0119 funkcjonowania MDK. Dlatego zaj\u0119cia w MDK od 26 pa\u017adziernika 2020r. b\u0119d\u0105 odbywa\u0107 si\u0119 w formie stacjonarnej. ZMIANIE ULEG\u0141O MIEJSCE PROWADZENIA ZAJ\u0118\u0106 ODBYWAJ\u0104CYCH SI\u0118 POZA G\u0141\u00d3WN\u0104 [&hellip;]\" \/>\n<meta property=\"og:url\" content=\"https:\/\/mdkoswiecim.pl\/index.php\/2020\/10\/27\/organizacja-zajec-mdk\/\" \/>\n<meta property=\"og:site_name\" content=\"MDK\" \/>\n<meta property=\"article:published_time\" content=\"2020-10-27T15:17:27+00:00\" \/>\n<meta name=\"twitter:card\" content=\"summary_large_image\" \/>\n<meta name=\"twitter:label1\" content=\"Szacowany czas czytania\">\n\t<meta name=\"twitter:data1\" content=\"2 minuty\">\n<script type=\"application\/ld+json\" class=\"yoast-schema-graph\">{\"@context\":\"https:\/\/schema.org\",\"@graph\":[{\"@type\":\"WebSite\",\"@id\":\"https:\/\/mdkoswiecim.pl\/#website\",\"url\":\"https:\/\/mdkoswiecim.pl\/\",\"name\":\"MDK\",\"description\":\"M\\u0142odzie\\u017cowy Dom Kultury w O\\u015bwi\\u0119cimiu\",\"potentialAction\":[{\"@type\":\"SearchAction\",\"target\":\"https:\/\/mdkoswiecim.pl\/?s={search_term_string}\",\"query-input\":\"required name=search_term_string\"}],\"inLanguage\":\"pl-PL\"},{\"@type\":\"ImageObject\",\"@id\":\"https:\/\/mdkoswiecim.pl\/index.php\/2020\/10\/27\/organizacja-zajec-mdk\/#primaryimage\",\"inLanguage\":\"pl-PL\",\"url\":\"\",\"contentUrl\":\"\"},{\"@type\":\"WebPage\",\"@id\":\"https:\/\/mdkoswiecim.pl\/index.php\/2020\/10\/27\/organizacja-zajec-mdk\/#webpage\",\"url\":\"https:\/\/mdkoswiecim.pl\/index.php\/2020\/10\/27\/organizacja-zajec-mdk\/\",\"name\":\"ORGANIZACJA ZAJ\\u0118\\u0106 MDK od 26.10.2020 r. - MDK\",\"isPartOf\":{\"@id\":\"https:\/\/mdkoswiecim.pl\/#website\"},\"primaryImageOfPage\":{\"@id\":\"https:\/\/mdkoswiecim.pl\/index.php\/2020\/10\/27\/organizacja-zajec-mdk\/#primaryimage\"},\"datePublished\":\"2020-10-27T15:17:27+00:00\",\"dateModified\":\"2020-10-27T15:17:27+00:00\",\"author\":{\"@id\":\"https:\/\/mdkoswiecim.pl\/#\/schema\/person\/0e7cbc6adf0824f1eef81bd40fa6bd02\"},\"breadcrumb\":{\"@id\":\"https:\/\/mdkoswiecim.pl\/index.php\/2020\/10\/27\/organizacja-zajec-mdk\/#breadcrumb\"},\"inLanguage\":\"pl-PL\",\"potentialAction\":[{\"@type\":\"ReadAction\",\"target\":[\"https:\/\/mdkoswiecim.pl\/index.php\/2020\/10\/27\/organizacja-zajec-mdk\/\"]}]},{\"@type\":\"BreadcrumbList\",\"@id\":\"https:\/\/mdkoswiecim.pl\/index.php\/2020\/10\/27\/organizacja-zajec-mdk\/#breadcrumb\",\"itemListElement\":[{\"@type\":\"ListItem\",\"position\":1,\"item\":{\"@type\":\"WebPage\",\"@id\":\"https:\/\/mdkoswiecim.pl\/\",\"url\":\"https:\/\/mdkoswiecim.pl\/\",\"name\":\"Strona g\\u0142\\u00f3wna\"}},{\"@type\":\"ListItem\",\"position\":2,\"item\":{\"@type\":\"WebPage\",\"@id\":\"https:\/\/mdkoswiecim.pl\/index.php\/2020\/10\/27\/organizacja-zajec-mdk\/\",\"url\":\"https:\/\/mdkoswiecim.pl\/index.php\/2020\/10\/27\/organizacja-zajec-mdk\/\",\"name\":\"ORGANIZACJA ZAJ\\u0118\\u0106 MDK od 26.10.2020 r.\"}}]},{\"@type\":\"Person\",\"@id\":\"https:\/\/mdkoswiecim.pl\/#\/schema\/person\/0e7cbc6adf0824f1eef81bd40fa6bd02\",\"name\":\"administrator\",\"image\":{\"@type\":\"ImageObject\",\"@id\":\"https:\/\/mdkoswiecim.pl\/#personlogo\",\"inLanguage\":\"pl-PL\",\"url\":\"https:\/\/secure.gravatar.com\/avatar\/6e9d257abb087139c4a57fd62b4f5246da1ae07278ea0e7cb7b596051975afd6?s=96&d=mm&r=g\",\"contentUrl\":\"https:\/\/secure.gravatar.com\/avatar\/6e9d257abb087139c4a57fd62b4f5246da1ae07278ea0e7cb7b596051975afd6?s=96&d=mm&r=g\",\"caption\":\"administrator\"},\"sameAs\":[\"http:\/\/mdrncmp.webd.pro\/mdkfortest\"]}]}<\/script>\n<!-- \/ Yoast SEO plugin. -->","_links":{"self":[{"href":"https:\/\/mdkoswiecim.pl\/index.php\/wp-json\/wp\/v2\/posts\/12006","targetHints":{"allow":["GET"]}}],"collection":[{"href":"https:\/\/mdkoswiecim.pl\/index.php\/wp-json\/wp\/v2\/posts"}],"about":[{"href":"https:\/\/mdkoswiecim.pl\/index.php\/wp-json\/wp\/v2\/types\/post"}],"author":[{"embeddable":true,"href":"https:\/\/mdkoswiecim.pl\/index.php\/wp-json\/wp\/v2\/users\/1"}],"replies":[{"embeddable":true,"href":"https:\/\/mdkoswiecim.pl\/index.php\/wp-json\/wp\/v2\/comments?post=12006"}],"version-history":[{"count":0,"href":"https:\/\/mdkoswiecim.pl\/index.php\/wp-json\/wp\/v2\/posts\/12006\/revisions"}],"wp:featuredmedia":[{"embeddable":true,"href":"https:\/\/mdkoswiecim.pl\/index.php\/wp-json\/"}],"wp:attachment":[{"href":"https:\/\/mdkoswiecim.pl\/index.php\/wp-json\/wp\/v2\/media?parent=12006"}],"wp:term":[{"taxonomy":"category","embeddable":true,"href":"https:\/\/mdkoswiecim.pl\/index.php\/wp-json\/wp\/v2\/categories?post=12006"},{"taxonomy":"post_tag","embeddable":true,"href":"https:\/\/mdkoswiecim.pl\/index.php\/wp-json\/wp\/v2\/tags?post=12006"}],"curies":[{"name":"wp","href":"https:\/\/api.w.org\/{rel}","templated":true}]}}