{"id":11891,"date":"2020-10-16T13:33:26","date_gmt":"2020-10-16T11:33:26","guid":{"rendered":"http:\/\/mdkoswiecim.pl\/?p=11891"},"modified":"2020-10-16T13:33:26","modified_gmt":"2020-10-16T11:33:26","slug":"zmiana-miejsca-zajec-rysunek-i-malarstwo","status":"publish","type":"post","link":"https:\/\/mdkoswiecim.pl\/index.php\/2020\/10\/16\/zmiana-miejsca-zajec-rysunek-i-malarstwo\/","title":{"rendered":"ZMIANA MIEJSCA ZAJ\u0118\u0106 &#8220;RYSUNEK I MALARSTWO&#8221;"},"content":{"rendered":"\n<p>Z powodu obj\u0119cia powiatu o\u015bwi\u0119cimskiego czerwon\u0105 stref\u0105 oraz przej\u015bcia szk\u00f3\u0142 ponadpodstawowych na tryb nauki zdalnej, zaj\u0119cia &#8220;RYSUNEK I MALARSTWO&#8221; prowadzone przez pani\u0105 El\u017cbiet\u0119 Wardza\u0142\u0119-Sere\u015b w Zespole Szk\u00f3\u0142 Zawodowych Towarzystwa Salezja\u0144skiego, zostaj\u0105 przeniesione do siedziby MDK w O\u015bwi\u0119cimiu przy ul. Olszewskiego 1. GODZINY ZAJ\u0118\u0106 NIE ULEGAJ\u0104 ZMIANIE!!!<\/p>\n\n\n\n<p><strong>ZMIANA MIEJSCA ZAJ\u0118\u0106 OBOWI\u0104ZUJE W OKRESIE OBJ\u0118CIA POWIATU O\u015aWI\u0118CIMSKIEGO CZERWON\u0104 STREF\u0104.<\/strong><\/p>\n","protected":false},"excerpt":{"rendered":"<p>Z powodu obj\u0119cia powiatu o\u015bwi\u0119cimskiego czerwon\u0105 stref\u0105 oraz przej\u015bcia szk\u00f3\u0142 ponadpodstawowych na tryb nauki zdalnej, zaj\u0119cia &#8220;RYSUNEK I MALARSTWO&#8221; prowadzone przez pani\u0105 El\u017cbiet\u0119 Wardza\u0142\u0119-Sere\u015b w Zespole Szk\u00f3\u0142 Zawodowych Towarzystwa Salezja\u0144skiego, zostaj\u0105 przeniesione do siedziby MDK w O\u015bwi\u0119cimiu przy ul. Olszewskiego 1. GODZINY ZAJ\u0118\u0106 NIE ULEGAJ\u0104 ZMIANIE!!! ZMIANA MIEJSCA ZAJ\u0118\u0106 OBOWI\u0104ZUJE W OKRESIE OBJ\u0118CIA POWIATU O\u015aWI\u0118CIMSKIEGO [&hellip;]<\/p>\n","protected":false},"author":1,"featured_media":5068,"comment_status":"closed","ping_status":"closed","sticky":false,"template":"","format":"standard","meta":{"footnotes":""},"categories":[108],"tags":[],"class_list":["post-11891","post","type-post","status-publish","format-standard","has-post-thumbnail","hentry","category-aktualnosci"],"yoast_head":"<!-- This site is optimized with the Yoast SEO plugin v16.1.1 - https:\/\/yoast.com\/wordpress\/plugins\/seo\/ -->\n<title>ZMIANA MIEJSCA ZAJ\u0118\u0106 &quot;RYSUNEK I MALARSTWO&quot; - MDK<\/title>\n<link rel=\"canonical\" href=\"https:\/\/mdkoswiecim.pl\/index.php\/2020\/10\/16\/zmiana-miejsca-zajec-rysunek-i-malarstwo\/\" \/>\n<meta property=\"og:locale\" content=\"pl_PL\" \/>\n<meta property=\"og:type\" content=\"article\" \/>\n<meta property=\"og:title\" content=\"ZMIANA MIEJSCA ZAJ\u0118\u0106 &quot;RYSUNEK I MALARSTWO&quot; - MDK\" \/>\n<meta property=\"og:description\" content=\"Z powodu obj\u0119cia powiatu o\u015bwi\u0119cimskiego czerwon\u0105 stref\u0105 oraz przej\u015bcia szk\u00f3\u0142 ponadpodstawowych na tryb nauki zdalnej, zaj\u0119cia &#8220;RYSUNEK I MALARSTWO&#8221; prowadzone przez pani\u0105 El\u017cbiet\u0119 Wardza\u0142\u0119-Sere\u015b w Zespole Szk\u00f3\u0142 Zawodowych Towarzystwa Salezja\u0144skiego, zostaj\u0105 przeniesione do siedziby MDK w O\u015bwi\u0119cimiu przy ul. Olszewskiego 1. GODZINY ZAJ\u0118\u0106 NIE ULEGAJ\u0104 ZMIANIE!!! ZMIANA MIEJSCA ZAJ\u0118\u0106 OBOWI\u0104ZUJE W OKRESIE OBJ\u0118CIA POWIATU O\u015aWI\u0118CIMSKIEGO [&hellip;]\" \/>\n<meta property=\"og:url\" content=\"https:\/\/mdkoswiecim.pl\/index.php\/2020\/10\/16\/zmiana-miejsca-zajec-rysunek-i-malarstwo\/\" \/>\n<meta property=\"og:site_name\" content=\"MDK\" \/>\n<meta property=\"article:published_time\" content=\"2020-10-16T11:33:26+00:00\" \/>\n<meta name=\"twitter:card\" content=\"summary_large_image\" \/>\n<script type=\"application\/ld+json\" class=\"yoast-schema-graph\">{\"@context\":\"https:\/\/schema.org\",\"@graph\":[{\"@type\":\"WebSite\",\"@id\":\"https:\/\/mdkoswiecim.pl\/#website\",\"url\":\"https:\/\/mdkoswiecim.pl\/\",\"name\":\"MDK\",\"description\":\"M\\u0142odzie\\u017cowy Dom Kultury w O\\u015bwi\\u0119cimiu\",\"potentialAction\":[{\"@type\":\"SearchAction\",\"target\":\"https:\/\/mdkoswiecim.pl\/?s={search_term_string}\",\"query-input\":\"required name=search_term_string\"}],\"inLanguage\":\"pl-PL\"},{\"@type\":\"ImageObject\",\"@id\":\"https:\/\/mdkoswiecim.pl\/index.php\/2020\/10\/16\/zmiana-miejsca-zajec-rysunek-i-malarstwo\/#primaryimage\",\"inLanguage\":\"pl-PL\",\"url\":\"\",\"contentUrl\":\"\"},{\"@type\":\"WebPage\",\"@id\":\"https:\/\/mdkoswiecim.pl\/index.php\/2020\/10\/16\/zmiana-miejsca-zajec-rysunek-i-malarstwo\/#webpage\",\"url\":\"https:\/\/mdkoswiecim.pl\/index.php\/2020\/10\/16\/zmiana-miejsca-zajec-rysunek-i-malarstwo\/\",\"name\":\"ZMIANA MIEJSCA ZAJ\\u0118\\u0106 \\\"RYSUNEK I MALARSTWO\\\" - MDK\",\"isPartOf\":{\"@id\":\"https:\/\/mdkoswiecim.pl\/#website\"},\"primaryImageOfPage\":{\"@id\":\"https:\/\/mdkoswiecim.pl\/index.php\/2020\/10\/16\/zmiana-miejsca-zajec-rysunek-i-malarstwo\/#primaryimage\"},\"datePublished\":\"2020-10-16T11:33:26+00:00\",\"dateModified\":\"2020-10-16T11:33:26+00:00\",\"author\":{\"@id\":\"https:\/\/mdkoswiecim.pl\/#\/schema\/person\/0e7cbc6adf0824f1eef81bd40fa6bd02\"},\"breadcrumb\":{\"@id\":\"https:\/\/mdkoswiecim.pl\/index.php\/2020\/10\/16\/zmiana-miejsca-zajec-rysunek-i-malarstwo\/#breadcrumb\"},\"inLanguage\":\"pl-PL\",\"potentialAction\":[{\"@type\":\"ReadAction\",\"target\":[\"https:\/\/mdkoswiecim.pl\/index.php\/2020\/10\/16\/zmiana-miejsca-zajec-rysunek-i-malarstwo\/\"]}]},{\"@type\":\"BreadcrumbList\",\"@id\":\"https:\/\/mdkoswiecim.pl\/index.php\/2020\/10\/16\/zmiana-miejsca-zajec-rysunek-i-malarstwo\/#breadcrumb\",\"itemListElement\":[{\"@type\":\"ListItem\",\"position\":1,\"item\":{\"@type\":\"WebPage\",\"@id\":\"https:\/\/mdkoswiecim.pl\/\",\"url\":\"https:\/\/mdkoswiecim.pl\/\",\"name\":\"Strona g\\u0142\\u00f3wna\"}},{\"@type\":\"ListItem\",\"position\":2,\"item\":{\"@type\":\"WebPage\",\"@id\":\"https:\/\/mdkoswiecim.pl\/index.php\/2020\/10\/16\/zmiana-miejsca-zajec-rysunek-i-malarstwo\/\",\"url\":\"https:\/\/mdkoswiecim.pl\/index.php\/2020\/10\/16\/zmiana-miejsca-zajec-rysunek-i-malarstwo\/\",\"name\":\"ZMIANA MIEJSCA ZAJ\\u0118\\u0106 &#8220;RYSUNEK I MALARSTWO&#8221;\"}}]},{\"@type\":\"Person\",\"@id\":\"https:\/\/mdkoswiecim.pl\/#\/schema\/person\/0e7cbc6adf0824f1eef81bd40fa6bd02\",\"name\":\"administrator\",\"image\":{\"@type\":\"ImageObject\",\"@id\":\"https:\/\/mdkoswiecim.pl\/#personlogo\",\"inLanguage\":\"pl-PL\",\"url\":\"https:\/\/secure.gravatar.com\/avatar\/6e9d257abb087139c4a57fd62b4f5246da1ae07278ea0e7cb7b596051975afd6?s=96&d=mm&r=g\",\"contentUrl\":\"https:\/\/secure.gravatar.com\/avatar\/6e9d257abb087139c4a57fd62b4f5246da1ae07278ea0e7cb7b596051975afd6?s=96&d=mm&r=g\",\"caption\":\"administrator\"},\"sameAs\":[\"http:\/\/mdrncmp.webd.pro\/mdkfortest\"]}]}<\/script>\n<!-- \/ Yoast SEO plugin. -->","_links":{"self":[{"href":"https:\/\/mdkoswiecim.pl\/index.php\/wp-json\/wp\/v2\/posts\/11891","targetHints":{"allow":["GET"]}}],"collection":[{"href":"https:\/\/mdkoswiecim.pl\/index.php\/wp-json\/wp\/v2\/posts"}],"about":[{"href":"https:\/\/mdkoswiecim.pl\/index.php\/wp-json\/wp\/v2\/types\/post"}],"author":[{"embeddable":true,"href":"https:\/\/mdkoswiecim.pl\/index.php\/wp-json\/wp\/v2\/users\/1"}],"replies":[{"embeddable":true,"href":"https:\/\/mdkoswiecim.pl\/index.php\/wp-json\/wp\/v2\/comments?post=11891"}],"version-history":[{"count":0,"href":"https:\/\/mdkoswiecim.pl\/index.php\/wp-json\/wp\/v2\/posts\/11891\/revisions"}],"wp:featuredmedia":[{"embeddable":true,"href":"https:\/\/mdkoswiecim.pl\/index.php\/wp-json\/"}],"wp:attachment":[{"href":"https:\/\/mdkoswiecim.pl\/index.php\/wp-json\/wp\/v2\/media?parent=11891"}],"wp:term":[{"taxonomy":"category","embeddable":true,"href":"https:\/\/mdkoswiecim.pl\/index.php\/wp-json\/wp\/v2\/categories?post=11891"},{"taxonomy":"post_tag","embeddable":true,"href":"https:\/\/mdkoswiecim.pl\/index.php\/wp-json\/wp\/v2\/tags?post=11891"}],"curies":[{"name":"wp","href":"https:\/\/api.w.org\/{rel}","templated":true}]}}