{"id":11859,"date":"2020-10-13T13:12:38","date_gmt":"2020-10-13T11:12:38","guid":{"rendered":"http:\/\/mdkoswiecim.pl\/?p=11859"},"modified":"2020-10-13T13:12:38","modified_gmt":"2020-10-13T11:12:38","slug":"marta-brzek-znow-nagrodzona","status":"publish","type":"post","link":"https:\/\/mdkoswiecim.pl\/index.php\/2020\/10\/13\/marta-brzek-znow-nagrodzona\/","title":{"rendered":"Marta Brz\u0119k zn\u00f3w nagrodzona :)"},"content":{"rendered":"\n<p>21 wrze\u015bnia b.r. O\u015bwi\u0119cimskie Centrum Kultury og\u0142osi\u0142o wyniki XIX Mi\u0119dzynarodowego Konkursu Plastycznego &#8220;Darujmy \u015bwiatu pok\u00f3j&#8221;.<\/p>\n\n\n\n<p><strong>Marta Brz\u0119k, uczestniczka MDK-owskich zaj\u0119\u0107 &#8220;rysunek i malarstwo&#8221;, prowadzonych przez pani\u0105 El\u017cbiet\u0119 Wardza\u0142\u0119-Sere\u015b, zdoby\u0142a NAGROD\u0118 W KATEGORII WIEKOWEJ 14-16 LAT.<\/strong><\/p>\n\n\n\n<p>Do udzia\u0142u w tegorocznej edycji konkursu, kt\u00f3ra tym razem odby\u0142a si\u0119 online, nades\u0142ano 389 prac z Polski, Chin, Rosji, Ukrainy i USA.<\/p>\n\n\n\n<p>Komisja w sk\u0142adzie:  Bo\u017cena Formas-M\u0105dry, Pawe\u0142 Warcho\u0142, Barbara \u017bydek, Magdalena Prochowska, przyzna\u0142a 57 r\u00f3wnorz\u0119dnych nagr\u00f3d i 63 r\u00f3wnorz\u0119dne wyr\u00f3\u017cnienia w czterech kategoriach wiekowych oraz wyr\u00f3\u017cni\u0142a kwalifikacj\u0105 do udzia\u0142u w pokonkursowej prezentacji prace 23 autor\u00f3w.<\/p>\n\n\n\n<p>Wi\u0119cej informacji na stronie <\/p>\n\n\n\n<p><a href=\"http:\/\/www.ock.org.pl\/XIX-Miedzynarodowy-Konkurs-Plastyczny-Darujmy-swiatu-pokoj-2020-5995.html\">http:\/\/www.ock.org.pl\/XIX-Miedzynarodowy-Konkurs-Plastyczny-Darujmy-swiatu-pokoj-2020-5995.html<\/a><\/p>\n\n\n\n<figure class=\"wp-block-gallery columns-1 is-cropped wp-block-gallery-1 is-layout-flex wp-block-gallery-is-layout-flex\"><ul class=\"blocks-gallery-grid\"><li class=\"blocks-gallery-item\"><figure><img decoding=\"async\" src=\"https:\/\/mdkoswiecim.pl\/wp-content\/uploads\/2020\/10\/Marta-Brzek-768x1024.jpg\" alt=\"\" data-id=\"11887\" data-full-url=\"https:\/\/mdkoswiecim.pl\/wp-content\/uploads\/2020\/10\/Marta-Brzek-scaled.jpg\" data-link=\"https:\/\/mdkoswiecim.pl\/2020\/10\/13\/marta-brzek-znow-nagrodzona\/marta-brzek\/\" class=\"wp-image-11887\"\/><figcaption class=\"blocks-gallery-item__caption\">Praca plastyczna Marty Brz\u0119k &#8211; Dzieci z latawcami<\/figcaption><\/figure><\/li><\/ul><\/figure>\n\n\n\n<figure class=\"wp-block-gallery columns-0 is-cropped wp-block-gallery-2 is-layout-flex wp-block-gallery-is-layout-flex\"><ul class=\"blocks-gallery-grid\"><\/ul><\/figure>\n","protected":false},"excerpt":{"rendered":"<p>21 wrze\u015bnia b.r. O\u015bwi\u0119cimskie Centrum Kultury og\u0142osi\u0142o wyniki XIX Mi\u0119dzynarodowego Konkursu Plastycznego &#8220;Darujmy \u015bwiatu pok\u00f3j&#8221;. Marta Brz\u0119k, uczestniczka MDK-owskich zaj\u0119\u0107 &#8220;rysunek i malarstwo&#8221;, prowadzonych przez pani\u0105 El\u017cbiet\u0119 Wardza\u0142\u0119-Sere\u015b, zdoby\u0142a NAGROD\u0118 W KATEGORII WIEKOWEJ 14-16 LAT. Do udzia\u0142u w tegorocznej edycji konkursu, kt\u00f3ra tym razem odby\u0142a si\u0119 online, nades\u0142ano 389 prac z Polski, Chin, Rosji, Ukrainy [&hellip;]<\/p>\n","protected":false},"author":1,"featured_media":11862,"comment_status":"closed","ping_status":"closed","sticky":false,"template":"","format":"standard","meta":{"footnotes":""},"categories":[108],"tags":[],"class_list":["post-11859","post","type-post","status-publish","format-standard","has-post-thumbnail","hentry","category-aktualnosci"],"yoast_head":"<!-- This site is optimized with the Yoast SEO plugin v16.1.1 - https:\/\/yoast.com\/wordpress\/plugins\/seo\/ -->\n<title>Marta Brz\u0119k zn\u00f3w nagrodzona :) - MDK<\/title>\n<link rel=\"canonical\" href=\"https:\/\/mdkoswiecim.pl\/index.php\/2020\/10\/13\/marta-brzek-znow-nagrodzona\/\" \/>\n<meta property=\"og:locale\" content=\"pl_PL\" \/>\n<meta property=\"og:type\" content=\"article\" \/>\n<meta property=\"og:title\" content=\"Marta Brz\u0119k zn\u00f3w nagrodzona :) - MDK\" \/>\n<meta property=\"og:description\" content=\"21 wrze\u015bnia b.r. O\u015bwi\u0119cimskie Centrum Kultury og\u0142osi\u0142o wyniki XIX Mi\u0119dzynarodowego Konkursu Plastycznego &#8220;Darujmy \u015bwiatu pok\u00f3j&#8221;. Marta Brz\u0119k, uczestniczka MDK-owskich zaj\u0119\u0107 &#8220;rysunek i malarstwo&#8221;, prowadzonych przez pani\u0105 El\u017cbiet\u0119 Wardza\u0142\u0119-Sere\u015b, zdoby\u0142a NAGROD\u0118 W KATEGORII WIEKOWEJ 14-16 LAT. Do udzia\u0142u w tegorocznej edycji konkursu, kt\u00f3ra tym razem odby\u0142a si\u0119 online, nades\u0142ano 389 prac z Polski, Chin, Rosji, Ukrainy [&hellip;]\" \/>\n<meta property=\"og:url\" content=\"https:\/\/mdkoswiecim.pl\/index.php\/2020\/10\/13\/marta-brzek-znow-nagrodzona\/\" \/>\n<meta property=\"og:site_name\" content=\"MDK\" \/>\n<meta property=\"article:published_time\" content=\"2020-10-13T11:12:38+00:00\" \/>\n<meta name=\"twitter:card\" content=\"summary_large_image\" \/>\n<meta name=\"twitter:label1\" content=\"Szacowany czas czytania\">\n\t<meta name=\"twitter:data1\" content=\"1 minuta\">\n<script type=\"application\/ld+json\" class=\"yoast-schema-graph\">{\"@context\":\"https:\/\/schema.org\",\"@graph\":[{\"@type\":\"WebSite\",\"@id\":\"https:\/\/mdkoswiecim.pl\/#website\",\"url\":\"https:\/\/mdkoswiecim.pl\/\",\"name\":\"MDK\",\"description\":\"M\\u0142odzie\\u017cowy Dom Kultury w O\\u015bwi\\u0119cimiu\",\"potentialAction\":[{\"@type\":\"SearchAction\",\"target\":\"https:\/\/mdkoswiecim.pl\/?s={search_term_string}\",\"query-input\":\"required name=search_term_string\"}],\"inLanguage\":\"pl-PL\"},{\"@type\":\"ImageObject\",\"@id\":\"https:\/\/mdkoswiecim.pl\/index.php\/2020\/10\/13\/marta-brzek-znow-nagrodzona\/#primaryimage\",\"inLanguage\":\"pl-PL\",\"url\":\"\",\"contentUrl\":\"\"},{\"@type\":\"WebPage\",\"@id\":\"https:\/\/mdkoswiecim.pl\/index.php\/2020\/10\/13\/marta-brzek-znow-nagrodzona\/#webpage\",\"url\":\"https:\/\/mdkoswiecim.pl\/index.php\/2020\/10\/13\/marta-brzek-znow-nagrodzona\/\",\"name\":\"Marta Brz\\u0119k zn\\u00f3w nagrodzona :) - MDK\",\"isPartOf\":{\"@id\":\"https:\/\/mdkoswiecim.pl\/#website\"},\"primaryImageOfPage\":{\"@id\":\"https:\/\/mdkoswiecim.pl\/index.php\/2020\/10\/13\/marta-brzek-znow-nagrodzona\/#primaryimage\"},\"datePublished\":\"2020-10-13T11:12:38+00:00\",\"dateModified\":\"2020-10-13T11:12:38+00:00\",\"author\":{\"@id\":\"https:\/\/mdkoswiecim.pl\/#\/schema\/person\/0e7cbc6adf0824f1eef81bd40fa6bd02\"},\"breadcrumb\":{\"@id\":\"https:\/\/mdkoswiecim.pl\/index.php\/2020\/10\/13\/marta-brzek-znow-nagrodzona\/#breadcrumb\"},\"inLanguage\":\"pl-PL\",\"potentialAction\":[{\"@type\":\"ReadAction\",\"target\":[\"https:\/\/mdkoswiecim.pl\/index.php\/2020\/10\/13\/marta-brzek-znow-nagrodzona\/\"]}]},{\"@type\":\"BreadcrumbList\",\"@id\":\"https:\/\/mdkoswiecim.pl\/index.php\/2020\/10\/13\/marta-brzek-znow-nagrodzona\/#breadcrumb\",\"itemListElement\":[{\"@type\":\"ListItem\",\"position\":1,\"item\":{\"@type\":\"WebPage\",\"@id\":\"https:\/\/mdkoswiecim.pl\/\",\"url\":\"https:\/\/mdkoswiecim.pl\/\",\"name\":\"Strona g\\u0142\\u00f3wna\"}},{\"@type\":\"ListItem\",\"position\":2,\"item\":{\"@type\":\"WebPage\",\"@id\":\"https:\/\/mdkoswiecim.pl\/index.php\/2020\/10\/13\/marta-brzek-znow-nagrodzona\/\",\"url\":\"https:\/\/mdkoswiecim.pl\/index.php\/2020\/10\/13\/marta-brzek-znow-nagrodzona\/\",\"name\":\"Marta Brz\\u0119k zn\\u00f3w nagrodzona :)\"}}]},{\"@type\":\"Person\",\"@id\":\"https:\/\/mdkoswiecim.pl\/#\/schema\/person\/0e7cbc6adf0824f1eef81bd40fa6bd02\",\"name\":\"administrator\",\"image\":{\"@type\":\"ImageObject\",\"@id\":\"https:\/\/mdkoswiecim.pl\/#personlogo\",\"inLanguage\":\"pl-PL\",\"url\":\"https:\/\/secure.gravatar.com\/avatar\/6e9d257abb087139c4a57fd62b4f5246da1ae07278ea0e7cb7b596051975afd6?s=96&d=mm&r=g\",\"contentUrl\":\"https:\/\/secure.gravatar.com\/avatar\/6e9d257abb087139c4a57fd62b4f5246da1ae07278ea0e7cb7b596051975afd6?s=96&d=mm&r=g\",\"caption\":\"administrator\"},\"sameAs\":[\"http:\/\/mdrncmp.webd.pro\/mdkfortest\"]}]}<\/script>\n<!-- \/ Yoast SEO plugin. -->","_links":{"self":[{"href":"https:\/\/mdkoswiecim.pl\/index.php\/wp-json\/wp\/v2\/posts\/11859","targetHints":{"allow":["GET"]}}],"collection":[{"href":"https:\/\/mdkoswiecim.pl\/index.php\/wp-json\/wp\/v2\/posts"}],"about":[{"href":"https:\/\/mdkoswiecim.pl\/index.php\/wp-json\/wp\/v2\/types\/post"}],"author":[{"embeddable":true,"href":"https:\/\/mdkoswiecim.pl\/index.php\/wp-json\/wp\/v2\/users\/1"}],"replies":[{"embeddable":true,"href":"https:\/\/mdkoswiecim.pl\/index.php\/wp-json\/wp\/v2\/comments?post=11859"}],"version-history":[{"count":0,"href":"https:\/\/mdkoswiecim.pl\/index.php\/wp-json\/wp\/v2\/posts\/11859\/revisions"}],"wp:featuredmedia":[{"embeddable":true,"href":"https:\/\/mdkoswiecim.pl\/index.php\/wp-json\/"}],"wp:attachment":[{"href":"https:\/\/mdkoswiecim.pl\/index.php\/wp-json\/wp\/v2\/media?parent=11859"}],"wp:term":[{"taxonomy":"category","embeddable":true,"href":"https:\/\/mdkoswiecim.pl\/index.php\/wp-json\/wp\/v2\/categories?post=11859"},{"taxonomy":"post_tag","embeddable":true,"href":"https:\/\/mdkoswiecim.pl\/index.php\/wp-json\/wp\/v2\/tags?post=11859"}],"curies":[{"name":"wp","href":"https:\/\/api.w.org\/{rel}","templated":true}]}}