{"id":11819,"date":"2020-10-12T09:31:11","date_gmt":"2020-10-12T07:31:11","guid":{"rendered":"http:\/\/mdkoswiecim.pl\/?p=11819"},"modified":"2021-02-14T13:57:03","modified_gmt":"2021-02-14T12:57:03","slug":"wolontariuszki-ani-i-khato-w-mdk","status":"publish","type":"post","link":"https:\/\/mdkoswiecim.pl\/index.php\/2020\/10\/12\/wolontariuszki-ani-i-khato-w-mdk\/","title":{"rendered":"WOLONTARIUSZKI ANI I KHATO W MDK"},"content":{"rendered":"\n<p>Od pocz\u0105tku pa\u017adziernika, dzi\u0119ki wsp\u00f3\u0142pracy z Fundacj\u0105 Rozwoju Spo\u0142ecze\u0144stwa Przedsi\u0119biorczego,, podczas zaj\u0119\u0107 plastycznych i teatralnych, naszym milusi\u0144skim towarzysz\u0105 dwie wolontariuszki. Ani wprowadza elementy terapii przez sztuk\u0119 w czasie zaj\u0119\u0107 plastycznych. Khato, specjalistka od ta\u0144ca gruzi\u0144skiego, zara\u017ca swoj\u0105 pasj\u0105 m\u0142odzie\u017c uczestnicz\u0105c\u0105 w zaj\u0119ciach teatralnych. <\/p>\n\n\n\n<p>Wi\u0119cej informacji o warsztatach oraz wolontariuszkach mo\u017cna znale\u017a\u0107 w linkach:<\/p>\n\n\n\n<p><a href=\"https:\/\/www.facebook.com\/fundacjarsp\/videos\/2449298152030711\">https:\/\/www.facebook.com\/fundacjarsp\/videos\/2449298152030711<\/a><\/p>\n\n\n\n<figure class=\"wp-block-embed is-type-link is-provider-volunteers-in-frsp\"><div class=\"wp-block-embed__wrapper\">\n<a href=\"https:\/\/voloinfrsp.wordpress.com\/2020\/10\/08\/a-day-in-youth-center\/\">A day in youth&nbsp;center<\/a>\n<\/div><\/figure>\n\n\n\n<figure class=\"wp-block-embed is-type-link is-provider-volunteers-in-frsp\"><div class=\"wp-block-embed__wrapper\">\n<a href=\"https:\/\/voloinfrsp.wordpress.com\/2020\/10\/07\/youth-workshops\/\">Youth Workshops<\/a>\n<\/div><\/figure>\n\n\n\n<figure class=\"wp-block-gallery columns-3 is-cropped wp-block-gallery-1 is-layout-flex wp-block-gallery-is-layout-flex\"><ul class=\"blocks-gallery-grid\"><li class=\"blocks-gallery-item\"><figure><img decoding=\"async\" src=\"https:\/\/mdkoswiecim.pl\/wp-content\/uploads\/2020\/10\/IMG-20201001-WA0001-1024x767.jpg\" alt=\"\" data-id=\"11820\" data-full-url=\"https:\/\/mdkoswiecim.pl\/wp-content\/uploads\/2020\/10\/IMG-20201001-WA0001.jpg\" data-link=\"https:\/\/mdkoswiecim.pl\/?attachment_id=11820\" class=\"wp-image-11820\"\/><figcaption class=\"blocks-gallery-item__caption\">Zaj\u0119cia plastyczne z wolontariuszkami<\/figcaption><\/figure><\/li><li class=\"blocks-gallery-item\"><figure><img decoding=\"async\" src=\"https:\/\/mdkoswiecim.pl\/wp-content\/uploads\/2020\/10\/IMG-20201001-WA0002-1024x767.jpg\" alt=\"\" data-id=\"11821\" data-full-url=\"https:\/\/mdkoswiecim.pl\/wp-content\/uploads\/2020\/10\/IMG-20201001-WA0002.jpg\" data-link=\"https:\/\/mdkoswiecim.pl\/?attachment_id=11821\" class=\"wp-image-11821\"\/><figcaption class=\"blocks-gallery-item__caption\">Zaj\u0119cia plastyczne z wolontariuszkami<\/figcaption><\/figure><\/li><li class=\"blocks-gallery-item\"><figure><img decoding=\"async\" src=\"https:\/\/mdkoswiecim.pl\/wp-content\/uploads\/2020\/10\/IMG-20201001-WA0003-1024x767.jpg\" alt=\"\" data-id=\"11822\" data-full-url=\"https:\/\/mdkoswiecim.pl\/wp-content\/uploads\/2020\/10\/IMG-20201001-WA0003.jpg\" data-link=\"https:\/\/mdkoswiecim.pl\/?attachment_id=11822\" class=\"wp-image-11822\"\/><figcaption class=\"blocks-gallery-item__caption\">Zaj\u0119cia plastyczne z wolontariuszkami<\/figcaption><\/figure><\/li><li class=\"blocks-gallery-item\"><figure><img decoding=\"async\" src=\"https:\/\/mdkoswiecim.pl\/wp-content\/uploads\/2020\/10\/IMG-20201001-WA0004-1024x767.jpg\" alt=\"\" data-id=\"11823\" data-full-url=\"https:\/\/mdkoswiecim.pl\/wp-content\/uploads\/2020\/10\/IMG-20201001-WA0004.jpg\" data-link=\"https:\/\/mdkoswiecim.pl\/?attachment_id=11823\" class=\"wp-image-11823\"\/><figcaption class=\"blocks-gallery-item__caption\">Zaj\u0119cia plastyczne z wolontariuszkami<\/figcaption><\/figure><\/li><li class=\"blocks-gallery-item\"><figure><img decoding=\"async\" src=\"https:\/\/mdkoswiecim.pl\/wp-content\/uploads\/2020\/10\/IMG-20201002-WA0000.jpg\" alt=\"\" data-id=\"11824\" data-full-url=\"https:\/\/mdkoswiecim.pl\/wp-content\/uploads\/2020\/10\/IMG-20201002-WA0000.jpg\" data-link=\"https:\/\/mdkoswiecim.pl\/?attachment_id=11824\" class=\"wp-image-11824\"\/><figcaption class=\"blocks-gallery-item__caption\">Zaj\u0119cia teatralne z wolontariuszkami<\/figcaption><\/figure><\/li><li class=\"blocks-gallery-item\"><figure><img decoding=\"async\" src=\"https:\/\/mdkoswiecim.pl\/wp-content\/uploads\/2020\/10\/IMG-20201002-WA0001.jpg\" alt=\"\" data-id=\"11825\" data-full-url=\"https:\/\/mdkoswiecim.pl\/wp-content\/uploads\/2020\/10\/IMG-20201002-WA0001.jpg\" data-link=\"https:\/\/mdkoswiecim.pl\/?attachment_id=11825\" class=\"wp-image-11825\"\/><figcaption class=\"blocks-gallery-item__caption\">Zaj\u0119cia teatralne z wolontariuszkami<\/figcaption><\/figure><\/li><li class=\"blocks-gallery-item\"><figure><img decoding=\"async\" src=\"https:\/\/mdkoswiecim.pl\/wp-content\/uploads\/2020\/10\/IMG-20201002-WA0003-1024x1001.jpg\" alt=\"\" data-id=\"11826\" data-full-url=\"https:\/\/mdkoswiecim.pl\/wp-content\/uploads\/2020\/10\/IMG-20201002-WA0003.jpg\" data-link=\"https:\/\/mdkoswiecim.pl\/?attachment_id=11826\" class=\"wp-image-11826\"\/><figcaption class=\"blocks-gallery-item__caption\">Zaj\u0119cia teatralne z wolontariuszkami<\/figcaption><\/figure><\/li><li class=\"blocks-gallery-item\"><figure><img decoding=\"async\" src=\"https:\/\/mdkoswiecim.pl\/wp-content\/uploads\/2020\/10\/IMG-20201002-WA0004-1024x768.jpg\" alt=\"\" data-id=\"11827\" data-full-url=\"https:\/\/mdkoswiecim.pl\/wp-content\/uploads\/2020\/10\/IMG-20201002-WA0004.jpg\" data-link=\"https:\/\/mdkoswiecim.pl\/?attachment_id=11827\" class=\"wp-image-11827\"\/><figcaption class=\"blocks-gallery-item__caption\">Zaj\u0119cia teatralne z wolontariuszkami<\/figcaption><\/figure><\/li><\/ul><\/figure>\n\n\n\n<figure class=\"wp-block-video\"><video controls src=\"https:\/\/mdkoswiecim.pl\/wp-content\/uploads\/2020\/10\/VID-20201002-WA0002.mp4\"><\/video><figcaption>Zaj\u0119cia teatralne z wolontariuszkami<\/figcaption><\/figure>\n","protected":false},"excerpt":{"rendered":"<p>Od pocz\u0105tku pa\u017adziernika, dzi\u0119ki wsp\u00f3\u0142pracy z Fundacj\u0105 Rozwoju Spo\u0142ecze\u0144stwa Przedsi\u0119biorczego,, podczas zaj\u0119\u0107 plastycznych i teatralnych, naszym milusi\u0144skim towarzysz\u0105 dwie wolontariuszki. Ani wprowadza elementy terapii przez sztuk\u0119 w czasie zaj\u0119\u0107 plastycznych. Khato, specjalistka od ta\u0144ca gruzi\u0144skiego, zara\u017ca swoj\u0105 pasj\u0105 m\u0142odzie\u017c uczestnicz\u0105c\u0105 w zaj\u0119ciach teatralnych. Wi\u0119cej informacji o warsztatach oraz wolontariuszkach mo\u017cna znale\u017a\u0107 w linkach: https:\/\/www.facebook.com\/fundacjarsp\/videos\/2449298152030711<\/p>\n","protected":false},"author":1,"featured_media":11830,"comment_status":"closed","ping_status":"closed","sticky":false,"template":"","format":"standard","meta":{"footnotes":""},"categories":[108],"tags":[],"class_list":["post-11819","post","type-post","status-publish","format-standard","has-post-thumbnail","hentry","category-aktualnosci"],"yoast_head":"<!-- This site is optimized with the Yoast SEO plugin v16.1.1 - https:\/\/yoast.com\/wordpress\/plugins\/seo\/ -->\n<title>WOLONTARIUSZKI ANI I KHATO W MDK - MDK<\/title>\n<link rel=\"canonical\" href=\"https:\/\/mdkoswiecim.pl\/index.php\/2020\/10\/12\/wolontariuszki-ani-i-khato-w-mdk\/\" \/>\n<meta property=\"og:locale\" content=\"pl_PL\" \/>\n<meta property=\"og:type\" content=\"article\" \/>\n<meta property=\"og:title\" content=\"WOLONTARIUSZKI ANI I KHATO W MDK - MDK\" \/>\n<meta property=\"og:description\" content=\"Od pocz\u0105tku pa\u017adziernika, dzi\u0119ki wsp\u00f3\u0142pracy z Fundacj\u0105 Rozwoju Spo\u0142ecze\u0144stwa Przedsi\u0119biorczego,, podczas zaj\u0119\u0107 plastycznych i teatralnych, naszym milusi\u0144skim towarzysz\u0105 dwie wolontariuszki. Ani wprowadza elementy terapii przez sztuk\u0119 w czasie zaj\u0119\u0107 plastycznych. Khato, specjalistka od ta\u0144ca gruzi\u0144skiego, zara\u017ca swoj\u0105 pasj\u0105 m\u0142odzie\u017c uczestnicz\u0105c\u0105 w zaj\u0119ciach teatralnych. Wi\u0119cej informacji o warsztatach oraz wolontariuszkach mo\u017cna znale\u017a\u0107 w linkach: https:\/\/www.facebook.com\/fundacjarsp\/videos\/2449298152030711\" \/>\n<meta property=\"og:url\" content=\"https:\/\/mdkoswiecim.pl\/index.php\/2020\/10\/12\/wolontariuszki-ani-i-khato-w-mdk\/\" \/>\n<meta property=\"og:site_name\" content=\"MDK\" \/>\n<meta property=\"article:published_time\" content=\"2020-10-12T07:31:11+00:00\" \/>\n<meta property=\"article:modified_time\" content=\"2021-02-14T12:57:03+00:00\" \/>\n<meta name=\"twitter:card\" content=\"summary_large_image\" \/>\n<meta name=\"twitter:label1\" content=\"Szacowany czas czytania\">\n\t<meta name=\"twitter:data1\" content=\"1 minuta\">\n<script type=\"application\/ld+json\" class=\"yoast-schema-graph\">{\"@context\":\"https:\/\/schema.org\",\"@graph\":[{\"@type\":\"WebSite\",\"@id\":\"https:\/\/mdkoswiecim.pl\/#website\",\"url\":\"https:\/\/mdkoswiecim.pl\/\",\"name\":\"MDK\",\"description\":\"M\\u0142odzie\\u017cowy Dom Kultury w O\\u015bwi\\u0119cimiu\",\"potentialAction\":[{\"@type\":\"SearchAction\",\"target\":\"https:\/\/mdkoswiecim.pl\/?s={search_term_string}\",\"query-input\":\"required name=search_term_string\"}],\"inLanguage\":\"pl-PL\"},{\"@type\":\"ImageObject\",\"@id\":\"https:\/\/mdkoswiecim.pl\/index.php\/2020\/10\/12\/wolontariuszki-ani-i-khato-w-mdk\/#primaryimage\",\"inLanguage\":\"pl-PL\",\"url\":\"\",\"contentUrl\":\"\"},{\"@type\":\"WebPage\",\"@id\":\"https:\/\/mdkoswiecim.pl\/index.php\/2020\/10\/12\/wolontariuszki-ani-i-khato-w-mdk\/#webpage\",\"url\":\"https:\/\/mdkoswiecim.pl\/index.php\/2020\/10\/12\/wolontariuszki-ani-i-khato-w-mdk\/\",\"name\":\"WOLONTARIUSZKI ANI I KHATO W MDK - MDK\",\"isPartOf\":{\"@id\":\"https:\/\/mdkoswiecim.pl\/#website\"},\"primaryImageOfPage\":{\"@id\":\"https:\/\/mdkoswiecim.pl\/index.php\/2020\/10\/12\/wolontariuszki-ani-i-khato-w-mdk\/#primaryimage\"},\"datePublished\":\"2020-10-12T07:31:11+00:00\",\"dateModified\":\"2021-02-14T12:57:03+00:00\",\"author\":{\"@id\":\"https:\/\/mdkoswiecim.pl\/#\/schema\/person\/0e7cbc6adf0824f1eef81bd40fa6bd02\"},\"breadcrumb\":{\"@id\":\"https:\/\/mdkoswiecim.pl\/index.php\/2020\/10\/12\/wolontariuszki-ani-i-khato-w-mdk\/#breadcrumb\"},\"inLanguage\":\"pl-PL\",\"potentialAction\":[{\"@type\":\"ReadAction\",\"target\":[\"https:\/\/mdkoswiecim.pl\/index.php\/2020\/10\/12\/wolontariuszki-ani-i-khato-w-mdk\/\"]}]},{\"@type\":\"BreadcrumbList\",\"@id\":\"https:\/\/mdkoswiecim.pl\/index.php\/2020\/10\/12\/wolontariuszki-ani-i-khato-w-mdk\/#breadcrumb\",\"itemListElement\":[{\"@type\":\"ListItem\",\"position\":1,\"item\":{\"@type\":\"WebPage\",\"@id\":\"https:\/\/mdkoswiecim.pl\/\",\"url\":\"https:\/\/mdkoswiecim.pl\/\",\"name\":\"Strona g\\u0142\\u00f3wna\"}},{\"@type\":\"ListItem\",\"position\":2,\"item\":{\"@type\":\"WebPage\",\"@id\":\"https:\/\/mdkoswiecim.pl\/index.php\/2020\/10\/12\/wolontariuszki-ani-i-khato-w-mdk\/\",\"url\":\"https:\/\/mdkoswiecim.pl\/index.php\/2020\/10\/12\/wolontariuszki-ani-i-khato-w-mdk\/\",\"name\":\"WOLONTARIUSZKI ANI I KHATO W MDK\"}}]},{\"@type\":\"Person\",\"@id\":\"https:\/\/mdkoswiecim.pl\/#\/schema\/person\/0e7cbc6adf0824f1eef81bd40fa6bd02\",\"name\":\"administrator\",\"image\":{\"@type\":\"ImageObject\",\"@id\":\"https:\/\/mdkoswiecim.pl\/#personlogo\",\"inLanguage\":\"pl-PL\",\"url\":\"https:\/\/secure.gravatar.com\/avatar\/6e9d257abb087139c4a57fd62b4f5246da1ae07278ea0e7cb7b596051975afd6?s=96&d=mm&r=g\",\"contentUrl\":\"https:\/\/secure.gravatar.com\/avatar\/6e9d257abb087139c4a57fd62b4f5246da1ae07278ea0e7cb7b596051975afd6?s=96&d=mm&r=g\",\"caption\":\"administrator\"},\"sameAs\":[\"http:\/\/mdrncmp.webd.pro\/mdkfortest\"]}]}<\/script>\n<!-- \/ Yoast SEO plugin. -->","_links":{"self":[{"href":"https:\/\/mdkoswiecim.pl\/index.php\/wp-json\/wp\/v2\/posts\/11819","targetHints":{"allow":["GET"]}}],"collection":[{"href":"https:\/\/mdkoswiecim.pl\/index.php\/wp-json\/wp\/v2\/posts"}],"about":[{"href":"https:\/\/mdkoswiecim.pl\/index.php\/wp-json\/wp\/v2\/types\/post"}],"author":[{"embeddable":true,"href":"https:\/\/mdkoswiecim.pl\/index.php\/wp-json\/wp\/v2\/users\/1"}],"replies":[{"embeddable":true,"href":"https:\/\/mdkoswiecim.pl\/index.php\/wp-json\/wp\/v2\/comments?post=11819"}],"version-history":[{"count":1,"href":"https:\/\/mdkoswiecim.pl\/index.php\/wp-json\/wp\/v2\/posts\/11819\/revisions"}],"predecessor-version":[{"id":12504,"href":"https:\/\/mdkoswiecim.pl\/index.php\/wp-json\/wp\/v2\/posts\/11819\/revisions\/12504"}],"wp:featuredmedia":[{"embeddable":true,"href":"https:\/\/mdkoswiecim.pl\/index.php\/wp-json\/"}],"wp:attachment":[{"href":"https:\/\/mdkoswiecim.pl\/index.php\/wp-json\/wp\/v2\/media?parent=11819"}],"wp:term":[{"taxonomy":"category","embeddable":true,"href":"https:\/\/mdkoswiecim.pl\/index.php\/wp-json\/wp\/v2\/categories?post=11819"},{"taxonomy":"post_tag","embeddable":true,"href":"https:\/\/mdkoswiecim.pl\/index.php\/wp-json\/wp\/v2\/tags?post=11819"}],"curies":[{"name":"wp","href":"https:\/\/api.w.org\/{rel}","templated":true}]}}