{"id":11781,"date":"2020-10-09T09:07:20","date_gmt":"2020-10-09T07:07:20","guid":{"rendered":"http:\/\/mdkoswiecim.pl\/?p=11781"},"modified":"2020-10-09T09:07:20","modified_gmt":"2020-10-09T07:07:20","slug":"ogloszenie-rady-rodzicow","status":"publish","type":"post","link":"https:\/\/mdkoswiecim.pl\/index.php\/2020\/10\/09\/ogloszenie-rady-rodzicow\/","title":{"rendered":"OG\u0141OSZENIE RADY RODZIC\u00d3W"},"content":{"rendered":"\n<p>Szanowni Rodzice!<br>Rada Rodzic\u00f3w M\u0142odzie\u017cowego Domu Kultury w O\u015bwi\u0119cimiu zwraca si\u0119 z ogromn\u0105 pro\u015bb\u0105 o dokonanie wp\u0142aty na tzw. \u201eKomitet Rodzicielski\u201d.<br><strong>Sk\u0142adka wynosi 50 z\u0142 za semestr .<\/strong><br>P\u0142atno\u015bci mo\u017cna dokona\u0107 na konto Rady Rodzic\u00f3w:<br><strong>odbiorca: Rada Rodzic\u00f3w M\u0142odzie\u017cowego Domu Kultury w O\u015bwi\u0119cimiu<br>nr konta: 39 1240 1170 1111 0010 0093 3183<\/strong><br><strong>tytu\u0142 wp\u0142aty: komitet rodzicielski, imi\u0119 i nazwisko dziecka, sekcja.<\/strong><br>Jednocze\u015bnie pragniemy poinformowa\u0107, \u017ce wp\u0142acane przez Pa\u0144stwa pieni\u0105dze wracaj\u0105 do Waszych dzieci w postaci finansowania imprez dla uczestnik\u00f3w sekcji MDK, zakupu wody dost\u0119pnej na korytarzu, materia\u0142\u00f3w i pomocy do zaj\u0119\u0107, nagr\u00f3d, itp.<br>Licz\u0105c na zrozumienie Pa\u0144stwa i ufaj\u0105c w poczucie odpowiedzialno\u015bci, raz jeszcze uprzejmie prosimy i z g\u00f3ry dzi\u0119kujemy za dokonywanie wp\u0142at.<\/p>\n\n\n\n<p>PRZYPOMINAMY R\u00d3WNIE\u017b, \u017bE OP\u0141ATA ZA WYPO\u017bYCZENIE INSTRUMENTU WYNOSI <strong>10 Z\u0141 ZA MIESI\u0104C<\/strong>. W PRZYPADKU NIEUREGULOWANIA NALE\u017bNO\u015aCI, OSOBA WYPO\u017bYCZAJ\u0104CA JEST ZOBOWI\u0104ZANA DO ZWR\u00d3CENIA INSTRUMENTU. WP\u0141AT NALE\u017bY DOKONYWA\u0106 NA KONTO RADY RODZIC\u00d3W. COMIESI\u0118CZNE ZESTAWIENIE WP\u0141AT ZOSTANIE PRZEKAZANE PRZEZ SKARBNIKA RR DO SEKRETARIATU MDK.<br><\/p>\n\n\n\n<p class=\"has-text-align-right\"><em>Rada Rodzic\u00f3w przy MDK w O\u015bwi\u0119cimiu<\/em><\/p>\n","protected":false},"excerpt":{"rendered":"<p>Szanowni Rodzice!Rada Rodzic\u00f3w M\u0142odzie\u017cowego Domu Kultury w O\u015bwi\u0119cimiu zwraca si\u0119 z ogromn\u0105 pro\u015bb\u0105 o dokonanie wp\u0142aty na tzw. \u201eKomitet Rodzicielski\u201d.Sk\u0142adka wynosi 50 z\u0142 za semestr .P\u0142atno\u015bci mo\u017cna dokona\u0107 na konto Rady Rodzic\u00f3w:odbiorca: Rada Rodzic\u00f3w M\u0142odzie\u017cowego Domu Kultury w O\u015bwi\u0119cimiunr konta: 39 1240 1170 1111 0010 0093 3183tytu\u0142 wp\u0142aty: komitet rodzicielski, imi\u0119 i nazwisko dziecka, sekcja.Jednocze\u015bnie [&hellip;]<\/p>\n","protected":false},"author":1,"featured_media":4952,"comment_status":"closed","ping_status":"closed","sticky":false,"template":"","format":"standard","meta":{"footnotes":""},"categories":[108],"tags":[],"class_list":["post-11781","post","type-post","status-publish","format-standard","has-post-thumbnail","hentry","category-aktualnosci"],"yoast_head":"<!-- This site is optimized with the Yoast SEO plugin v16.1.1 - https:\/\/yoast.com\/wordpress\/plugins\/seo\/ -->\n<title>OG\u0141OSZENIE RADY RODZIC\u00d3W - MDK<\/title>\n<link rel=\"canonical\" href=\"https:\/\/mdkoswiecim.pl\/index.php\/2020\/10\/09\/ogloszenie-rady-rodzicow\/\" \/>\n<meta property=\"og:locale\" content=\"pl_PL\" \/>\n<meta property=\"og:type\" content=\"article\" \/>\n<meta property=\"og:title\" content=\"OG\u0141OSZENIE RADY RODZIC\u00d3W - MDK\" \/>\n<meta property=\"og:description\" content=\"Szanowni Rodzice!Rada Rodzic\u00f3w M\u0142odzie\u017cowego Domu Kultury w O\u015bwi\u0119cimiu zwraca si\u0119 z ogromn\u0105 pro\u015bb\u0105 o dokonanie wp\u0142aty na tzw. \u201eKomitet Rodzicielski\u201d.Sk\u0142adka wynosi 50 z\u0142 za semestr .P\u0142atno\u015bci mo\u017cna dokona\u0107 na konto Rady Rodzic\u00f3w:odbiorca: Rada Rodzic\u00f3w M\u0142odzie\u017cowego Domu Kultury w O\u015bwi\u0119cimiunr konta: 39 1240 1170 1111 0010 0093 3183tytu\u0142 wp\u0142aty: komitet rodzicielski, imi\u0119 i nazwisko dziecka, sekcja.Jednocze\u015bnie [&hellip;]\" \/>\n<meta property=\"og:url\" content=\"https:\/\/mdkoswiecim.pl\/index.php\/2020\/10\/09\/ogloszenie-rady-rodzicow\/\" \/>\n<meta property=\"og:site_name\" content=\"MDK\" \/>\n<meta property=\"article:published_time\" content=\"2020-10-09T07:07:20+00:00\" \/>\n<meta name=\"twitter:card\" content=\"summary_large_image\" \/>\n<meta name=\"twitter:label1\" content=\"Szacowany czas czytania\">\n\t<meta name=\"twitter:data1\" content=\"1 minuta\">\n<script type=\"application\/ld+json\" class=\"yoast-schema-graph\">{\"@context\":\"https:\/\/schema.org\",\"@graph\":[{\"@type\":\"WebSite\",\"@id\":\"https:\/\/mdkoswiecim.pl\/#website\",\"url\":\"https:\/\/mdkoswiecim.pl\/\",\"name\":\"MDK\",\"description\":\"M\\u0142odzie\\u017cowy Dom Kultury w O\\u015bwi\\u0119cimiu\",\"potentialAction\":[{\"@type\":\"SearchAction\",\"target\":\"https:\/\/mdkoswiecim.pl\/?s={search_term_string}\",\"query-input\":\"required name=search_term_string\"}],\"inLanguage\":\"pl-PL\"},{\"@type\":\"ImageObject\",\"@id\":\"https:\/\/mdkoswiecim.pl\/index.php\/2020\/10\/09\/ogloszenie-rady-rodzicow\/#primaryimage\",\"inLanguage\":\"pl-PL\",\"url\":\"\",\"contentUrl\":\"\"},{\"@type\":\"WebPage\",\"@id\":\"https:\/\/mdkoswiecim.pl\/index.php\/2020\/10\/09\/ogloszenie-rady-rodzicow\/#webpage\",\"url\":\"https:\/\/mdkoswiecim.pl\/index.php\/2020\/10\/09\/ogloszenie-rady-rodzicow\/\",\"name\":\"OG\\u0141OSZENIE RADY RODZIC\\u00d3W - MDK\",\"isPartOf\":{\"@id\":\"https:\/\/mdkoswiecim.pl\/#website\"},\"primaryImageOfPage\":{\"@id\":\"https:\/\/mdkoswiecim.pl\/index.php\/2020\/10\/09\/ogloszenie-rady-rodzicow\/#primaryimage\"},\"datePublished\":\"2020-10-09T07:07:20+00:00\",\"dateModified\":\"2020-10-09T07:07:20+00:00\",\"author\":{\"@id\":\"https:\/\/mdkoswiecim.pl\/#\/schema\/person\/0e7cbc6adf0824f1eef81bd40fa6bd02\"},\"breadcrumb\":{\"@id\":\"https:\/\/mdkoswiecim.pl\/index.php\/2020\/10\/09\/ogloszenie-rady-rodzicow\/#breadcrumb\"},\"inLanguage\":\"pl-PL\",\"potentialAction\":[{\"@type\":\"ReadAction\",\"target\":[\"https:\/\/mdkoswiecim.pl\/index.php\/2020\/10\/09\/ogloszenie-rady-rodzicow\/\"]}]},{\"@type\":\"BreadcrumbList\",\"@id\":\"https:\/\/mdkoswiecim.pl\/index.php\/2020\/10\/09\/ogloszenie-rady-rodzicow\/#breadcrumb\",\"itemListElement\":[{\"@type\":\"ListItem\",\"position\":1,\"item\":{\"@type\":\"WebPage\",\"@id\":\"https:\/\/mdkoswiecim.pl\/\",\"url\":\"https:\/\/mdkoswiecim.pl\/\",\"name\":\"Strona g\\u0142\\u00f3wna\"}},{\"@type\":\"ListItem\",\"position\":2,\"item\":{\"@type\":\"WebPage\",\"@id\":\"https:\/\/mdkoswiecim.pl\/index.php\/2020\/10\/09\/ogloszenie-rady-rodzicow\/\",\"url\":\"https:\/\/mdkoswiecim.pl\/index.php\/2020\/10\/09\/ogloszenie-rady-rodzicow\/\",\"name\":\"OG\\u0141OSZENIE RADY RODZIC\\u00d3W\"}}]},{\"@type\":\"Person\",\"@id\":\"https:\/\/mdkoswiecim.pl\/#\/schema\/person\/0e7cbc6adf0824f1eef81bd40fa6bd02\",\"name\":\"administrator\",\"image\":{\"@type\":\"ImageObject\",\"@id\":\"https:\/\/mdkoswiecim.pl\/#personlogo\",\"inLanguage\":\"pl-PL\",\"url\":\"https:\/\/secure.gravatar.com\/avatar\/6e9d257abb087139c4a57fd62b4f5246da1ae07278ea0e7cb7b596051975afd6?s=96&d=mm&r=g\",\"contentUrl\":\"https:\/\/secure.gravatar.com\/avatar\/6e9d257abb087139c4a57fd62b4f5246da1ae07278ea0e7cb7b596051975afd6?s=96&d=mm&r=g\",\"caption\":\"administrator\"},\"sameAs\":[\"http:\/\/mdrncmp.webd.pro\/mdkfortest\"]}]}<\/script>\n<!-- \/ Yoast SEO plugin. -->","_links":{"self":[{"href":"https:\/\/mdkoswiecim.pl\/index.php\/wp-json\/wp\/v2\/posts\/11781","targetHints":{"allow":["GET"]}}],"collection":[{"href":"https:\/\/mdkoswiecim.pl\/index.php\/wp-json\/wp\/v2\/posts"}],"about":[{"href":"https:\/\/mdkoswiecim.pl\/index.php\/wp-json\/wp\/v2\/types\/post"}],"author":[{"embeddable":true,"href":"https:\/\/mdkoswiecim.pl\/index.php\/wp-json\/wp\/v2\/users\/1"}],"replies":[{"embeddable":true,"href":"https:\/\/mdkoswiecim.pl\/index.php\/wp-json\/wp\/v2\/comments?post=11781"}],"version-history":[{"count":0,"href":"https:\/\/mdkoswiecim.pl\/index.php\/wp-json\/wp\/v2\/posts\/11781\/revisions"}],"wp:featuredmedia":[{"embeddable":true,"href":"https:\/\/mdkoswiecim.pl\/index.php\/wp-json\/"}],"wp:attachment":[{"href":"https:\/\/mdkoswiecim.pl\/index.php\/wp-json\/wp\/v2\/media?parent=11781"}],"wp:term":[{"taxonomy":"category","embeddable":true,"href":"https:\/\/mdkoswiecim.pl\/index.php\/wp-json\/wp\/v2\/categories?post=11781"},{"taxonomy":"post_tag","embeddable":true,"href":"https:\/\/mdkoswiecim.pl\/index.php\/wp-json\/wp\/v2\/tags?post=11781"}],"curies":[{"name":"wp","href":"https:\/\/api.w.org\/{rel}","templated":true}]}}