{"id":11741,"date":"2020-10-05T13:15:05","date_gmt":"2020-10-05T11:15:05","guid":{"rendered":"http:\/\/mdkoswiecim.pl\/?p=11741"},"modified":"2020-10-05T13:15:05","modified_gmt":"2020-10-05T11:15:05","slug":"ekoaktywni-2020","status":"publish","type":"post","link":"https:\/\/mdkoswiecim.pl\/index.php\/2020\/10\/05\/ekoaktywni-2020\/","title":{"rendered":"EKOaktywni na Babiej G\u00f3rze"},"content":{"rendered":"\n<p>Mimo przeciwno\u015bci losu uda\u0142o si\u0119 w ko\u0144cu zorganizowa\u0107 wyjazd EKOaktywnych. Silna grupa uczni\u00f3w powiatowych szk\u00f3\u0142 \u015brednich wybra\u0142a si\u0119 na Babi\u0105 G\u00f3r\u0119 trudnym, a zarazem najpi\u0119kniejszym szlakiem w Beskidach. Przeszli\u015bmy tylko 13 km. ale 1050 m. przewy\u017cszenia. Mimo bardzo silnego wiatru, du\u017cej ilo\u015bci potu i zm\u0119czenia, wszyscy zadowoleni pi\u0119knymi widokami wr\u00f3cili do dom\u00f3w.<\/p>\n\n\n\n<figure class=\"wp-block-gallery columns-5 is-cropped wp-block-gallery-1 is-layout-flex wp-block-gallery-is-layout-flex\"><ul class=\"blocks-gallery-grid\"><li class=\"blocks-gallery-item\"><figure><a href=\"https:\/\/mdkoswiecim.pl\/wp-content\/uploads\/2020\/10\/DSCN7323-1024x768.jpg\"><img decoding=\"async\" src=\"https:\/\/mdkoswiecim.pl\/wp-content\/uploads\/2020\/10\/DSCN7323-1024x768.jpg\" alt=\"\" data-id=\"11742\" data-link=\"https:\/\/mdkoswiecim.pl\/?attachment_id=11742\" class=\"wp-image-11742\"\/><\/a><figcaption class=\"blocks-gallery-item__caption\">EKOaktywni na Babiej G\u00f3rze<\/figcaption><\/figure><\/li><li class=\"blocks-gallery-item\"><figure><a href=\"https:\/\/mdkoswiecim.pl\/wp-content\/uploads\/2020\/10\/DSCN7325-1024x768.jpg\"><img decoding=\"async\" src=\"https:\/\/mdkoswiecim.pl\/wp-content\/uploads\/2020\/10\/DSCN7325-1024x768.jpg\" alt=\"\" data-id=\"11743\" data-link=\"https:\/\/mdkoswiecim.pl\/?attachment_id=11743\" class=\"wp-image-11743\"\/><\/a><figcaption class=\"blocks-gallery-item__caption\">EKOaktywni na Babiej G\u00f3rze<\/figcaption><\/figure><\/li><li class=\"blocks-gallery-item\"><figure><a href=\"https:\/\/mdkoswiecim.pl\/wp-content\/uploads\/2020\/10\/DSCN7327-1024x768.jpg\"><img decoding=\"async\" src=\"https:\/\/mdkoswiecim.pl\/wp-content\/uploads\/2020\/10\/DSCN7327-1024x768.jpg\" alt=\"\" data-id=\"11744\" data-link=\"https:\/\/mdkoswiecim.pl\/?attachment_id=11744\" class=\"wp-image-11744\"\/><\/a><figcaption class=\"blocks-gallery-item__caption\">EKOaktywni na Babiej G\u00f3rze<\/figcaption><\/figure><\/li><li class=\"blocks-gallery-item\"><figure><a href=\"https:\/\/mdkoswiecim.pl\/wp-content\/uploads\/2020\/10\/DSCN7328-1024x768.jpg\"><img decoding=\"async\" src=\"https:\/\/mdkoswiecim.pl\/wp-content\/uploads\/2020\/10\/DSCN7328-1024x768.jpg\" alt=\"\" data-id=\"11745\" data-link=\"https:\/\/mdkoswiecim.pl\/?attachment_id=11745\" class=\"wp-image-11745\"\/><\/a><figcaption class=\"blocks-gallery-item__caption\">EKOaktywni na Babiej G\u00f3rze<\/figcaption><\/figure><\/li><li class=\"blocks-gallery-item\"><figure><a href=\"https:\/\/mdkoswiecim.pl\/wp-content\/uploads\/2020\/10\/DSCN7331-1024x768.jpg\"><img decoding=\"async\" src=\"https:\/\/mdkoswiecim.pl\/wp-content\/uploads\/2020\/10\/DSCN7331-1024x768.jpg\" alt=\"\" data-id=\"11746\" data-link=\"https:\/\/mdkoswiecim.pl\/?attachment_id=11746\" class=\"wp-image-11746\"\/><\/a><figcaption class=\"blocks-gallery-item__caption\">EKOaktywni na Babiej G\u00f3rze<\/figcaption><\/figure><\/li><li class=\"blocks-gallery-item\"><figure><a href=\"https:\/\/mdkoswiecim.pl\/wp-content\/uploads\/2020\/10\/20201003_100942-scaled.jpg\"><img decoding=\"async\" src=\"https:\/\/mdkoswiecim.pl\/wp-content\/uploads\/2020\/10\/20201003_100942-1024x473.jpg\" alt=\"\" data-id=\"11747\" data-full-url=\"https:\/\/mdkoswiecim.pl\/wp-content\/uploads\/2020\/10\/20201003_100942-scaled.jpg\" data-link=\"https:\/\/mdkoswiecim.pl\/?attachment_id=11747\" class=\"wp-image-11747\"\/><\/a><figcaption class=\"blocks-gallery-item__caption\">EKOaktywni na Babiej G\u00f3rze<\/figcaption><\/figure><\/li><li class=\"blocks-gallery-item\"><figure><a href=\"https:\/\/mdkoswiecim.pl\/wp-content\/uploads\/2020\/10\/20201003_121312-scaled.jpg\"><img decoding=\"async\" src=\"https:\/\/mdkoswiecim.pl\/wp-content\/uploads\/2020\/10\/20201003_121312-1024x768.jpg\" alt=\"\" data-id=\"11748\" data-full-url=\"https:\/\/mdkoswiecim.pl\/wp-content\/uploads\/2020\/10\/20201003_121312-scaled.jpg\" data-link=\"https:\/\/mdkoswiecim.pl\/?attachment_id=11748\" class=\"wp-image-11748\"\/><\/a><figcaption class=\"blocks-gallery-item__caption\">EKOaktywni na Babiej G\u00f3rze<\/figcaption><\/figure><\/li><li class=\"blocks-gallery-item\"><figure><a href=\"https:\/\/mdkoswiecim.pl\/wp-content\/uploads\/2020\/10\/20201003_125008-scaled.jpg\"><img decoding=\"async\" src=\"https:\/\/mdkoswiecim.pl\/wp-content\/uploads\/2020\/10\/20201003_125008-1024x473.jpg\" alt=\"\" data-id=\"11749\" data-full-url=\"https:\/\/mdkoswiecim.pl\/wp-content\/uploads\/2020\/10\/20201003_125008-scaled.jpg\" data-link=\"https:\/\/mdkoswiecim.pl\/?attachment_id=11749\" class=\"wp-image-11749\"\/><\/a><figcaption class=\"blocks-gallery-item__caption\">EKOaktywni na Babiej G\u00f3rze<\/figcaption><\/figure><\/li><li class=\"blocks-gallery-item\"><figure><a href=\"https:\/\/mdkoswiecim.pl\/wp-content\/uploads\/2020\/10\/20201003_131239-scaled.jpg\"><img decoding=\"async\" src=\"https:\/\/mdkoswiecim.pl\/wp-content\/uploads\/2020\/10\/20201003_131239-1024x473.jpg\" alt=\"\" data-id=\"11751\" data-full-url=\"https:\/\/mdkoswiecim.pl\/wp-content\/uploads\/2020\/10\/20201003_131239-scaled.jpg\" data-link=\"https:\/\/mdkoswiecim.pl\/?attachment_id=11751\" class=\"wp-image-11751\"\/><\/a><figcaption class=\"blocks-gallery-item__caption\">EKOaktywni na Babiej G\u00f3rze<\/figcaption><\/figure><\/li><li class=\"blocks-gallery-item\"><figure><a href=\"https:\/\/mdkoswiecim.pl\/wp-content\/uploads\/2020\/10\/20201003_145512-scaled.jpg\"><img decoding=\"async\" src=\"https:\/\/mdkoswiecim.pl\/wp-content\/uploads\/2020\/10\/20201003_145512-1024x473.jpg\" alt=\"\" data-id=\"11752\" data-full-url=\"https:\/\/mdkoswiecim.pl\/wp-content\/uploads\/2020\/10\/20201003_145512-scaled.jpg\" data-link=\"https:\/\/mdkoswiecim.pl\/?attachment_id=11752\" class=\"wp-image-11752\"\/><\/a><figcaption class=\"blocks-gallery-item__caption\">EKOaktywni na Babiej G\u00f3rze<\/figcaption><\/figure><\/li><li class=\"blocks-gallery-item\"><figure><a href=\"https:\/\/mdkoswiecim.pl\/wp-content\/uploads\/2020\/10\/20201003_181316-scaled.jpg\"><img decoding=\"async\" src=\"https:\/\/mdkoswiecim.pl\/wp-content\/uploads\/2020\/10\/20201003_181316-1024x460.jpg\" alt=\"\" data-id=\"11753\" data-full-url=\"https:\/\/mdkoswiecim.pl\/wp-content\/uploads\/2020\/10\/20201003_181316-scaled.jpg\" data-link=\"https:\/\/mdkoswiecim.pl\/?attachment_id=11753\" class=\"wp-image-11753\"\/><\/a><figcaption class=\"blocks-gallery-item__caption\">EKOaktywni na Babiej G\u00f3rze<\/figcaption><\/figure><\/li><li class=\"blocks-gallery-item\"><figure><a href=\"https:\/\/mdkoswiecim.pl\/wp-content\/uploads\/2020\/10\/20201003_181337-scaled.jpg\"><img decoding=\"async\" src=\"https:\/\/mdkoswiecim.pl\/wp-content\/uploads\/2020\/10\/20201003_181337-1024x532.jpg\" alt=\"\" data-id=\"11754\" data-full-url=\"https:\/\/mdkoswiecim.pl\/wp-content\/uploads\/2020\/10\/20201003_181337-scaled.jpg\" data-link=\"https:\/\/mdkoswiecim.pl\/?attachment_id=11754\" class=\"wp-image-11754\"\/><\/a><figcaption class=\"blocks-gallery-item__caption\">EKOaktywni na Babiej G\u00f3rze<\/figcaption><\/figure><\/li><li class=\"blocks-gallery-item\"><figure><a href=\"https:\/\/mdkoswiecim.pl\/wp-content\/uploads\/2020\/10\/DSCN7317-scaled.jpg\"><img decoding=\"async\" src=\"https:\/\/mdkoswiecim.pl\/wp-content\/uploads\/2020\/10\/DSCN7317-1024x768.jpg\" alt=\"\" data-id=\"11755\" data-full-url=\"https:\/\/mdkoswiecim.pl\/wp-content\/uploads\/2020\/10\/DSCN7317-scaled.jpg\" data-link=\"https:\/\/mdkoswiecim.pl\/?attachment_id=11755\" class=\"wp-image-11755\"\/><\/a><figcaption class=\"blocks-gallery-item__caption\">EKOaktywni na Babiej G\u00f3rze<\/figcaption><\/figure><\/li><li class=\"blocks-gallery-item\"><figure><a href=\"https:\/\/mdkoswiecim.pl\/wp-content\/uploads\/2020\/10\/DSCN7318-scaled.jpg\"><img decoding=\"async\" src=\"https:\/\/mdkoswiecim.pl\/wp-content\/uploads\/2020\/10\/DSCN7318-1024x768.jpg\" alt=\"\" data-id=\"11756\" data-full-url=\"https:\/\/mdkoswiecim.pl\/wp-content\/uploads\/2020\/10\/DSCN7318-scaled.jpg\" data-link=\"https:\/\/mdkoswiecim.pl\/?attachment_id=11756\" class=\"wp-image-11756\"\/><\/a><figcaption class=\"blocks-gallery-item__caption\">EKOaktywni na Babiej G\u00f3rze<\/figcaption><\/figure><\/li><li class=\"blocks-gallery-item\"><figure><a href=\"https:\/\/mdkoswiecim.pl\/wp-content\/uploads\/2020\/10\/DSCN7321-scaled.jpg\"><img decoding=\"async\" src=\"https:\/\/mdkoswiecim.pl\/wp-content\/uploads\/2020\/10\/DSCN7321-1024x768.jpg\" alt=\"\" data-id=\"11757\" data-full-url=\"https:\/\/mdkoswiecim.pl\/wp-content\/uploads\/2020\/10\/DSCN7321-scaled.jpg\" data-link=\"https:\/\/mdkoswiecim.pl\/?attachment_id=11757\" class=\"wp-image-11757\"\/><\/a><figcaption class=\"blocks-gallery-item__caption\">EKOaktywni na Babiej G\u00f3rze<\/figcaption><\/figure><\/li><li class=\"blocks-gallery-item\"><figure><a href=\"https:\/\/mdkoswiecim.pl\/wp-content\/uploads\/2020\/10\/DSCN7322-scaled.jpg\"><img decoding=\"async\" src=\"https:\/\/mdkoswiecim.pl\/wp-content\/uploads\/2020\/10\/DSCN7322-1024x768.jpg\" alt=\"\" data-id=\"11758\" data-full-url=\"https:\/\/mdkoswiecim.pl\/wp-content\/uploads\/2020\/10\/DSCN7322-scaled.jpg\" data-link=\"https:\/\/mdkoswiecim.pl\/?attachment_id=11758\" class=\"wp-image-11758\"\/><\/a><figcaption class=\"blocks-gallery-item__caption\">EKOaktywni na Babiej G\u00f3rze<\/figcaption><\/figure><\/li><\/ul><\/figure>\n","protected":false},"excerpt":{"rendered":"<p>Mimo przeciwno\u015bci losu uda\u0142o si\u0119 w ko\u0144cu zorganizowa\u0107 wyjazd EKOaktywnych. Silna grupa uczni\u00f3w powiatowych szk\u00f3\u0142 \u015brednich wybra\u0142a si\u0119 na Babi\u0105 G\u00f3r\u0119 trudnym, a zarazem najpi\u0119kniejszym szlakiem w Beskidach. Przeszli\u015bmy tylko 13 km. ale 1050 m. przewy\u017cszenia. Mimo bardzo silnego wiatru, du\u017cej ilo\u015bci potu i zm\u0119czenia, wszyscy zadowoleni pi\u0119knymi widokami wr\u00f3cili do dom\u00f3w.<\/p>\n","protected":false},"author":1,"featured_media":11750,"comment_status":"closed","ping_status":"closed","sticky":false,"template":"","format":"standard","meta":{"footnotes":""},"categories":[108],"tags":[],"class_list":["post-11741","post","type-post","status-publish","format-standard","has-post-thumbnail","hentry","category-aktualnosci"],"yoast_head":"<!-- This site is optimized with the Yoast SEO plugin v16.1.1 - https:\/\/yoast.com\/wordpress\/plugins\/seo\/ -->\n<title>EKOaktywni na Babiej G\u00f3rze - MDK<\/title>\n<link rel=\"canonical\" href=\"https:\/\/mdkoswiecim.pl\/index.php\/2020\/10\/05\/ekoaktywni-2020\/\" \/>\n<meta property=\"og:locale\" content=\"pl_PL\" \/>\n<meta property=\"og:type\" content=\"article\" \/>\n<meta property=\"og:title\" content=\"EKOaktywni na Babiej G\u00f3rze - MDK\" \/>\n<meta property=\"og:description\" content=\"Mimo przeciwno\u015bci losu uda\u0142o si\u0119 w ko\u0144cu zorganizowa\u0107 wyjazd EKOaktywnych. Silna grupa uczni\u00f3w powiatowych szk\u00f3\u0142 \u015brednich wybra\u0142a si\u0119 na Babi\u0105 G\u00f3r\u0119 trudnym, a zarazem najpi\u0119kniejszym szlakiem w Beskidach. Przeszli\u015bmy tylko 13 km. ale 1050 m. przewy\u017cszenia. Mimo bardzo silnego wiatru, du\u017cej ilo\u015bci potu i zm\u0119czenia, wszyscy zadowoleni pi\u0119knymi widokami wr\u00f3cili do dom\u00f3w.\" \/>\n<meta property=\"og:url\" content=\"https:\/\/mdkoswiecim.pl\/index.php\/2020\/10\/05\/ekoaktywni-2020\/\" \/>\n<meta property=\"og:site_name\" content=\"MDK\" \/>\n<meta property=\"article:published_time\" content=\"2020-10-05T11:15:05+00:00\" \/>\n<meta name=\"twitter:card\" content=\"summary_large_image\" \/>\n<meta name=\"twitter:label1\" content=\"Szacowany czas czytania\">\n\t<meta name=\"twitter:data1\" content=\"1 minuta\">\n<script type=\"application\/ld+json\" class=\"yoast-schema-graph\">{\"@context\":\"https:\/\/schema.org\",\"@graph\":[{\"@type\":\"WebSite\",\"@id\":\"https:\/\/mdkoswiecim.pl\/#website\",\"url\":\"https:\/\/mdkoswiecim.pl\/\",\"name\":\"MDK\",\"description\":\"M\\u0142odzie\\u017cowy Dom Kultury w O\\u015bwi\\u0119cimiu\",\"potentialAction\":[{\"@type\":\"SearchAction\",\"target\":\"https:\/\/mdkoswiecim.pl\/?s={search_term_string}\",\"query-input\":\"required name=search_term_string\"}],\"inLanguage\":\"pl-PL\"},{\"@type\":\"ImageObject\",\"@id\":\"https:\/\/mdkoswiecim.pl\/index.php\/2020\/10\/05\/ekoaktywni-2020\/#primaryimage\",\"inLanguage\":\"pl-PL\",\"url\":\"\",\"contentUrl\":\"\"},{\"@type\":\"WebPage\",\"@id\":\"https:\/\/mdkoswiecim.pl\/index.php\/2020\/10\/05\/ekoaktywni-2020\/#webpage\",\"url\":\"https:\/\/mdkoswiecim.pl\/index.php\/2020\/10\/05\/ekoaktywni-2020\/\",\"name\":\"EKOaktywni na Babiej G\\u00f3rze - MDK\",\"isPartOf\":{\"@id\":\"https:\/\/mdkoswiecim.pl\/#website\"},\"primaryImageOfPage\":{\"@id\":\"https:\/\/mdkoswiecim.pl\/index.php\/2020\/10\/05\/ekoaktywni-2020\/#primaryimage\"},\"datePublished\":\"2020-10-05T11:15:05+00:00\",\"dateModified\":\"2020-10-05T11:15:05+00:00\",\"author\":{\"@id\":\"https:\/\/mdkoswiecim.pl\/#\/schema\/person\/0e7cbc6adf0824f1eef81bd40fa6bd02\"},\"breadcrumb\":{\"@id\":\"https:\/\/mdkoswiecim.pl\/index.php\/2020\/10\/05\/ekoaktywni-2020\/#breadcrumb\"},\"inLanguage\":\"pl-PL\",\"potentialAction\":[{\"@type\":\"ReadAction\",\"target\":[\"https:\/\/mdkoswiecim.pl\/index.php\/2020\/10\/05\/ekoaktywni-2020\/\"]}]},{\"@type\":\"BreadcrumbList\",\"@id\":\"https:\/\/mdkoswiecim.pl\/index.php\/2020\/10\/05\/ekoaktywni-2020\/#breadcrumb\",\"itemListElement\":[{\"@type\":\"ListItem\",\"position\":1,\"item\":{\"@type\":\"WebPage\",\"@id\":\"https:\/\/mdkoswiecim.pl\/\",\"url\":\"https:\/\/mdkoswiecim.pl\/\",\"name\":\"Strona g\\u0142\\u00f3wna\"}},{\"@type\":\"ListItem\",\"position\":2,\"item\":{\"@type\":\"WebPage\",\"@id\":\"https:\/\/mdkoswiecim.pl\/index.php\/2020\/10\/05\/ekoaktywni-2020\/\",\"url\":\"https:\/\/mdkoswiecim.pl\/index.php\/2020\/10\/05\/ekoaktywni-2020\/\",\"name\":\"EKOaktywni na Babiej G\\u00f3rze\"}}]},{\"@type\":\"Person\",\"@id\":\"https:\/\/mdkoswiecim.pl\/#\/schema\/person\/0e7cbc6adf0824f1eef81bd40fa6bd02\",\"name\":\"administrator\",\"image\":{\"@type\":\"ImageObject\",\"@id\":\"https:\/\/mdkoswiecim.pl\/#personlogo\",\"inLanguage\":\"pl-PL\",\"url\":\"https:\/\/secure.gravatar.com\/avatar\/6e9d257abb087139c4a57fd62b4f5246da1ae07278ea0e7cb7b596051975afd6?s=96&d=mm&r=g\",\"contentUrl\":\"https:\/\/secure.gravatar.com\/avatar\/6e9d257abb087139c4a57fd62b4f5246da1ae07278ea0e7cb7b596051975afd6?s=96&d=mm&r=g\",\"caption\":\"administrator\"},\"sameAs\":[\"http:\/\/mdrncmp.webd.pro\/mdkfortest\"]}]}<\/script>\n<!-- \/ Yoast SEO plugin. -->","_links":{"self":[{"href":"https:\/\/mdkoswiecim.pl\/index.php\/wp-json\/wp\/v2\/posts\/11741","targetHints":{"allow":["GET"]}}],"collection":[{"href":"https:\/\/mdkoswiecim.pl\/index.php\/wp-json\/wp\/v2\/posts"}],"about":[{"href":"https:\/\/mdkoswiecim.pl\/index.php\/wp-json\/wp\/v2\/types\/post"}],"author":[{"embeddable":true,"href":"https:\/\/mdkoswiecim.pl\/index.php\/wp-json\/wp\/v2\/users\/1"}],"replies":[{"embeddable":true,"href":"https:\/\/mdkoswiecim.pl\/index.php\/wp-json\/wp\/v2\/comments?post=11741"}],"version-history":[{"count":0,"href":"https:\/\/mdkoswiecim.pl\/index.php\/wp-json\/wp\/v2\/posts\/11741\/revisions"}],"wp:featuredmedia":[{"embeddable":true,"href":"https:\/\/mdkoswiecim.pl\/index.php\/wp-json\/"}],"wp:attachment":[{"href":"https:\/\/mdkoswiecim.pl\/index.php\/wp-json\/wp\/v2\/media?parent=11741"}],"wp:term":[{"taxonomy":"category","embeddable":true,"href":"https:\/\/mdkoswiecim.pl\/index.php\/wp-json\/wp\/v2\/categories?post=11741"},{"taxonomy":"post_tag","embeddable":true,"href":"https:\/\/mdkoswiecim.pl\/index.php\/wp-json\/wp\/v2\/tags?post=11741"}],"curies":[{"name":"wp","href":"https:\/\/api.w.org\/{rel}","templated":true}]}}