{"id":11733,"date":"2020-10-05T12:38:48","date_gmt":"2020-10-05T10:38:48","guid":{"rendered":"http:\/\/mdkoswiecim.pl\/?p=11733"},"modified":"2020-10-05T12:38:48","modified_gmt":"2020-10-05T10:38:48","slug":"kreatywni-2020-pz6-w-brzeszczach","status":"publish","type":"post","link":"https:\/\/mdkoswiecim.pl\/index.php\/2020\/10\/05\/kreatywni-2020-pz6-w-brzeszczach\/","title":{"rendered":"&#8220;Kreatywni 2020&#8221; &#8211; PZ6 w Brzeszczach"},"content":{"rendered":"\n<p>W pi\u0105tek 2 pa\u017adziernika 2020 r. komisja konkursowa M\u0142odzie\u017cowego Domu Kultury w O\u015bwi\u0119cimiu odwiedzi\u0142a Powiatowy Zesp\u00f3\u0142 Szk\u00f3\u0142 nr 6 w Brzeszczach. Celem ich wizyty by\u0142a kolejna ods\u0142ona Powiatowego Przegl\u0105du Artystycznego &#8220;Kreatywni 2020&#8221;. Uczniowie &#8220;sz\u00f3stki&#8221; zaprezentowali si\u0119 w kilku kategoriach: gra na keyboardzie i gitarze elektrycznej, \u015bpiew, taniec, prace plastyczne oraz literackie. <\/p>\n\n\n\n<p>Nagrodzono nast\u0119puj\u0105ce osoby:<\/p>\n\n\n\n<p>LAUREACI: Sebastian Munik, Bart\u0142omiej Fajfer, Alicja Korzu\u0144, Natalia Roczyna, Kacper Mrowczyk.<\/p>\n\n\n\n<p>WYR\u00d3\u017bNIENIE: Arkadiusz Ledwo\u0144.<\/p>\n\n\n\n<p>Gratulujemy wszystkim zwyci\u0119zcom \ud83d\ude42<\/p>\n\n\n\n<figure class=\"wp-block-gallery columns-5 is-cropped wp-block-gallery-1 is-layout-flex wp-block-gallery-is-layout-flex\"><ul class=\"blocks-gallery-grid\"><li class=\"blocks-gallery-item\"><figure><a href=\"https:\/\/mdkoswiecim.pl\/wp-content\/uploads\/2020\/10\/120530408_2780666922263899_2866405509529807387_-1.jpg\"><img decoding=\"async\" src=\"https:\/\/mdkoswiecim.pl\/wp-content\/uploads\/2020\/10\/120530408_2780666922263899_2866405509529807387_-1-768x1024.jpg\" alt=\"\" data-id=\"11793\" data-full-url=\"https:\/\/mdkoswiecim.pl\/wp-content\/uploads\/2020\/10\/120530408_2780666922263899_2866405509529807387_-1.jpg\" data-link=\"https:\/\/mdkoswiecim.pl\/2020\/10\/05\/kreatywni-2020-pz6-w-brzeszczach\/120530408_2780666922263899_2866405509529807387_-1\/\" class=\"wp-image-11793\"\/><\/a><\/figure><\/li><li class=\"blocks-gallery-item\"><figure><a href=\"https:\/\/mdkoswiecim.pl\/wp-content\/uploads\/2020\/10\/120552470_680574172576669_6019449362042917154_n-1.jpg\"><img decoding=\"async\" src=\"https:\/\/mdkoswiecim.pl\/wp-content\/uploads\/2020\/10\/120552470_680574172576669_6019449362042917154_n-1-768x1024.jpg\" alt=\"\" data-id=\"11794\" data-full-url=\"https:\/\/mdkoswiecim.pl\/wp-content\/uploads\/2020\/10\/120552470_680574172576669_6019449362042917154_n-1.jpg\" data-link=\"https:\/\/mdkoswiecim.pl\/2020\/10\/05\/kreatywni-2020-pz6-w-brzeszczach\/120552470_680574172576669_6019449362042917154_n-1\/\" class=\"wp-image-11794\"\/><\/a><figcaption class=\"blocks-gallery-item__caption\">Kreatywni w PZ6<\/figcaption><\/figure><\/li><li class=\"blocks-gallery-item\"><figure><a href=\"https:\/\/mdkoswiecim.pl\/wp-content\/uploads\/2020\/10\/120700623_985185281886965_5015352331662964735_n-1.jpg\"><img decoding=\"async\" src=\"https:\/\/mdkoswiecim.pl\/wp-content\/uploads\/2020\/10\/120700623_985185281886965_5015352331662964735_n-1-768x1024.jpg\" alt=\"\" data-id=\"11795\" data-full-url=\"https:\/\/mdkoswiecim.pl\/wp-content\/uploads\/2020\/10\/120700623_985185281886965_5015352331662964735_n-1.jpg\" data-link=\"https:\/\/mdkoswiecim.pl\/2020\/10\/05\/kreatywni-2020-pz6-w-brzeszczach\/120700623_985185281886965_5015352331662964735_n-1\/\" class=\"wp-image-11795\"\/><\/a><\/figure><\/li><li class=\"blocks-gallery-item\"><figure><a href=\"https:\/\/mdkoswiecim.pl\/wp-content\/uploads\/2020\/10\/120754998_4714778495229501_711293284434356112_n-1.jpg\"><img decoding=\"async\" src=\"https:\/\/mdkoswiecim.pl\/wp-content\/uploads\/2020\/10\/120754998_4714778495229501_711293284434356112_n-1-768x1024.jpg\" alt=\"\" data-id=\"11796\" data-full-url=\"https:\/\/mdkoswiecim.pl\/wp-content\/uploads\/2020\/10\/120754998_4714778495229501_711293284434356112_n-1.jpg\" data-link=\"https:\/\/mdkoswiecim.pl\/2020\/10\/05\/kreatywni-2020-pz6-w-brzeszczach\/120754998_4714778495229501_711293284434356112_n-1\/\" class=\"wp-image-11796\"\/><\/a><\/figure><\/li><li class=\"blocks-gallery-item\"><figure><a href=\"https:\/\/mdkoswiecim.pl\/wp-content\/uploads\/2020\/10\/120777401_386220649221849_6865691052102944601_n-1.jpg\"><img decoding=\"async\" src=\"https:\/\/mdkoswiecim.pl\/wp-content\/uploads\/2020\/10\/120777401_386220649221849_6865691052102944601_n-1-768x1024.jpg\" alt=\"\" data-id=\"11797\" data-full-url=\"https:\/\/mdkoswiecim.pl\/wp-content\/uploads\/2020\/10\/120777401_386220649221849_6865691052102944601_n-1.jpg\" data-link=\"https:\/\/mdkoswiecim.pl\/2020\/10\/05\/kreatywni-2020-pz6-w-brzeszczach\/120777401_386220649221849_6865691052102944601_n-1\/\" class=\"wp-image-11797\"\/><\/a><\/figure><\/li><li class=\"blocks-gallery-item\"><figure><a href=\"https:\/\/mdkoswiecim.pl\/wp-content\/uploads\/2020\/10\/received_253078519442264-scaled.jpeg\"><img decoding=\"async\" src=\"https:\/\/mdkoswiecim.pl\/wp-content\/uploads\/2020\/10\/received_253078519442264-766x1024.jpeg\" alt=\"\" data-id=\"11798\" data-full-url=\"https:\/\/mdkoswiecim.pl\/wp-content\/uploads\/2020\/10\/received_253078519442264-scaled.jpeg\" data-link=\"https:\/\/mdkoswiecim.pl\/2020\/10\/05\/kreatywni-2020-pz6-w-brzeszczach\/received_253078519442264\/\" class=\"wp-image-11798\"\/><\/a><\/figure><\/li><li class=\"blocks-gallery-item\"><figure><a href=\"https:\/\/mdkoswiecim.pl\/wp-content\/uploads\/2020\/10\/received_336060174146531-scaled.jpeg\"><img decoding=\"async\" src=\"https:\/\/mdkoswiecim.pl\/wp-content\/uploads\/2020\/10\/received_336060174146531-766x1024.jpeg\" alt=\"\" data-id=\"11799\" data-full-url=\"https:\/\/mdkoswiecim.pl\/wp-content\/uploads\/2020\/10\/received_336060174146531-scaled.jpeg\" data-link=\"https:\/\/mdkoswiecim.pl\/2020\/10\/05\/kreatywni-2020-pz6-w-brzeszczach\/received_336060174146531\/\" class=\"wp-image-11799\"\/><\/a><\/figure><\/li><li class=\"blocks-gallery-item\"><figure><a href=\"https:\/\/mdkoswiecim.pl\/wp-content\/uploads\/2020\/10\/received_343665856912195-scaled.jpeg\"><img decoding=\"async\" src=\"https:\/\/mdkoswiecim.pl\/wp-content\/uploads\/2020\/10\/received_343665856912195-766x1024.jpeg\" alt=\"\" data-id=\"11800\" data-full-url=\"https:\/\/mdkoswiecim.pl\/wp-content\/uploads\/2020\/10\/received_343665856912195-scaled.jpeg\" data-link=\"https:\/\/mdkoswiecim.pl\/2020\/10\/05\/kreatywni-2020-pz6-w-brzeszczach\/received_343665856912195\/\" class=\"wp-image-11800\"\/><\/a><\/figure><\/li><li class=\"blocks-gallery-item\"><figure><a href=\"https:\/\/mdkoswiecim.pl\/wp-content\/uploads\/2020\/10\/received_351038876014960-scaled.jpeg\"><img decoding=\"async\" src=\"https:\/\/mdkoswiecim.pl\/wp-content\/uploads\/2020\/10\/received_351038876014960-766x1024.jpeg\" alt=\"\" data-id=\"11801\" data-full-url=\"https:\/\/mdkoswiecim.pl\/wp-content\/uploads\/2020\/10\/received_351038876014960-scaled.jpeg\" data-link=\"https:\/\/mdkoswiecim.pl\/2020\/10\/05\/kreatywni-2020-pz6-w-brzeszczach\/received_351038876014960\/\" class=\"wp-image-11801\"\/><\/a><\/figure><\/li><li class=\"blocks-gallery-item\"><figure><a href=\"https:\/\/mdkoswiecim.pl\/wp-content\/uploads\/2020\/10\/received_365899938110325-scaled.jpeg\"><img decoding=\"async\" src=\"https:\/\/mdkoswiecim.pl\/wp-content\/uploads\/2020\/10\/received_365899938110325-766x1024.jpeg\" alt=\"\" data-id=\"11802\" data-full-url=\"https:\/\/mdkoswiecim.pl\/wp-content\/uploads\/2020\/10\/received_365899938110325-scaled.jpeg\" data-link=\"https:\/\/mdkoswiecim.pl\/2020\/10\/05\/kreatywni-2020-pz6-w-brzeszczach\/received_365899938110325\/\" class=\"wp-image-11802\"\/><\/a><\/figure><\/li><li class=\"blocks-gallery-item\"><figure><a href=\"https:\/\/mdkoswiecim.pl\/wp-content\/uploads\/2020\/10\/received_398426948225046-scaled.jpeg\"><img decoding=\"async\" src=\"https:\/\/mdkoswiecim.pl\/wp-content\/uploads\/2020\/10\/received_398426948225046-766x1024.jpeg\" alt=\"\" data-id=\"11804\" data-full-url=\"https:\/\/mdkoswiecim.pl\/wp-content\/uploads\/2020\/10\/received_398426948225046-scaled.jpeg\" data-link=\"https:\/\/mdkoswiecim.pl\/2020\/10\/05\/kreatywni-2020-pz6-w-brzeszczach\/received_398426948225046\/\" class=\"wp-image-11804\"\/><\/a><\/figure><\/li><li class=\"blocks-gallery-item\"><figure><a href=\"https:\/\/mdkoswiecim.pl\/wp-content\/uploads\/2020\/10\/received_461743028136574-scaled.jpeg\"><img decoding=\"async\" src=\"https:\/\/mdkoswiecim.pl\/wp-content\/uploads\/2020\/10\/received_461743028136574-1024x1024.jpeg\" alt=\"\" data-id=\"11805\" data-full-url=\"https:\/\/mdkoswiecim.pl\/wp-content\/uploads\/2020\/10\/received_461743028136574-scaled.jpeg\" data-link=\"https:\/\/mdkoswiecim.pl\/2020\/10\/05\/kreatywni-2020-pz6-w-brzeszczach\/received_461743028136574\/\" class=\"wp-image-11805\"\/><\/a><\/figure><\/li><li class=\"blocks-gallery-item\"><figure><a href=\"https:\/\/mdkoswiecim.pl\/wp-content\/uploads\/2020\/10\/received_627520074586013-scaled.jpeg\"><img decoding=\"async\" src=\"https:\/\/mdkoswiecim.pl\/wp-content\/uploads\/2020\/10\/received_627520074586013-1021x1024.jpeg\" alt=\"\" data-id=\"11806\" data-full-url=\"https:\/\/mdkoswiecim.pl\/wp-content\/uploads\/2020\/10\/received_627520074586013-scaled.jpeg\" data-link=\"https:\/\/mdkoswiecim.pl\/2020\/10\/05\/kreatywni-2020-pz6-w-brzeszczach\/received_627520074586013\/\" class=\"wp-image-11806\"\/><\/a><\/figure><\/li><li class=\"blocks-gallery-item\"><figure><a href=\"https:\/\/mdkoswiecim.pl\/wp-content\/uploads\/2020\/10\/received_683268288955901-scaled.jpeg\"><img decoding=\"async\" src=\"https:\/\/mdkoswiecim.pl\/wp-content\/uploads\/2020\/10\/received_683268288955901-766x1024.jpeg\" alt=\"\" data-id=\"11807\" data-full-url=\"https:\/\/mdkoswiecim.pl\/wp-content\/uploads\/2020\/10\/received_683268288955901-scaled.jpeg\" data-link=\"https:\/\/mdkoswiecim.pl\/2020\/10\/05\/kreatywni-2020-pz6-w-brzeszczach\/received_683268288955901\/\" class=\"wp-image-11807\"\/><\/a><\/figure><\/li><li class=\"blocks-gallery-item\"><figure><a href=\"https:\/\/mdkoswiecim.pl\/wp-content\/uploads\/2020\/10\/received_762074487978212-scaled.jpeg\"><img decoding=\"async\" src=\"https:\/\/mdkoswiecim.pl\/wp-content\/uploads\/2020\/10\/received_762074487978212-1024x768.jpeg\" alt=\"\" data-id=\"11808\" data-full-url=\"https:\/\/mdkoswiecim.pl\/wp-content\/uploads\/2020\/10\/received_762074487978212-scaled.jpeg\" data-link=\"https:\/\/mdkoswiecim.pl\/2020\/10\/05\/kreatywni-2020-pz6-w-brzeszczach\/received_762074487978212\/\" class=\"wp-image-11808\"\/><\/a><\/figure><\/li><li class=\"blocks-gallery-item\"><figure><a href=\"https:\/\/mdkoswiecim.pl\/wp-content\/uploads\/2020\/10\/received_811826422938948-scaled.jpeg\"><img decoding=\"async\" src=\"https:\/\/mdkoswiecim.pl\/wp-content\/uploads\/2020\/10\/received_811826422938948-1021x1024.jpeg\" alt=\"\" data-id=\"11809\" data-full-url=\"https:\/\/mdkoswiecim.pl\/wp-content\/uploads\/2020\/10\/received_811826422938948-scaled.jpeg\" data-link=\"https:\/\/mdkoswiecim.pl\/2020\/10\/05\/kreatywni-2020-pz6-w-brzeszczach\/received_811826422938948\/\" class=\"wp-image-11809\"\/><\/a><\/figure><\/li><li class=\"blocks-gallery-item\"><figure><a href=\"https:\/\/mdkoswiecim.pl\/wp-content\/uploads\/2020\/10\/received_962543937569214-scaled.jpeg\"><img decoding=\"async\" src=\"https:\/\/mdkoswiecim.pl\/wp-content\/uploads\/2020\/10\/received_962543937569214-766x1024.jpeg\" alt=\"\" data-id=\"11810\" data-full-url=\"https:\/\/mdkoswiecim.pl\/wp-content\/uploads\/2020\/10\/received_962543937569214-scaled.jpeg\" data-link=\"https:\/\/mdkoswiecim.pl\/2020\/10\/05\/kreatywni-2020-pz6-w-brzeszczach\/received_962543937569214\/\" class=\"wp-image-11810\"\/><\/a><\/figure><\/li><li class=\"blocks-gallery-item\"><figure><a href=\"https:\/\/mdkoswiecim.pl\/wp-content\/uploads\/2020\/10\/received_1027747820988352-1-scaled.jpeg\"><img decoding=\"async\" src=\"https:\/\/mdkoswiecim.pl\/wp-content\/uploads\/2020\/10\/received_1027747820988352-1-1024x768.jpeg\" alt=\"\" data-id=\"11811\" data-full-url=\"https:\/\/mdkoswiecim.pl\/wp-content\/uploads\/2020\/10\/received_1027747820988352-1-scaled.jpeg\" data-link=\"https:\/\/mdkoswiecim.pl\/2020\/10\/05\/kreatywni-2020-pz6-w-brzeszczach\/received_1027747820988352-1\/\" class=\"wp-image-11811\"\/><\/a><\/figure><\/li><li class=\"blocks-gallery-item\"><figure><a href=\"https:\/\/mdkoswiecim.pl\/wp-content\/uploads\/2020\/10\/received_1041203613017654-scaled.jpeg\"><img decoding=\"async\" src=\"https:\/\/mdkoswiecim.pl\/wp-content\/uploads\/2020\/10\/received_1041203613017654-1021x1024.jpeg\" alt=\"\" data-id=\"11812\" data-full-url=\"https:\/\/mdkoswiecim.pl\/wp-content\/uploads\/2020\/10\/received_1041203613017654-scaled.jpeg\" data-link=\"https:\/\/mdkoswiecim.pl\/2020\/10\/05\/kreatywni-2020-pz6-w-brzeszczach\/received_1041203613017654\/\" class=\"wp-image-11812\"\/><\/a><\/figure><\/li><li class=\"blocks-gallery-item\"><figure><a href=\"blob:https:\/\/mdkoswiecim.pl\/ca1ceca8-d9cb-48bd-90a6-42993882c6ba\"><img decoding=\"async\" src=\"blob:https:\/\/mdkoswiecim.pl\/ca1ceca8-d9cb-48bd-90a6-42993882c6ba\" data-id=\"\"\/><\/a><\/figure><\/li><li class=\"blocks-gallery-item\"><figure><a href=\"blob:https:\/\/mdkoswiecim.pl\/e3b6e16a-6c1f-424e-a3ae-43a118dfb098\"><img decoding=\"async\" src=\"blob:https:\/\/mdkoswiecim.pl\/e3b6e16a-6c1f-424e-a3ae-43a118dfb098\" data-id=\"\"\/><\/a><\/figure><\/li><li class=\"blocks-gallery-item\"><figure><a href=\"blob:https:\/\/mdkoswiecim.pl\/06a06ed8-023f-40e3-95e8-246af4f94a8d\"><img decoding=\"async\" src=\"blob:https:\/\/mdkoswiecim.pl\/06a06ed8-023f-40e3-95e8-246af4f94a8d\" data-id=\"\"\/><\/a><\/figure><\/li><\/ul><\/figure>\n\n\n\n<p><\/p>\n","protected":false},"excerpt":{"rendered":"<p>W pi\u0105tek 2 pa\u017adziernika 2020 r. komisja konkursowa M\u0142odzie\u017cowego Domu Kultury w O\u015bwi\u0119cimiu odwiedzi\u0142a Powiatowy Zesp\u00f3\u0142 Szk\u00f3\u0142 nr 6 w Brzeszczach. Celem ich wizyty by\u0142a kolejna ods\u0142ona Powiatowego Przegl\u0105du Artystycznego &#8220;Kreatywni 2020&#8221;. Uczniowie &#8220;sz\u00f3stki&#8221; zaprezentowali si\u0119 w kilku kategoriach: gra na keyboardzie i gitarze elektrycznej, \u015bpiew, taniec, prace plastyczne oraz literackie. Nagrodzono nast\u0119puj\u0105ce osoby: LAUREACI: [&hellip;]<\/p>\n","protected":false},"author":1,"featured_media":11803,"comment_status":"closed","ping_status":"closed","sticky":false,"template":"","format":"standard","meta":{"footnotes":""},"categories":[108],"tags":[],"class_list":["post-11733","post","type-post","status-publish","format-standard","has-post-thumbnail","hentry","category-aktualnosci"],"yoast_head":"<!-- This site is optimized with the Yoast SEO plugin v16.1.1 - https:\/\/yoast.com\/wordpress\/plugins\/seo\/ -->\n<title>&quot;Kreatywni 2020&quot; - PZ6 w Brzeszczach - MDK<\/title>\n<link rel=\"canonical\" href=\"https:\/\/mdkoswiecim.pl\/index.php\/2020\/10\/05\/kreatywni-2020-pz6-w-brzeszczach\/\" \/>\n<meta property=\"og:locale\" content=\"pl_PL\" \/>\n<meta property=\"og:type\" content=\"article\" \/>\n<meta property=\"og:title\" content=\"&quot;Kreatywni 2020&quot; - PZ6 w Brzeszczach - MDK\" \/>\n<meta property=\"og:description\" content=\"W pi\u0105tek 2 pa\u017adziernika 2020 r. komisja konkursowa M\u0142odzie\u017cowego Domu Kultury w O\u015bwi\u0119cimiu odwiedzi\u0142a Powiatowy Zesp\u00f3\u0142 Szk\u00f3\u0142 nr 6 w Brzeszczach. Celem ich wizyty by\u0142a kolejna ods\u0142ona Powiatowego Przegl\u0105du Artystycznego &#8220;Kreatywni 2020&#8221;. Uczniowie &#8220;sz\u00f3stki&#8221; zaprezentowali si\u0119 w kilku kategoriach: gra na keyboardzie i gitarze elektrycznej, \u015bpiew, taniec, prace plastyczne oraz literackie. Nagrodzono nast\u0119puj\u0105ce osoby: LAUREACI: [&hellip;]\" \/>\n<meta property=\"og:url\" content=\"https:\/\/mdkoswiecim.pl\/index.php\/2020\/10\/05\/kreatywni-2020-pz6-w-brzeszczach\/\" \/>\n<meta property=\"og:site_name\" content=\"MDK\" \/>\n<meta property=\"article:published_time\" content=\"2020-10-05T10:38:48+00:00\" \/>\n<meta name=\"twitter:card\" content=\"summary_large_image\" \/>\n<script type=\"application\/ld+json\" class=\"yoast-schema-graph\">{\"@context\":\"https:\/\/schema.org\",\"@graph\":[{\"@type\":\"WebSite\",\"@id\":\"https:\/\/mdkoswiecim.pl\/#website\",\"url\":\"https:\/\/mdkoswiecim.pl\/\",\"name\":\"MDK\",\"description\":\"M\\u0142odzie\\u017cowy Dom Kultury w O\\u015bwi\\u0119cimiu\",\"potentialAction\":[{\"@type\":\"SearchAction\",\"target\":\"https:\/\/mdkoswiecim.pl\/?s={search_term_string}\",\"query-input\":\"required name=search_term_string\"}],\"inLanguage\":\"pl-PL\"},{\"@type\":\"ImageObject\",\"@id\":\"https:\/\/mdkoswiecim.pl\/index.php\/2020\/10\/05\/kreatywni-2020-pz6-w-brzeszczach\/#primaryimage\",\"inLanguage\":\"pl-PL\",\"url\":\"\",\"contentUrl\":\"\"},{\"@type\":\"WebPage\",\"@id\":\"https:\/\/mdkoswiecim.pl\/index.php\/2020\/10\/05\/kreatywni-2020-pz6-w-brzeszczach\/#webpage\",\"url\":\"https:\/\/mdkoswiecim.pl\/index.php\/2020\/10\/05\/kreatywni-2020-pz6-w-brzeszczach\/\",\"name\":\"\\\"Kreatywni 2020\\\" - PZ6 w Brzeszczach - MDK\",\"isPartOf\":{\"@id\":\"https:\/\/mdkoswiecim.pl\/#website\"},\"primaryImageOfPage\":{\"@id\":\"https:\/\/mdkoswiecim.pl\/index.php\/2020\/10\/05\/kreatywni-2020-pz6-w-brzeszczach\/#primaryimage\"},\"datePublished\":\"2020-10-05T10:38:48+00:00\",\"dateModified\":\"2020-10-05T10:38:48+00:00\",\"author\":{\"@id\":\"https:\/\/mdkoswiecim.pl\/#\/schema\/person\/0e7cbc6adf0824f1eef81bd40fa6bd02\"},\"breadcrumb\":{\"@id\":\"https:\/\/mdkoswiecim.pl\/index.php\/2020\/10\/05\/kreatywni-2020-pz6-w-brzeszczach\/#breadcrumb\"},\"inLanguage\":\"pl-PL\",\"potentialAction\":[{\"@type\":\"ReadAction\",\"target\":[\"https:\/\/mdkoswiecim.pl\/index.php\/2020\/10\/05\/kreatywni-2020-pz6-w-brzeszczach\/\"]}]},{\"@type\":\"BreadcrumbList\",\"@id\":\"https:\/\/mdkoswiecim.pl\/index.php\/2020\/10\/05\/kreatywni-2020-pz6-w-brzeszczach\/#breadcrumb\",\"itemListElement\":[{\"@type\":\"ListItem\",\"position\":1,\"item\":{\"@type\":\"WebPage\",\"@id\":\"https:\/\/mdkoswiecim.pl\/\",\"url\":\"https:\/\/mdkoswiecim.pl\/\",\"name\":\"Strona g\\u0142\\u00f3wna\"}},{\"@type\":\"ListItem\",\"position\":2,\"item\":{\"@type\":\"WebPage\",\"@id\":\"https:\/\/mdkoswiecim.pl\/index.php\/2020\/10\/05\/kreatywni-2020-pz6-w-brzeszczach\/\",\"url\":\"https:\/\/mdkoswiecim.pl\/index.php\/2020\/10\/05\/kreatywni-2020-pz6-w-brzeszczach\/\",\"name\":\"&#8220;Kreatywni 2020&#8221; &#8211; PZ6 w Brzeszczach\"}}]},{\"@type\":\"Person\",\"@id\":\"https:\/\/mdkoswiecim.pl\/#\/schema\/person\/0e7cbc6adf0824f1eef81bd40fa6bd02\",\"name\":\"administrator\",\"image\":{\"@type\":\"ImageObject\",\"@id\":\"https:\/\/mdkoswiecim.pl\/#personlogo\",\"inLanguage\":\"pl-PL\",\"url\":\"https:\/\/secure.gravatar.com\/avatar\/6e9d257abb087139c4a57fd62b4f5246da1ae07278ea0e7cb7b596051975afd6?s=96&d=mm&r=g\",\"contentUrl\":\"https:\/\/secure.gravatar.com\/avatar\/6e9d257abb087139c4a57fd62b4f5246da1ae07278ea0e7cb7b596051975afd6?s=96&d=mm&r=g\",\"caption\":\"administrator\"},\"sameAs\":[\"http:\/\/mdrncmp.webd.pro\/mdkfortest\"]}]}<\/script>\n<!-- \/ Yoast SEO plugin. -->","_links":{"self":[{"href":"https:\/\/mdkoswiecim.pl\/index.php\/wp-json\/wp\/v2\/posts\/11733","targetHints":{"allow":["GET"]}}],"collection":[{"href":"https:\/\/mdkoswiecim.pl\/index.php\/wp-json\/wp\/v2\/posts"}],"about":[{"href":"https:\/\/mdkoswiecim.pl\/index.php\/wp-json\/wp\/v2\/types\/post"}],"author":[{"embeddable":true,"href":"https:\/\/mdkoswiecim.pl\/index.php\/wp-json\/wp\/v2\/users\/1"}],"replies":[{"embeddable":true,"href":"https:\/\/mdkoswiecim.pl\/index.php\/wp-json\/wp\/v2\/comments?post=11733"}],"version-history":[{"count":0,"href":"https:\/\/mdkoswiecim.pl\/index.php\/wp-json\/wp\/v2\/posts\/11733\/revisions"}],"wp:featuredmedia":[{"embeddable":true,"href":"https:\/\/mdkoswiecim.pl\/index.php\/wp-json\/"}],"wp:attachment":[{"href":"https:\/\/mdkoswiecim.pl\/index.php\/wp-json\/wp\/v2\/media?parent=11733"}],"wp:term":[{"taxonomy":"category","embeddable":true,"href":"https:\/\/mdkoswiecim.pl\/index.php\/wp-json\/wp\/v2\/categories?post=11733"},{"taxonomy":"post_tag","embeddable":true,"href":"https:\/\/mdkoswiecim.pl\/index.php\/wp-json\/wp\/v2\/tags?post=11733"}],"curies":[{"name":"wp","href":"https:\/\/api.w.org\/{rel}","templated":true}]}}