{"id":11608,"date":"2020-09-23T10:21:59","date_gmt":"2020-09-23T08:21:59","guid":{"rendered":"http:\/\/mdkoswiecim.pl\/?p=11608"},"modified":"2020-09-23T10:21:59","modified_gmt":"2020-09-23T08:21:59","slug":"podsumowanie-powiatowego-konkursu-plastycznego-kufer-wyobrazni","status":"publish","type":"post","link":"https:\/\/mdkoswiecim.pl\/index.php\/2020\/09\/23\/podsumowanie-powiatowego-konkursu-plastycznego-kufer-wyobrazni\/","title":{"rendered":"PODSUMOWANIE I POWIATOWEGO KONKURSU PLASTYCZNEGO &#8220;KUFER WYOBRA\u0179NI&#8221;"},"content":{"rendered":"<p>We wtorek 22 wrze\u015bnia br. w Piwnicy Artystycznej M\u0142odzie\u017cowego Domu Kultury w O\u015bwi\u0119cimiu mia\u0142o miejsce uroczyste podsumowanie I Powiatowego Konkursu Plastycznego &#8220;Kufer wyobra\u017ani&#8221;, obj\u0119tego patronatem Starosty O\u015bwi\u0119cimskiego. Nagrodzeni uczniowie szk\u00f3\u0142 podstawowych i \u015brednich nie tylko odebrali upominki i gratulacje, ale mieli okazj\u0119 obejrze\u0107 nagrodzone i wyr\u00f3\u017cnione prace. Pokonkursowy wernisa\u017c prac upi\u0119kszy\u0142 wn\u0119trze sali MDK i sta\u0142 si\u0119 dowodem na to, jak r\u00f3\u017cnie dzieci i m\u0142odzie\u017c postrzegaj\u0105 &#8220;Pi\u0119kno przyrody&#8221;, kt\u00f3re by\u0142o tematem pierwszej edycji konkursu.<\/p>\n<p>Go\u015bciem honorowym by\u0142a pani Teresa Jankowska &#8211; przedstawiciel Powiatu O\u015bwi\u0119cimskiego, kt\u00f3ra zachwyci\u0142a si\u0119 pi\u0119knem prac i stwierdzi\u0142a, \u017ce &#8220;P\u00f3ty cz\u0142owiek jest m\u0142ody, p\u00f3ki jest w nim pi\u0119kno, a prace konkursowe udowadniaj\u0105, ze ich tw\u00f3rcy b\u0119d\u0105 wiecznie m\u0142odzi&#8221;.<\/p>\n<p>Kilka s\u0142\u00f3w o konkursie powiedzia\u0142a r\u00f3wnie\u017c pani Ma\u0142gorzata Dom\u017ca\u0142, jego koordynator, kt\u00f3ra jednocze\u015bnie zaprosi\u0142a wszystkich do udzia\u0142u w drugiej edycji konkursu, nosz\u0105cej tytu\u0142 &#8220;Kolorowy zawr\u00f3t g\u0142owy&#8221;.<\/p>\n<p>Na konkurs nap\u0142yn\u0119\u0142o ponad 200 prac i, jak spuentowa\u0142a Teresa Jankowska &#8220;Kufer zosta\u0142 otwarty i z pewno\u015bci\u0105 zostanie zape\u0142niony pi\u0119knem&#8221;.<\/p>\n<p>Uroczysto\u015b\u0107 dope\u0142ni\u0142 koncert Marcina Jureckiego, trzykrotnego laureata Powiatowego Przegl\u0105du Artystycznego &#8220;Kreatywni&#8221; w towarzystwie nauczyciela MDK &#8211; Janusza Majcherka.<\/p>\n\n","protected":false},"excerpt":{"rendered":"<p>We wtorek 22 wrze\u015bnia br. w Piwnicy Artystycznej M\u0142odzie\u017cowego Domu Kultury w O\u015bwi\u0119cimiu mia\u0142o miejsce uroczyste podsumowanie I Powiatowego Konkursu Plastycznego &#8220;Kufer wyobra\u017ani&#8221;, obj\u0119tego patronatem Starosty O\u015bwi\u0119cimskiego. Nagrodzeni uczniowie szk\u00f3\u0142 podstawowych i \u015brednich nie tylko odebrali upominki i gratulacje, ale mieli okazj\u0119 obejrze\u0107 nagrodzone i wyr\u00f3\u017cnione prace. Pokonkursowy wernisa\u017c prac upi\u0119kszy\u0142 wn\u0119trze sali MDK i [&hellip;]<\/p>\n","protected":false},"author":1,"featured_media":11620,"comment_status":"closed","ping_status":"closed","sticky":false,"template":"","format":"standard","meta":{"footnotes":""},"categories":[108],"tags":[],"class_list":["post-11608","post","type-post","status-publish","format-standard","has-post-thumbnail","hentry","category-aktualnosci"],"yoast_head":"<!-- This site is optimized with the Yoast SEO plugin v16.1.1 - https:\/\/yoast.com\/wordpress\/plugins\/seo\/ -->\n<title>PODSUMOWANIE I POWIATOWEGO KONKURSU PLASTYCZNEGO &quot;KUFER WYOBRA\u0179NI&quot; - MDK<\/title>\n<link rel=\"canonical\" href=\"https:\/\/mdkoswiecim.pl\/index.php\/2020\/09\/23\/podsumowanie-powiatowego-konkursu-plastycznego-kufer-wyobrazni\/\" \/>\n<meta property=\"og:locale\" content=\"pl_PL\" \/>\n<meta property=\"og:type\" content=\"article\" \/>\n<meta property=\"og:title\" content=\"PODSUMOWANIE I POWIATOWEGO KONKURSU PLASTYCZNEGO &quot;KUFER WYOBRA\u0179NI&quot; - MDK\" \/>\n<meta property=\"og:description\" content=\"We wtorek 22 wrze\u015bnia br. w Piwnicy Artystycznej M\u0142odzie\u017cowego Domu Kultury w O\u015bwi\u0119cimiu mia\u0142o miejsce uroczyste podsumowanie I Powiatowego Konkursu Plastycznego &#8220;Kufer wyobra\u017ani&#8221;, obj\u0119tego patronatem Starosty O\u015bwi\u0119cimskiego. Nagrodzeni uczniowie szk\u00f3\u0142 podstawowych i \u015brednich nie tylko odebrali upominki i gratulacje, ale mieli okazj\u0119 obejrze\u0107 nagrodzone i wyr\u00f3\u017cnione prace. Pokonkursowy wernisa\u017c prac upi\u0119kszy\u0142 wn\u0119trze sali MDK i [&hellip;]\" \/>\n<meta property=\"og:url\" content=\"https:\/\/mdkoswiecim.pl\/index.php\/2020\/09\/23\/podsumowanie-powiatowego-konkursu-plastycznego-kufer-wyobrazni\/\" \/>\n<meta property=\"og:site_name\" content=\"MDK\" \/>\n<meta property=\"article:published_time\" content=\"2020-09-23T08:21:59+00:00\" \/>\n<meta name=\"twitter:card\" content=\"summary_large_image\" \/>\n<meta name=\"twitter:label1\" content=\"Szacowany czas czytania\">\n\t<meta name=\"twitter:data1\" content=\"1 minuta\">\n<script type=\"application\/ld+json\" class=\"yoast-schema-graph\">{\"@context\":\"https:\/\/schema.org\",\"@graph\":[{\"@type\":\"WebSite\",\"@id\":\"https:\/\/mdkoswiecim.pl\/#website\",\"url\":\"https:\/\/mdkoswiecim.pl\/\",\"name\":\"MDK\",\"description\":\"M\\u0142odzie\\u017cowy Dom Kultury w O\\u015bwi\\u0119cimiu\",\"potentialAction\":[{\"@type\":\"SearchAction\",\"target\":\"https:\/\/mdkoswiecim.pl\/?s={search_term_string}\",\"query-input\":\"required name=search_term_string\"}],\"inLanguage\":\"pl-PL\"},{\"@type\":\"ImageObject\",\"@id\":\"https:\/\/mdkoswiecim.pl\/index.php\/2020\/09\/23\/podsumowanie-powiatowego-konkursu-plastycznego-kufer-wyobrazni\/#primaryimage\",\"inLanguage\":\"pl-PL\",\"url\":\"\",\"contentUrl\":\"\"},{\"@type\":\"WebPage\",\"@id\":\"https:\/\/mdkoswiecim.pl\/index.php\/2020\/09\/23\/podsumowanie-powiatowego-konkursu-plastycznego-kufer-wyobrazni\/#webpage\",\"url\":\"https:\/\/mdkoswiecim.pl\/index.php\/2020\/09\/23\/podsumowanie-powiatowego-konkursu-plastycznego-kufer-wyobrazni\/\",\"name\":\"PODSUMOWANIE I POWIATOWEGO KONKURSU PLASTYCZNEGO \\\"KUFER WYOBRA\\u0179NI\\\" - MDK\",\"isPartOf\":{\"@id\":\"https:\/\/mdkoswiecim.pl\/#website\"},\"primaryImageOfPage\":{\"@id\":\"https:\/\/mdkoswiecim.pl\/index.php\/2020\/09\/23\/podsumowanie-powiatowego-konkursu-plastycznego-kufer-wyobrazni\/#primaryimage\"},\"datePublished\":\"2020-09-23T08:21:59+00:00\",\"dateModified\":\"2020-09-23T08:21:59+00:00\",\"author\":{\"@id\":\"https:\/\/mdkoswiecim.pl\/#\/schema\/person\/0e7cbc6adf0824f1eef81bd40fa6bd02\"},\"breadcrumb\":{\"@id\":\"https:\/\/mdkoswiecim.pl\/index.php\/2020\/09\/23\/podsumowanie-powiatowego-konkursu-plastycznego-kufer-wyobrazni\/#breadcrumb\"},\"inLanguage\":\"pl-PL\",\"potentialAction\":[{\"@type\":\"ReadAction\",\"target\":[\"https:\/\/mdkoswiecim.pl\/index.php\/2020\/09\/23\/podsumowanie-powiatowego-konkursu-plastycznego-kufer-wyobrazni\/\"]}]},{\"@type\":\"BreadcrumbList\",\"@id\":\"https:\/\/mdkoswiecim.pl\/index.php\/2020\/09\/23\/podsumowanie-powiatowego-konkursu-plastycznego-kufer-wyobrazni\/#breadcrumb\",\"itemListElement\":[{\"@type\":\"ListItem\",\"position\":1,\"item\":{\"@type\":\"WebPage\",\"@id\":\"https:\/\/mdkoswiecim.pl\/\",\"url\":\"https:\/\/mdkoswiecim.pl\/\",\"name\":\"Strona g\\u0142\\u00f3wna\"}},{\"@type\":\"ListItem\",\"position\":2,\"item\":{\"@type\":\"WebPage\",\"@id\":\"https:\/\/mdkoswiecim.pl\/index.php\/2020\/09\/23\/podsumowanie-powiatowego-konkursu-plastycznego-kufer-wyobrazni\/\",\"url\":\"https:\/\/mdkoswiecim.pl\/index.php\/2020\/09\/23\/podsumowanie-powiatowego-konkursu-plastycznego-kufer-wyobrazni\/\",\"name\":\"PODSUMOWANIE I POWIATOWEGO KONKURSU PLASTYCZNEGO &#8220;KUFER WYOBRA\\u0179NI&#8221;\"}}]},{\"@type\":\"Person\",\"@id\":\"https:\/\/mdkoswiecim.pl\/#\/schema\/person\/0e7cbc6adf0824f1eef81bd40fa6bd02\",\"name\":\"administrator\",\"image\":{\"@type\":\"ImageObject\",\"@id\":\"https:\/\/mdkoswiecim.pl\/#personlogo\",\"inLanguage\":\"pl-PL\",\"url\":\"https:\/\/secure.gravatar.com\/avatar\/6e9d257abb087139c4a57fd62b4f5246da1ae07278ea0e7cb7b596051975afd6?s=96&d=mm&r=g\",\"contentUrl\":\"https:\/\/secure.gravatar.com\/avatar\/6e9d257abb087139c4a57fd62b4f5246da1ae07278ea0e7cb7b596051975afd6?s=96&d=mm&r=g\",\"caption\":\"administrator\"},\"sameAs\":[\"http:\/\/mdrncmp.webd.pro\/mdkfortest\"]}]}<\/script>\n<!-- \/ Yoast SEO plugin. -->","_links":{"self":[{"href":"https:\/\/mdkoswiecim.pl\/index.php\/wp-json\/wp\/v2\/posts\/11608","targetHints":{"allow":["GET"]}}],"collection":[{"href":"https:\/\/mdkoswiecim.pl\/index.php\/wp-json\/wp\/v2\/posts"}],"about":[{"href":"https:\/\/mdkoswiecim.pl\/index.php\/wp-json\/wp\/v2\/types\/post"}],"author":[{"embeddable":true,"href":"https:\/\/mdkoswiecim.pl\/index.php\/wp-json\/wp\/v2\/users\/1"}],"replies":[{"embeddable":true,"href":"https:\/\/mdkoswiecim.pl\/index.php\/wp-json\/wp\/v2\/comments?post=11608"}],"version-history":[{"count":0,"href":"https:\/\/mdkoswiecim.pl\/index.php\/wp-json\/wp\/v2\/posts\/11608\/revisions"}],"wp:featuredmedia":[{"embeddable":true,"href":"https:\/\/mdkoswiecim.pl\/index.php\/wp-json\/"}],"wp:attachment":[{"href":"https:\/\/mdkoswiecim.pl\/index.php\/wp-json\/wp\/v2\/media?parent=11608"}],"wp:term":[{"taxonomy":"category","embeddable":true,"href":"https:\/\/mdkoswiecim.pl\/index.php\/wp-json\/wp\/v2\/categories?post=11608"},{"taxonomy":"post_tag","embeddable":true,"href":"https:\/\/mdkoswiecim.pl\/index.php\/wp-json\/wp\/v2\/tags?post=11608"}],"curies":[{"name":"wp","href":"https:\/\/api.w.org\/{rel}","templated":true}]}}