{"id":11584,"date":"2020-09-18T12:31:13","date_gmt":"2020-09-18T10:31:13","guid":{"rendered":"http:\/\/mdkoswiecim.pl\/?p=11584"},"modified":"2020-09-18T12:31:13","modified_gmt":"2020-09-18T10:31:13","slug":"zmiany-organizacji-konkursow","status":"publish","type":"post","link":"https:\/\/mdkoswiecim.pl\/index.php\/2020\/09\/18\/zmiany-organizacji-konkursow\/","title":{"rendered":"ZMIANY W ORGANIZACJI KONKURS\u00d3W"},"content":{"rendered":"<p>W zwi\u0105zku z trudn\u0105 sytuacj\u0105 spowodowan\u0105 pandemi\u0105 i trosk\u0105 dyrektor\u00f3w szk\u00f3\u0142 o zdrowie swoich uczni\u00f3w, informujemy, \u017ce istnieje mo\u017cliwo\u015b\u0107 zg\u0142aszania dzieci i m\u0142odzie\u017cy do wszystkich konkurs\u00f3w przez nas organizowanych indywidualnie przez ich rodzic\u00f3w, nie tylko za po\u015brednictwem szko\u0142y. W takim przypadku na karcie zg\u0142oszenia, w miejscu na podpis dyrektora, podpisuje si\u0119 rodzic lub prawny opiekun dziecka.<\/p>\n","protected":false},"excerpt":{"rendered":"<p>W zwi\u0105zku z trudn\u0105 sytuacj\u0105 spowodowan\u0105 pandemi\u0105 i trosk\u0105 dyrektor\u00f3w szk\u00f3\u0142 o zdrowie swoich uczni\u00f3w, informujemy, \u017ce istnieje mo\u017cliwo\u015b\u0107 zg\u0142aszania dzieci i m\u0142odzie\u017cy do wszystkich konkurs\u00f3w przez nas organizowanych indywidualnie przez ich rodzic\u00f3w, nie tylko za po\u015brednictwem szko\u0142y. W takim przypadku na karcie zg\u0142oszenia, w miejscu na podpis dyrektora, podpisuje si\u0119 rodzic lub prawny opiekun [&hellip;]<\/p>\n","protected":false},"author":1,"featured_media":5068,"comment_status":"closed","ping_status":"closed","sticky":false,"template":"","format":"standard","meta":{"footnotes":""},"categories":[108],"tags":[],"class_list":["post-11584","post","type-post","status-publish","format-standard","has-post-thumbnail","hentry","category-aktualnosci"],"yoast_head":"<!-- This site is optimized with the Yoast SEO plugin v16.1.1 - https:\/\/yoast.com\/wordpress\/plugins\/seo\/ -->\n<title>ZMIANY W ORGANIZACJI KONKURS\u00d3W - MDK<\/title>\n<link rel=\"canonical\" href=\"https:\/\/mdkoswiecim.pl\/index.php\/2020\/09\/18\/zmiany-organizacji-konkursow\/\" \/>\n<meta property=\"og:locale\" content=\"pl_PL\" \/>\n<meta property=\"og:type\" content=\"article\" \/>\n<meta property=\"og:title\" content=\"ZMIANY W ORGANIZACJI KONKURS\u00d3W - MDK\" \/>\n<meta property=\"og:description\" content=\"W zwi\u0105zku z trudn\u0105 sytuacj\u0105 spowodowan\u0105 pandemi\u0105 i trosk\u0105 dyrektor\u00f3w szk\u00f3\u0142 o zdrowie swoich uczni\u00f3w, informujemy, \u017ce istnieje mo\u017cliwo\u015b\u0107 zg\u0142aszania dzieci i m\u0142odzie\u017cy do wszystkich konkurs\u00f3w przez nas organizowanych indywidualnie przez ich rodzic\u00f3w, nie tylko za po\u015brednictwem szko\u0142y. W takim przypadku na karcie zg\u0142oszenia, w miejscu na podpis dyrektora, podpisuje si\u0119 rodzic lub prawny opiekun [&hellip;]\" \/>\n<meta property=\"og:url\" content=\"https:\/\/mdkoswiecim.pl\/index.php\/2020\/09\/18\/zmiany-organizacji-konkursow\/\" \/>\n<meta property=\"og:site_name\" content=\"MDK\" \/>\n<meta property=\"article:published_time\" content=\"2020-09-18T10:31:13+00:00\" \/>\n<meta name=\"twitter:card\" content=\"summary_large_image\" \/>\n<script type=\"application\/ld+json\" class=\"yoast-schema-graph\">{\"@context\":\"https:\/\/schema.org\",\"@graph\":[{\"@type\":\"WebSite\",\"@id\":\"https:\/\/mdkoswiecim.pl\/#website\",\"url\":\"https:\/\/mdkoswiecim.pl\/\",\"name\":\"MDK\",\"description\":\"M\\u0142odzie\\u017cowy Dom Kultury w O\\u015bwi\\u0119cimiu\",\"potentialAction\":[{\"@type\":\"SearchAction\",\"target\":\"https:\/\/mdkoswiecim.pl\/?s={search_term_string}\",\"query-input\":\"required name=search_term_string\"}],\"inLanguage\":\"pl-PL\"},{\"@type\":\"ImageObject\",\"@id\":\"https:\/\/mdkoswiecim.pl\/index.php\/2020\/09\/18\/zmiany-organizacji-konkursow\/#primaryimage\",\"inLanguage\":\"pl-PL\",\"url\":\"\",\"contentUrl\":\"\"},{\"@type\":\"WebPage\",\"@id\":\"https:\/\/mdkoswiecim.pl\/index.php\/2020\/09\/18\/zmiany-organizacji-konkursow\/#webpage\",\"url\":\"https:\/\/mdkoswiecim.pl\/index.php\/2020\/09\/18\/zmiany-organizacji-konkursow\/\",\"name\":\"ZMIANY W ORGANIZACJI KONKURS\\u00d3W - MDK\",\"isPartOf\":{\"@id\":\"https:\/\/mdkoswiecim.pl\/#website\"},\"primaryImageOfPage\":{\"@id\":\"https:\/\/mdkoswiecim.pl\/index.php\/2020\/09\/18\/zmiany-organizacji-konkursow\/#primaryimage\"},\"datePublished\":\"2020-09-18T10:31:13+00:00\",\"dateModified\":\"2020-09-18T10:31:13+00:00\",\"author\":{\"@id\":\"https:\/\/mdkoswiecim.pl\/#\/schema\/person\/0e7cbc6adf0824f1eef81bd40fa6bd02\"},\"breadcrumb\":{\"@id\":\"https:\/\/mdkoswiecim.pl\/index.php\/2020\/09\/18\/zmiany-organizacji-konkursow\/#breadcrumb\"},\"inLanguage\":\"pl-PL\",\"potentialAction\":[{\"@type\":\"ReadAction\",\"target\":[\"https:\/\/mdkoswiecim.pl\/index.php\/2020\/09\/18\/zmiany-organizacji-konkursow\/\"]}]},{\"@type\":\"BreadcrumbList\",\"@id\":\"https:\/\/mdkoswiecim.pl\/index.php\/2020\/09\/18\/zmiany-organizacji-konkursow\/#breadcrumb\",\"itemListElement\":[{\"@type\":\"ListItem\",\"position\":1,\"item\":{\"@type\":\"WebPage\",\"@id\":\"https:\/\/mdkoswiecim.pl\/\",\"url\":\"https:\/\/mdkoswiecim.pl\/\",\"name\":\"Strona g\\u0142\\u00f3wna\"}},{\"@type\":\"ListItem\",\"position\":2,\"item\":{\"@type\":\"WebPage\",\"@id\":\"https:\/\/mdkoswiecim.pl\/index.php\/2020\/09\/18\/zmiany-organizacji-konkursow\/\",\"url\":\"https:\/\/mdkoswiecim.pl\/index.php\/2020\/09\/18\/zmiany-organizacji-konkursow\/\",\"name\":\"ZMIANY W ORGANIZACJI KONKURS\\u00d3W\"}}]},{\"@type\":\"Person\",\"@id\":\"https:\/\/mdkoswiecim.pl\/#\/schema\/person\/0e7cbc6adf0824f1eef81bd40fa6bd02\",\"name\":\"administrator\",\"image\":{\"@type\":\"ImageObject\",\"@id\":\"https:\/\/mdkoswiecim.pl\/#personlogo\",\"inLanguage\":\"pl-PL\",\"url\":\"https:\/\/secure.gravatar.com\/avatar\/6e9d257abb087139c4a57fd62b4f5246da1ae07278ea0e7cb7b596051975afd6?s=96&d=mm&r=g\",\"contentUrl\":\"https:\/\/secure.gravatar.com\/avatar\/6e9d257abb087139c4a57fd62b4f5246da1ae07278ea0e7cb7b596051975afd6?s=96&d=mm&r=g\",\"caption\":\"administrator\"},\"sameAs\":[\"http:\/\/mdrncmp.webd.pro\/mdkfortest\"]}]}<\/script>\n<!-- \/ Yoast SEO plugin. -->","_links":{"self":[{"href":"https:\/\/mdkoswiecim.pl\/index.php\/wp-json\/wp\/v2\/posts\/11584","targetHints":{"allow":["GET"]}}],"collection":[{"href":"https:\/\/mdkoswiecim.pl\/index.php\/wp-json\/wp\/v2\/posts"}],"about":[{"href":"https:\/\/mdkoswiecim.pl\/index.php\/wp-json\/wp\/v2\/types\/post"}],"author":[{"embeddable":true,"href":"https:\/\/mdkoswiecim.pl\/index.php\/wp-json\/wp\/v2\/users\/1"}],"replies":[{"embeddable":true,"href":"https:\/\/mdkoswiecim.pl\/index.php\/wp-json\/wp\/v2\/comments?post=11584"}],"version-history":[{"count":0,"href":"https:\/\/mdkoswiecim.pl\/index.php\/wp-json\/wp\/v2\/posts\/11584\/revisions"}],"wp:featuredmedia":[{"embeddable":true,"href":"https:\/\/mdkoswiecim.pl\/index.php\/wp-json\/"}],"wp:attachment":[{"href":"https:\/\/mdkoswiecim.pl\/index.php\/wp-json\/wp\/v2\/media?parent=11584"}],"wp:term":[{"taxonomy":"category","embeddable":true,"href":"https:\/\/mdkoswiecim.pl\/index.php\/wp-json\/wp\/v2\/categories?post=11584"},{"taxonomy":"post_tag","embeddable":true,"href":"https:\/\/mdkoswiecim.pl\/index.php\/wp-json\/wp\/v2\/tags?post=11584"}],"curies":[{"name":"wp","href":"https:\/\/api.w.org\/{rel}","templated":true}]}}